{"id":6500,"date":"2012-03-06T09:26:56","date_gmt":"2012-03-06T08:26:56","guid":{"rendered":"https:\/\/mag.ebmpapst.com\/de\/?p=6500"},"modified":"2024-02-21T11:00:51","modified_gmt":"2024-02-21T10:00:51","slug":"was-fordert-die-erp-richtlinie","status":"publish","type":"post","link":"https:\/\/mag.ebmpapst.com\/de\/allgemein\/was-fordert-die-erp-richtlinie_6500\/","title":{"rendered":"Was fordert die ErP-Richt\u00adlinie?"},"content":{"rendered":"<p>Die Euro\u00adp\u00e4i\u00adsche Union hat sich mit Verab\u00adschie\u00addung des Kyoto-Proto\u00adkolls verpflichtet, die CO<sub>2<\/sub>-Emis\u00adsion bis 2020 um mindes\u00adtens 20 Prozent zu redu\u00adzieren. Eine Ma\u00dfnahme dies zu errei\u00adchen, ist die 2005 von der EU verab\u00adschie\u00addete EuP-Richt\u00adlinie (Energy using products-Direc\u00adtive), die 2009 in ErP-Richt\u00adlinie (Energy related Products-Direc\u00adtive) umbe\u00adnannt wurde und in Deutsch\u00adland auch unter der Bezeich\u00adnung \u00d6kode\u00adsign-Richt\u00adlinie bekannt ist.<\/p>\n<p>Dabei gibt die EU einen zwei\u00adstu\u00adfigen Plan vor und legt an Venti\u00adla\u00adtoren strenge Ma\u00dfst\u00e4be an, damit in Europa k\u00fcnftig keine \u201eEner\u00adgie\u00adfresser\u201c mehr in Verkehr gebracht werden: <strong>Ab 01.01.2013 gilt die erste Stufe,<\/strong> nach der sch\u00e4t\u00adzungs\u00adweise rund 30 Prozent aller momentan am Markt verf\u00fcg\u00adbaren Venti\u00adla\u00adtoren den euro\u00adp\u00e4i\u00adschen Bestim\u00admungen nicht mehr gen\u00fcgen werden.<\/p>\n<p><strong>Ab 2015 werden in der zweiten Stufe<\/strong> etwa weitere 20 Prozent durch effi\u00adzi\u00aden\u00adtere Produkte ersetzt, die dann die vorge\u00adschrie\u00adbenen Mindest\u00adwir\u00adkungs\u00adgrade errei\u00adchen. Venti\u00adla\u00adtoren, die der Verord\u00adnung entspre\u00adchen, erkennt der Anwender an der CE-Kenn\u00adzeich\u00adnung, bei der die Ener\u00adgie\u00adef\u00adfi\u00adzienz dann den glei\u00adchen Stel\u00adlen\u00adwert einnimmt, wie das Einhalten der Nieder\u00adspan\u00adnungs- oder EMV-Richt\u00adlinie. Ein Labe\u00adling wie bei Wasch\u00adma\u00adschinen, K\u00fchl\u00adschr\u00e4nken etc. ist bei Venti\u00adla\u00adtoren nicht vorge\u00adsehen, da der Venti\u00adla\u00adtoren-Hersteller meist keinen Einfluss auf die Einbau\u00adge\u00adge\u00adben\u00adheiten hat.<\/p>\n<div id=\"attachment_6338\" class=\"wp-caption alignleft\" style=\"width: 150px\"><a title=\"EC-Motoren (gr\u00fcn) \u00fcbertreffen das von der Durchf\u00fchrungsverordnung f\u00fcr AC Motoren (andere Farben) geforderte Effizienzniveau deutlich\" href=\"https:\/\/ebmpapst-7237.kxcdn.com\/de\/files\/2012\/02\/Bild_7_EC-Motoren_sm.jpg\" rel=\"lightbox\"><img decoding=\"async\" class=\"size-medium wp-image-6338\" title=\"Foto | ebm-papst\" src=\"https:\/\/ebmpapst-7237.kxcdn.com\/de\/files\/2012\/02\/Bild_7_EC-Motoren_sm.jpg\" alt width=\"150\"><\/a><div class=\"wp-caption-border\"><p class=\"wp-caption-text\">EC-Motoren (gr\u00fcn) \u00fcber\u00adtreffen das von der Durch\u00adf\u00fch\u00adrungs\u00adver\u00adord\u00adnung f\u00fcr AC Motoren (andere Farben) gefor\u00adderte Effi\u00adzi\u00adenz\u00adni\u00adveau deut\u00adlich<\/p><\/div><\/div>\n<h2>ErP-Durch\u00adf\u00fch\u00adrungs\u00adver\u00adord\u00adnung f\u00fcr Motoren<\/h2>\n<p>Was f\u00fcr die Venti\u00adla\u00adtoren gilt, gilt prin\u00adzi\u00adpiell auch f\u00fcr Elek\u00adtro\u00admo\u00adtoren. In diesem Zusam\u00admen\u00adhang kommt es jedoch oft zu Unklar\u00adheiten und Miss\u00adver\u00adst\u00e4nd\u00adnissen. Tatsache ist, dass Elek\u00adtro\u00admo\u00adtoren ab Juni 2011 gem\u00e4\u00df der ErP-Durch\u00adf\u00fch\u00adrungs\u00adver\u00adord\u00adnung Nr. 2009\/640\/EG der Euro\u00adp\u00e4i\u00adschen Union mindes\u00adtens die Effi\u00adzi\u00adenz\u00adklasse IE2 errei\u00adchen m\u00fcssen. Als \u201eMotor\u201c bezeichnet die Verord\u00adnung \u201eeinen f\u00fcr den Dauer\u00adbe\u00adtrieb ausge\u00adlegten eintou\u00adrigen Drei\u00adphasen-K\u00e4fig\u00adl\u00e4ufer-Induk\u00adti\u00adons\u00admotor in 2-, 4- bzw. 6-poliger Ausf\u00fch\u00adrung, mit einem Nenn\u00adspan\u00adnungs\u00adbe\u00adreich bis 1.000 V und Nenn\u00adaus\u00adgangs\u00adleis\u00adtungen zwischen 0,75 kW und 375 kW\u201c.<\/p>\n<p><strong>EC-Au\u00dfen\u00adl\u00e4u\u00adfer\u00admo\u00adtoren,<\/strong> die z.B. als Antriebe in ener\u00adgie\u00adef\u00adfi\u00adzi\u00adenten Venti\u00adla\u00adtoren einge\u00adsetzt werden, sind somit von dieser Verord\u00adnung nicht betroffen. Dennoch lassen sich aber ihre Wirkungs\u00adgrade mit denen in der Verord\u00adnung gefor\u00adderten Werten verglei\u00adchen. Dabei wird deut\u00adlich, dass die EC-Motoren das dort verlangte Effi\u00adzi\u00adenz\u00adni\u00adveau deut\u00adlich \u00fcber\u00adtreffen. Dies zeigt, dass die EC-Moto\u00adren\u00adtechnik bei der Planung von ener\u00adgie\u00adef\u00adfi\u00adzi\u00adenten Ger\u00e4ten und Anlagen die bessere Alter\u00adna\u00adtive darstellt.<\/p>\n","protected":false},"excerpt":{"rendered":"<p>Die Euro\u00adp\u00e4i\u00adsche Union hat sich mit Verab\u00adschie\u00addung des Kyoto-Proto\u00ad\u00adkolls verpflichtet, die CO2-Emis\u00ad\u00adsion bis 2020 um mindes\u00adtens 20 Prozent zu redu\u00adzieren. Eine Ma\u00dfnahme dies zu errei\u00adchen, ist die 2005 von der EU verab\u00adschie\u00addete EuP-Rich\u00adt\u00ad\u00adlinie (Energy using products-Direc\u00ad\u00adtive), die 2009 in ErP-Rich\u00adt\u00ad\u00adlinie (Energy related Products-Direc\u00ad\u00adtive) umbe\u00adnannt wurde und in Deutsch\u00adland auch unter der Bezeich\u00adnung \u00d6kode\u00ad\u00adsign-Rich\u00adt\u00ad\u00adlinie bekannt ist. [\u2026]<\/p>\n","protected":false},"author":6,"featured_media":0,"comment_status":"open","ping_status":"open","sticky":false,"template":"","format":"standard","meta":{"_acf_changed":false,"wp_typography_post_enhancements_disabled":false,"footnotes":""},"categories":[1,91],"tags":[],"class_list":["post-6500","post","type-post","status-publish","format-standard","hentry","category-allgemein","category-erp"],"acf":[],"_links":{"self":[{"href":"https:\/\/mag.ebmpapst.com\/de\/wp-json\/wp\/v2\/posts\/6500","targetHints":{"allow":["GET"]}}],"collection":[{"href":"https:\/\/mag.ebmpapst.com\/de\/wp-json\/wp\/v2\/posts"}],"about":[{"href":"https:\/\/mag.ebmpapst.com\/de\/wp-json\/wp\/v2\/types\/post"}],"author":[{"embeddable":true,"href":"https:\/\/mag.ebmpapst.com\/de\/wp-json\/wp\/v2\/users\/6"}],"replies":[{"embeddable":true,"href":"https:\/\/mag.ebmpapst.com\/de\/wp-json\/wp\/v2\/comments?post=6500"}],"version-history":[{"count":1,"href":"https:\/\/mag.ebmpapst.com\/de\/wp-json\/wp\/v2\/posts\/6500\/revisions"}],"predecessor-version":[{"id":31694,"href":"https:\/\/mag.ebmpapst.com\/de\/wp-json\/wp\/v2\/posts\/6500\/revisions\/31694"}],"wp:attachment":[{"href":"https:\/\/mag.ebmpapst.com\/de\/wp-json\/wp\/v2\/media?parent=6500"}],"wp:term":[{"taxonomy":"category","embeddable":true,"href":"https:\/\/mag.ebmpapst.com\/de\/wp-json\/wp\/v2\/categories?post=6500"},{"taxonomy":"post_tag","embeddable":true,"href":"https:\/\/mag.ebmpapst.com\/de\/wp-json\/wp\/v2\/tags?post=6500"}],"curies":[{"name":"wp","href":"https:\/\/api.w.org\/{rel}","templated":true}]}}