{"id":39153,"date":"2025-11-11T08:36:11","date_gmt":"2025-11-11T07:36:11","guid":{"rendered":"https:\/\/mag.ebmpapst.com\/de\/?p=39153"},"modified":"2025-11-25T15:34:37","modified_gmt":"2025-11-25T14:34:37","slug":"gruener-wasserstoff-xintc-modulare-elektrolyseure","status":"publish","type":"post","link":"https:\/\/mag.ebmpapst.com\/de\/branchen\/kaelte-klima\/gruener-wasserstoff-xintc-modulare-elektrolyseure_39153\/","title":{"rendered":"Gr\u00fcner Wasser\u00adstoff aus der W\u00fcste"},"content":{"rendered":"\n<p>Wasser\u00adstoff als Ener\u00adgie\u00adtr\u00e4ger ist eigent\u00adlich eine saubere Sache! Bei seiner Verwer\u00adtung entsteht ledig\u00adlich Wasser\u00addampf \u2013 keine Schad\u00adstoffe, kein CO\u2082. Es gibt aller\u00addings einen Haken: Die Herstel\u00adlung kostet Energie. Stammt die aus Kohle oder Erdgas, ist es mit der guten Klima\u00adbi\u00adlanz gleich wieder vorbei. Echter \u201egr\u00fcner\u201c Wasser\u00adstoff braucht daher Energie aus erneu\u00ader\u00adbaren Quellen wie Sonne und Wind. Davon gibt es beson\u00adders viel an abge\u00adle\u00adgenen Orten, wie zum Beispiel W\u00fcsten. Und hier ist die Krux: Anlagen zur Wasser\u00adstoff\u00adpro\u00adduk\u00adtion \u2013 soge\u00adnannte Elek\u00adtro\u00adly\u00adseure \u2013 sind teuer, komplex und wartungs\u00adin\u00adtensiv. Sie ben\u00f6\u00adtigen aufwen\u00addige Infra\u00adstruk\u00adturen und lassen sich nicht einfach anpassen oder skalieren. In einer kargen W\u00fcsten\u00adland\u00adschaft wird das zum Problem. Doch XINTC hat eine L\u00f6sung.<\/p>\n\n\n\n<div class=\"wp-block-columns zitat-mit-bild is-layout-flex wp-container-core-columns-is-layout-9d6595d7 wp-block-columns-is-layout-flex\">\n<div class=\"wp-block-column is-vertically-aligned-top is-layout-flow wp-block-column-is-layout-flow\" style=\"flex-basis:37%\"><div class=\"wp-block-image\">\n<figure class=\"aligncenter size-full\"><img loading=\"lazy\" decoding=\"async\" width=\"1024\" height=\"1024\" src=\"https:\/\/ebmpapst-7237.kxcdn.com\/de\/files\/2025\/09\/Wilko-van-Kampen-XINCT-Portrait.webp\" alt class=\"wp-image-39154\" srcset=\"https:\/\/ebmpapst-7237.kxcdn.com\/de\/files\/2025\/09\/Wilko-van-Kampen-XINCT-Portrait.webp 1024w, https:\/\/ebmpapst-7237.kxcdn.com\/de\/files\/2025\/09\/Wilko-van-Kampen-XINCT-Portrait-660x660.webp 660w, https:\/\/ebmpapst-7237.kxcdn.com\/de\/files\/2025\/09\/Wilko-van-Kampen-XINCT-Portrait-960x960.webp 960w, https:\/\/ebmpapst-7237.kxcdn.com\/de\/files\/2025\/09\/Wilko-van-Kampen-XINCT-Portrait-260x260.webp 260w, https:\/\/ebmpapst-7237.kxcdn.com\/de\/files\/2025\/09\/Wilko-van-Kampen-XINCT-Portrait-768x768.webp 768w, https:\/\/ebmpapst-7237.kxcdn.com\/de\/files\/2025\/09\/Wilko-van-Kampen-XINCT-Portrait-300x300.webp 300w, https:\/\/ebmpapst-7237.kxcdn.com\/de\/files\/2025\/09\/Wilko-van-Kampen-XINCT-Portrait-450x450.webp 450w\" sizes=\"auto, (max-width: 1024px) 100vw, 1024px\"><\/figure>\n<\/div><\/div>\n\n\n\n<div class=\"wp-block-column is-vertically-aligned-center is-layout-flow wp-block-column-is-layout-flow\" style=\"flex-basis:63%\">\n<blockquote class=\"wp-block-quote is-layout-flow wp-block-quote-is-layout-flow\">\n<p class=\"with-quotes\">Unsere Systeme m\u00fcssen besser, g\u00fcns\u00adtiger und robuster sein.<\/p>\n<cite>Wilko van Kampen, Gr\u00fcnder &amp; CEO XINTC<\/cite><\/blockquote>\n<\/div>\n<\/div>\n\n\n\n<h2 class=\"wp-block-heading has-text-align-left\">Gr\u00fcner Wasser\u00adstoff, g\u00fcnstig und flexibel<\/h2>\n\n\n\n<p>Das nieder\u00adl\u00e4n\u00addi\u00adsche Unter\u00adnehmen mit Sitz in Eerbeek hat es sich zur Aufgabe gemacht, die Herstel\u00adlung von gr\u00fcnem Wasser\u00adstoff g\u00fcns\u00adtiger und flexi\u00adbler zu gestalten. Daf\u00fcr hat XINTC Elek\u00adtro\u00adly\u00adseure entwi\u00adckelt, die weder Wech\u00adsel\u00adrichter noch Trans\u00adfor\u00adma\u00adtoren oder Batte\u00adrien ben\u00f6\u00adtigen, um gr\u00fcnen Strom zu beziehen. Das spart Mate\u00adrial und Kosten, erh\u00f6ht die Effi\u00adzienz und senkt den Wartungs\u00adauf\u00adwand. Dabei setzt XINTC auch auf die Qualit\u00e4t und Lang\u00adle\u00adbig\u00adkeit der verbauten Kompo\u00adnenten.<\/p>\n\n\n<div class=\"wp-block-image\">\n<figure class=\"aligncenter size-medium\"><img loading=\"lazy\" decoding=\"async\" width=\"660\" height=\"825\" src=\"https:\/\/ebmpapst-7237.kxcdn.com\/de\/files\/2025\/09\/xinct-elektrolyseur-660x825.webp\" alt class=\"wp-image-39157\" style=\"object-fit:cover\" srcset=\"https:\/\/ebmpapst-7237.kxcdn.com\/de\/files\/2025\/09\/xinct-elektrolyseur-660x825.webp 660w, https:\/\/ebmpapst-7237.kxcdn.com\/de\/files\/2025\/09\/xinct-elektrolyseur-960x1200.webp 960w, https:\/\/ebmpapst-7237.kxcdn.com\/de\/files\/2025\/09\/xinct-elektrolyseur-260x325.webp 260w, https:\/\/ebmpapst-7237.kxcdn.com\/de\/files\/2025\/09\/xinct-elektrolyseur-768x960.webp 768w, https:\/\/ebmpapst-7237.kxcdn.com\/de\/files\/2025\/09\/xinct-elektrolyseur-1229x1536.webp 1229w, https:\/\/ebmpapst-7237.kxcdn.com\/de\/files\/2025\/09\/xinct-elektrolyseur-450x563.webp 450w, https:\/\/ebmpapst-7237.kxcdn.com\/de\/files\/2025\/09\/xinct-elektrolyseur-300x375.webp 300w, https:\/\/ebmpapst-7237.kxcdn.com\/de\/files\/2025\/09\/xinct-elektrolyseur.webp 1536w\" sizes=\"auto, (max-width: 660px) 100vw, 660px\"><figcaption class=\"wp-element-caption\">Die Elek\u00adtro\u00adly\u00adseure sind modular aufge\u00adbaut. Das erm\u00f6g\u00adlicht eine flexible Skalie\u00adrung von 600 Kilo\u00adwatt bis \u00fcber 100 Mega\u00adwatt. (Foto | XINTC)<\/figcaption><\/figure>\n<\/div>\n\n\n<p>\u201eUnsere Systeme m\u00fcssen besser, g\u00fcns\u00adtiger und robuster sein\u201c, sagt Unter\u00adneh\u00admens\u00adgr\u00fcnder und CEO Wilko van Kampen. \u201eDenn viele unserer Anlagen stehen in entle\u00adgenen Gebieten. Wenn dort etwas ausf\u00e4llt, wird die Wartung f\u00fcr unsere Kunden extrem teuer.\u201c Die Elek\u00adtro\u00adly\u00adseure sind deshalb so konzi\u00adpiert, dass sie auch unter schwie\u00adrigen Bedin\u00adgungen zuver\u00adl\u00e4ssig funk\u00adtio\u00adnieren, egal ob bei gro\u00dfer Hitze oder eisiger Kalte. Gleich\u00adzeitig erlaubt der modu\u00adlare Aufbau eine flexible Skalie\u00adrung der Elek\u00adtro\u00adly\u00adseure \u2013 von 600 Kilo\u00adwatt bis \u00fcber 100 Mega\u00adwatt. Dabei hat ein einzelnes Modul eine Kapa\u00adzit\u00e4t von 5 bis 6,5 Kilo\u00adwatt. So lassen sich die Elek\u00adtro\u00adly\u00adseur-Systeme an die Anfor\u00adde\u00adrungen vor Ort anpassen und nahezu \u00fcberall auf der Welt einsetzen.<\/p>\n\n\n\n<h2 class=\"wp-block-heading head1\">\u00dcberall und immer cool dank AxiEco<\/h2>\n\n\n\n<p>Apropos Hitze: In den Elek\u00adtro\u00adly\u00adseuren entsteht w\u00e4hrend des Betriebs auch W\u00e4rme. Damit die Anlagen nicht \u00fcber\u00adhitzen, muss die warme Luft konti\u00adnu\u00adier\u00adlich abge\u00adf\u00fchrt werden. Daf\u00fcr sorgen kompakte Axial\u00adven\u00adti\u00adla\u00adtoren von ebm-papst: Sie saugen die Umge\u00adbungs\u00adluft an, leiten sie durch das System hindurch und f\u00fchren sie nach au\u00dfen ab. So entsteht eine perma\u00adnente Luft\u00adbe\u00adwe\u00adgung, die zuver\u00adl\u00e4ssig die aufge\u00adheizte Luft aus dem System trans\u00adpor\u00adtiert \u2013 und zwar rund um die Uhr.<\/p>\n\n\n\n<p>Gleich\u00adzeitig \u00fcber\u00adnehmen die Venti\u00adla\u00adtoren eine weitere wich\u00adtige Funk\u00adtion: Sollte im Inneren der Anlage verse\u00adhent\u00adlich Wasser\u00adstoff austreten, trans\u00adpor\u00adtieren sie das leicht brenn\u00adbare Gas sofort nach drau\u00dfen. Die st\u00e4n\u00addige Luft\u00adzir\u00adku\u00adla\u00adtion sorgt also nicht nur f\u00fcr eine opti\u00admale Betriebs\u00adtem\u00adpe\u00adratur. Sie verhin\u00addert auch, dass sich Wasser\u00adstoff im Inneren der Anlage sammeln kann.<\/p>\n\n\n\n<figure class=\"wp-block-image alignwide size-full\"><img loading=\"lazy\" decoding=\"async\" width=\"2048\" height=\"1365\" src=\"https:\/\/ebmpapst-7237.kxcdn.com\/de\/files\/2025\/09\/xinct-axial-fans-ebm-papst.webp\" alt class=\"wp-image-39158\" srcset=\"https:\/\/ebmpapst-7237.kxcdn.com\/de\/files\/2025\/09\/xinct-axial-fans-ebm-papst.webp 2048w, https:\/\/ebmpapst-7237.kxcdn.com\/de\/files\/2025\/09\/xinct-axial-fans-ebm-papst-660x440.webp 660w, https:\/\/ebmpapst-7237.kxcdn.com\/de\/files\/2025\/09\/xinct-axial-fans-ebm-papst-960x640.webp 960w, https:\/\/ebmpapst-7237.kxcdn.com\/de\/files\/2025\/09\/xinct-axial-fans-ebm-papst-260x173.webp 260w, https:\/\/ebmpapst-7237.kxcdn.com\/de\/files\/2025\/09\/xinct-axial-fans-ebm-papst-768x512.webp 768w, https:\/\/ebmpapst-7237.kxcdn.com\/de\/files\/2025\/09\/xinct-axial-fans-ebm-papst-1536x1024.webp 1536w, https:\/\/ebmpapst-7237.kxcdn.com\/de\/files\/2025\/09\/xinct-axial-fans-ebm-papst-450x300.webp 450w, https:\/\/ebmpapst-7237.kxcdn.com\/de\/files\/2025\/09\/xinct-axial-fans-ebm-papst-300x200.webp 300w\" sizes=\"auto, (max-width: 2048px) 100vw, 2048px\"><figcaption class=\"wp-element-caption\">Die kompakten AxiEco dieses Moduls sorgen f\u00fcr eine perma\u00adnente k\u00fchlende Luft\u00adbe\u00adwe\u00adgung inner\u00adhalb des Systems. (Foto | ebm-papst Benelux)<\/figcaption><\/figure>\n\n\n\n<p>Und dann w\u00e4re da noch das Wetter: In vielen Regionen, in denen die Elek\u00adtro\u00adly\u00adseure von XINTC zum Einsatz kommen, sind die \u00e4u\u00dferen Bedin\u00adgungen extrem \u2013 tags\u00ad\u00fcber br\u00fctende Hitze, nachts klir\u00adrende K\u00e4lte und dazwi\u00adschen auch mal Sand\u00adst\u00fcrme. F\u00fcr tech\u00adni\u00adsche Systeme ist das ein echter H\u00e4rte\u00adtest. Aber auch daf\u00fcr sind Venti\u00adla\u00adtoren von ebm-papst ausge\u00adlegt: Sie arbeiten selbst unter schwie\u00adrigsten Bedin\u00adgungen zuver\u00adl\u00e4ssig und passen ihre Leis\u00adtung flexibel an die Umge\u00adbungs\u00adtem\u00adpe\u00adratur an. Daf\u00fcr wurden sie unter noch extre\u00admeren Bedin\u00adgungen und mit echten Umwelt\u00adein\u00adfl\u00fcssen im Erprobungs\u00adzentrum getestet.<\/p>\n\n\n\n<h2 class=\"wp-block-heading\">Gr\u00fcner Wasser\u00adstoff als Ener\u00adgie\u00adspei\u00adcher<\/h2>\n\n\n\n<p>Mit seinen modu\u00adlaren Elek\u00adtro\u00adly\u00adseuren erm\u00f6g\u00adlicht es XINTC seinen Kunden, gr\u00fcnen Wasser\u00adstoff auch an abge\u00adle\u00adgenen Orten wie W\u00fcsten kosten\u00adg\u00fcnstig und zuver\u00adl\u00e4ssig herzu\u00adstellen. Beson\u00adders clever: \u00dcber\u00adsch\u00fcs\u00adsiger Strom aus Wind- und Solar\u00adparks kann direkt f\u00fcr die Wasser\u00adstoff\u00adpro\u00adduk\u00adtion genutzt werden. Damit lassen sich erneu\u00ader\u00adbare Ener\u00adgien auch in Form von Wasser\u00adstoff spei\u00adchern, trans\u00adpor\u00adtieren und nutzen \u2013 selbst dann, wenn kein Wind weht und keine Sonne scheint.<\/p>\n","protected":false},"excerpt":{"rendered":"<p>Wasser\u00adstoff als Ener\u00adgie\u00adtr\u00e4ger ist eigent\u00adlich eine saubere Sache! Bei seiner Verwer\u00adtung entsteht ledig\u00adlich Wasser\u00addampf \u2013 keine Schad\u00adstoffe, kein CO\u2082. Es gibt aller\u00addings einen Haken: Die Herstel\u00adlung kostet Energie. Stammt die aus Kohle oder Erdgas, ist es mit der guten Klima\u00adbi\u00adlanz gleich wieder vorbei. Echter \u201egr\u00fcner\u201c Wasser\u00adstoff braucht daher Energie aus erneu\u00ader\u00adbaren Quellen wie Sonne und [\u2026]<\/p>\n","protected":false},"author":27,"featured_media":0,"comment_status":"open","ping_status":"closed","sticky":false,"template":"","format":"standard","meta":{"_acf_changed":false,"wp_typography_post_enhancements_disabled":false,"footnotes":""},"categories":[8,15],"tags":[],"class_list":["post-39153","post","type-post","status-publish","format-standard","hentry","category-kaelte-klima","category-ventilatoren"],"acf":[],"_links":{"self":[{"href":"https:\/\/mag.ebmpapst.com\/de\/wp-json\/wp\/v2\/posts\/39153","targetHints":{"allow":["GET"]}}],"collection":[{"href":"https:\/\/mag.ebmpapst.com\/de\/wp-json\/wp\/v2\/posts"}],"about":[{"href":"https:\/\/mag.ebmpapst.com\/de\/wp-json\/wp\/v2\/types\/post"}],"author":[{"embeddable":true,"href":"https:\/\/mag.ebmpapst.com\/de\/wp-json\/wp\/v2\/users\/27"}],"replies":[{"embeddable":true,"href":"https:\/\/mag.ebmpapst.com\/de\/wp-json\/wp\/v2\/comments?post=39153"}],"version-history":[{"count":66,"href":"https:\/\/mag.ebmpapst.com\/de\/wp-json\/wp\/v2\/posts\/39153\/revisions"}],"predecessor-version":[{"id":39822,"href":"https:\/\/mag.ebmpapst.com\/de\/wp-json\/wp\/v2\/posts\/39153\/revisions\/39822"}],"wp:attachment":[{"href":"https:\/\/mag.ebmpapst.com\/de\/wp-json\/wp\/v2\/media?parent=39153"}],"wp:term":[{"taxonomy":"category","embeddable":true,"href":"https:\/\/mag.ebmpapst.com\/de\/wp-json\/wp\/v2\/categories?post=39153"},{"taxonomy":"post_tag","embeddable":true,"href":"https:\/\/mag.ebmpapst.com\/de\/wp-json\/wp\/v2\/tags?post=39153"}],"curies":[{"name":"wp","href":"https:\/\/api.w.org\/{rel}","templated":true}]}}