{"id":34489,"date":"2024-07-17T11:48:53","date_gmt":"2024-07-17T09:48:53","guid":{"rendered":"https:\/\/mag.ebmpapst.com\/de\/?p=34489"},"modified":"2024-07-18T14:07:34","modified_gmt":"2024-07-18T12:07:34","slug":"ueber-diesen-bericht-gri-sdg","status":"publish","type":"post","link":"https:\/\/mag.ebmpapst.com\/de\/nachhaltigkeitsbericht-2023-2024\/ueber-diesen-bericht-gri-sdg_34489\/","title":{"rendered":"\u00dcber diesen Bericht: Infos zu GRI und SDGs"},"content":{"rendered":"\n<h2 class=\"wp-block-heading\">Global Reporting Initia\u00adtive (GRI)&nbsp;<\/h2>\n\n\n\n<p>Die im Jahr 1997 gegr\u00fcn\u00addete Global Reporting Initia\u00adtive (GRI) ist eine gemein\u00adn\u00fct\u00adzige Stif\u00adtung, die ihren Haupt\u00adsitz seit 2002 in Amsterdam hat. Die von ihr konzi\u00adpierten, soge\u00adnannten GRI-Stan\u00addards bieten eine welt\u00adweit aner\u00adkannte Orien\u00adtie\u00adrungs\u00adhilfe f\u00fcr die Bericht\u00aderstat\u00adtung von Nach\u00adhal\u00adtig\u00adkeits\u00adthemen. Das flexible, modular ange\u00adlegte und nutzer\u00adfreund\u00adliche System, das fort\u00adlau\u00adfend vali\u00addiert und aktua\u00adli\u00adsiert wird, enth\u00e4lt Bericht\u00aderstat\u00adtungs\u00adgrund\u00ads\u00e4tze, Stan\u00addard\u00adan\u00adgaben und eine Umset\u00adzungs\u00adan\u00adlei\u00adtung zur Erstel\u00adlung von Nach\u00adhal\u00adtig\u00adkeits\u00adbe\u00adrichten f\u00fcr alle Orga\u00adni\u00adsa\u00adtionen, unab\u00adh\u00e4ngig von Gr\u00f6\u00dfe, Branche oder Standort.&nbsp;&nbsp;<\/p>\n\n\n\n<p>Aufge\u00adschl\u00fcs\u00adselt in die drei Kate\u00adgo\u00adrien<strong> \u201eUniver\u00adselle Stan\u00addards\u201c<\/strong>, <strong>\u201eSekto\u00adren\u00adstan\u00addards\u201c<\/strong> und <strong>\u201eThemen\u00adstan\u00addards\u201c,<\/strong> beinhaltet der GRI-Stan\u00addard insge\u00adsamt <strong>33 Einzel\u00admo\u00addule mit rund 120 Indi\u00adka\u00adtoren<\/strong> und vermit\u00adtelt Nutzer:innen und Stake\u00adhol\u00addern ein umfas\u00adsendes Bild der wesent\u00adli\u00adchen Themen einer Orga\u00adni\u00adsa\u00adtion, ihrer Auswir\u00adkungen und der Art und Weise ihres Manage\u00adments. Auch ebm-papst hat sich im Rahmen seiner Nach\u00adhal\u00adtig\u00adkeits\u00adbe\u00adrichts\u00ader\u00adstat\u00adtung \u00fcber das Gesch\u00e4fts\u00adjahr 2023\/24 an den GRI-Stan\u00addards orien\u00adtiert und schl\u00fcs\u00adselt die vorlie\u00adgenden Infor\u00adma\u00adtionen und Einblicke entspre\u00adchend dieser Syste\u00admatik auf.&nbsp;<\/p>\n\n\n\n<div class=\"wp-block-group alignfull nhb-to-page has-background\" style=\"background-color:#a2b91e\"><div class=\"wp-block-group__inner-container is-layout-constrained wp-block-group-is-layout-constrained\">\n<div class=\"wp-block-columns alignwide banner-width is-layout-flex wp-container-core-columns-is-layout-9d6595d7 wp-block-columns-is-layout-flex\">\n<div class=\"wp-block-column is-vertically-aligned-bottom is-layout-flow wp-block-column-is-layout-flow\" style=\"flex-basis:50%\">\n<h2 class=\"wp-block-heading sup-head has-white-color has-text-color has-link-color wp-elements-8c3170c918ece6ee3e6179b92ae20bf0\">Nach\u00adhal\u00adtig\u00adkeits\u00adbe\u00adricht 2023\/24<\/h2>\n\n\n\n<h2 class=\"wp-block-heading has-white-color has-text-color has-background has-link-color wp-elements-7a6484f90887a596c0c79be504ec881f\" style=\"background-color:#a2b91e\">clear vision, sustainable mission<\/h2>\n\n\n\n<p class=\"has-white-color has-text-color has-link-color wp-elements-a1a978f78f82661182eda8bc9e897789\">Tauchen Sie ein in die Geschichten, die hinter unseren gr\u00fcnen Initia\u00adtiven stecken. Lassen Sie sich von dem Enga\u00adge\u00adment anste\u00adcken, mit dem wir eine bessere Zukunft gestalten.<\/p>\n\n\n\n<div class=\"wp-block-buttons is-vertical is-layout-flex wp-container-core-buttons-is-layout-8cf370e7 wp-block-buttons-is-layout-flex\">\n<div class=\"wp-block-button has-custom-font-size button-chevron-right nhb-pdf-download\" style=\"font-size:16px;text-transform:none\"><a class=\"wp-block-button__link has-background wp-element-button\" href=\"https:\/\/www.ebmpapst.com\/de\/de\/company\/sustainability.html#Broschure\" style=\"background-color:#007cbc\" target=\"_blank\" rel=\"noreferrer noopener\">Nach\u00adhal\u00adtig\u00adkeits\u00adbe\u00adricht als PDF <i class=\"mgznkr-icon fa fa-chevron-right fas\"><\/i><\/a><\/div>\n\n\n\n<div class=\"wp-block-button has-custom-font-size button-chevron-right\" style=\"font-size:16px;text-transform:none\"><a class=\"wp-block-button__link has-background wp-element-button\" href=\"https:\/\/mag.ebmpapst.com\/de\/nachhaltigkeitsbericht-2023-2024\" style=\"background-color:#007cbc\" target=\"_blank\" rel=\"noreferrer noopener\">Alle Geschichten entde\u00adcken <i class=\"mgznkr-icon fa fa-chevron-right fas\"><\/i><\/a><\/div>\n<\/div>\n<\/div>\n<\/div>\n\n\n\n<style>\n.post div.nhb-to-page{\nmargin-bottom: 30px;\n}\ndiv.nhb-to-page{\nmargin-top: 30px;\nmargin-bottom: 100px;\n}\n.alignwide.banner-width {\nmax-width: 100%;\nwidth: 1240px;\npadding: 30px;\nmargin: 0;\n}\n.nhb-to-page .wp-block-button a {\ntext-transform: unset;\n}\n.sup-head{\nfont-size: 2.1rem\n}\n.nhb-to-page h2:not(.sup-head) {\nmargin-top: 2px;\npadding: 0.3em 0.4em 0.2em 0.4em;\ntext-transform: uppercase;\ndisplay: inline-block;\nfont-size: 2.6rem;\n}\n.article-content .nhb-to-page h2{\n margin-top: 0\n}\n.nhb-to-page .wp-block-buttons,\n.nhb-to-page .wp-block-image  {\nmargin-bottom: 0;\n}\n.nhb-to-page > div {\nposition: relative;\nz-index: 0;\n}\n.nhb-to-page > div:before {\ncontent:'';\ndisplay: block;\nposition: absolute;\nz-index: -1;\ntop:0;\nwidth: 100%;\nheight: 100%;\nbackground-image: url('\/\/ebmpapst-7237.kxcdn.com\/de\/files\/2024\/06\/Banner-NHB-ebm-papst-2024_6.jpg');\nbackground-position: 0% 40%;\nbackground-repeat: no-repeat;\nbackground-size: cover;\n}\n@media (min-width: 500px) {\n.nhb-to-page h2:not(.sup-head) {\nmin-width: max-content;\n}\n}\n\n@media (min-width: 1003px) {\n.nhb-to-page .wp-container-core-buttons-is-layout-1.wp-container-core-buttons-is-layout-1 {\nflex-direction: row;\ngap: 1em;\n}\n}\n<\/style><script type=\"text\/javascript\">\n\tjQuery(document).ready(function($){\n\t\t$(\".nhb-pdf-download\").on( \"click\", function() {\n\t\t\t_paq.push([\"trackEvent\", \"nhb-2024\", \"nhb-pdf-download\"]);\n\t\t})\n\t});\n<\/script>\n<\/div><\/div>\n\n\n\n<h2 class=\"wp-block-heading\">Sustainable Deve\u00adlo\u00adp\u00adment Goals (SDGs)&nbsp;<\/h2>\n\n\n<div class=\"wp-block-image\">\n<figure class=\"alignright size-full is-resized\"><img loading=\"lazy\" decoding=\"async\" width=\"150\" height=\"150\" src=\"https:\/\/ebmpapst-7237.kxcdn.com\/de\/files\/2024\/07\/E-WEB-Goal-17_150-150-1.jpg\" alt class=\"wp-image-34498\" style=\"object-fit:cover;width:150px;height:150px\"><\/figure>\n<\/div>\n\n\n<p>Im September 2015 wurde die UN-Reso\u00adlu\u00adtion \u201eTrans\u00adforming our world: the Agenda 2030 for Sustainable Deve\u00adlo\u00adp\u00adment\u201c von der Gene\u00adral\u00adver\u00adsamm\u00adlung der Vereinten Nationen einstimmig verab\u00adschiedet. Die soge\u00adnannte <strong>Agenda 2030<\/strong> als globaler Plan zur F\u00f6rde\u00adrung nach\u00adhal\u00adtigen Frie\u00addens und Wohl\u00adstands und zum Schutz unseres Planeten beinhaltet unter anderem <strong>17 Ziele f\u00fcr nach\u00adhal\u00adtige Entwick\u00adlung<\/strong>, die \u201eSustainable Deve\u00adlo\u00adp\u00adment Goals\u201c, kurz SDGs. Seither arbeiten die L\u00e4nder der Vereinten Nationen daran, diese gemein\u00adsame Vision in natio\u00adnale Entwick\u00adlungs\u00adpl\u00e4ne zu \u00fcber\u00adf\u00fchren, um das Leben f\u00fcr alle Menschen auf der Welt zu verbes\u00adsern. So soll es beispiels\u00adweise keine Armut und soziale Ungleich\u00adheit mehr geben, Menschen sollen welt\u00adweit in Frieden und Gesund\u00adheit leben k\u00f6nnen und Kinder und Jugend\u00adliche sollen unein\u00adge\u00adschr\u00e4nkt zur Schule gehen und lernen k\u00f6nnen.&nbsp;<\/p>\n\n\n\n<p class=\"no-clear\">Als global agie\u00adrendes Unter\u00adnehmen f\u00fchlt sich auch ebm-papst den Zielen der Vereinten Nationen verpflichtet und konzen\u00adtriert seine nach\u00adhal\u00adtigen Akti\u00advi\u00adt\u00e4ten derzeit auf eine Auswahl von zehn SDGs. <\/p>\n\n\n\n<h3 class=\"wp-block-heading no-clear\">Diese globalen Ziele pr\u00e4gen unser \u00f6kono\u00admi\u00adsches, \u00f6kolo\u00adgi\u00adsches und soziales Handeln und flie\u00dfen daher auch in unseren Nach\u00adhal\u00adtig\u00adkeits\u00adbe\u00adricht ein:&nbsp;<\/h3>\n\n\n\n<div class=\"wp-block-group article-sidebox\"><div class=\"wp-block-group__inner-container is-layout-flow wp-block-group-is-layout-flow\">\n<div style=\"height:9px\" aria-hidden=\"true\" class=\"wp-block-spacer\"><\/div>\n\n\n\n<h3 class=\"wp-block-heading\">Glossar zum Nach\u00adhal\u00adtig\u00adkeits\u00adbe\u00adricht<\/h3>\n\n\n\n<p>Von Axial\u00adven\u00adti\u00adlator bis Wert\u00adsch\u00f6p\u00adfungs\u00adkette. Lesen Sie die im Nach\u00adhal\u00adtig\u00adkeits\u00adbe\u00adricht genutzten Begriffe in unserem Glossar nach.<\/p>\n\n\n\n<div class=\"wp-block-buttons is-layout-flex wp-block-buttons-is-layout-flex\">\n<div class=\"wp-block-button has-custom-font-size is-style-fill\" style=\"font-size:18px\"><a class=\"wp-block-button__link wp-element-button\" href=\"https:\/\/www.ebmpapst.com\/de\/de\/company\/sustainability\/glossar.html\" target=\"_blank\" rel=\"noreferrer noopener\">Mehr erfahren <i class=\"mgznkr-icon fa fa-chevron-right fas\"><\/i><\/a><\/div>\n<\/div>\n<\/div><\/div>\n\n\n\n<ul class=\"wp-block-list\">\n<li>SDG 3 Gesund\u00adheit und Wohl\u00adergehen&nbsp;<\/li>\n\n\n\n<li>SDG 4 Hoch\u00adwer\u00adtige Bildung&nbsp;<\/li>\n\n\n\n<li>SDG 5 Geschlech\u00adter\u00adgleich\u00adheit&nbsp;<\/li>\n\n\n\n<li>SDG 6 Sauberes Wasser und Sani\u00adt\u00e4r\u00adein\u00adrich\u00adtungen&nbsp;<\/li>\n\n\n\n<li>SDG 7 Bezahl\u00adbare und saubere Energie&nbsp;<\/li>\n\n\n\n<li>SDG 8 Menschen\u00adw\u00fcr\u00addige Arbeit und Wirt\u00adschafts\u00adwachstum&nbsp;<\/li>\n\n\n\n<li>SDG 9 Indus\u00adtrie, Inno\u00adva\u00adtion und Infra\u00adstruktur&nbsp;<\/li>\n\n\n\n<li>SDG 12 Nach\u00adhal\u00adtiger Konsum und Produk\u00adtion&nbsp;<\/li>\n\n\n\n<li>SDG 13 Ma\u00dfnahmen zum Klima\u00adschutz&nbsp;&nbsp;<\/li>\n\n\n\n<li>SDG 17 Part\u00adner\u00adschaften zur Errei\u00adchung der Ziele&nbsp;<\/li>\n<\/ul>\n","protected":false},"excerpt":{"rendered":"<p>Global Reporting Initia\u00adtive (GRI)&nbsp; Die im Jahr 1997 gegr\u00fcn\u00addete Global Reporting Initia\u00adtive (GRI) ist eine gemein\u00adn\u00fct\u00adzige Stif\u00adtung, die ihren Haupt\u00adsitz seit 2002 in Amsterdam hat. Die von ihr konzi\u00adpierten, soge\u00adnannten GRI-Stan\u00ad\u00addards bieten eine welt\u00adweit aner\u00adkannte Orien\u00adtie\u00adrungs\u00adhilfe f\u00fcr die Bericht\u00aderstat\u00adtung von Nach\u00adhal\u00adtig\u00adkeits\u00adthemen. Das flexible, modular ange\u00adlegte und nutzer\u00adfreund\u00adliche System, das fort\u00adlau\u00adfend vali\u00addiert und aktua\u00adli\u00adsiert wird, enth\u00e4lt [\u2026]<\/p>\n","protected":false},"author":36,"featured_media":0,"comment_status":"closed","ping_status":"closed","sticky":false,"template":"","format":"standard","meta":{"_acf_changed":false,"wp_typography_post_enhancements_disabled":false,"footnotes":""},"categories":[325],"tags":[],"class_list":["post-34489","post","type-post","status-publish","format-standard","hentry","category-nachhaltigkeitsbericht-2023-2024"],"acf":[],"_links":{"self":[{"href":"https:\/\/mag.ebmpapst.com\/de\/wp-json\/wp\/v2\/posts\/34489","targetHints":{"allow":["GET"]}}],"collection":[{"href":"https:\/\/mag.ebmpapst.com\/de\/wp-json\/wp\/v2\/posts"}],"about":[{"href":"https:\/\/mag.ebmpapst.com\/de\/wp-json\/wp\/v2\/types\/post"}],"author":[{"embeddable":true,"href":"https:\/\/mag.ebmpapst.com\/de\/wp-json\/wp\/v2\/users\/36"}],"replies":[{"embeddable":true,"href":"https:\/\/mag.ebmpapst.com\/de\/wp-json\/wp\/v2\/comments?post=34489"}],"version-history":[{"count":16,"href":"https:\/\/mag.ebmpapst.com\/de\/wp-json\/wp\/v2\/posts\/34489\/revisions"}],"predecessor-version":[{"id":34974,"href":"https:\/\/mag.ebmpapst.com\/de\/wp-json\/wp\/v2\/posts\/34489\/revisions\/34974"}],"wp:attachment":[{"href":"https:\/\/mag.ebmpapst.com\/de\/wp-json\/wp\/v2\/media?parent=34489"}],"wp:term":[{"taxonomy":"category","embeddable":true,"href":"https:\/\/mag.ebmpapst.com\/de\/wp-json\/wp\/v2\/categories?post=34489"},{"taxonomy":"post_tag","embeddable":true,"href":"https:\/\/mag.ebmpapst.com\/de\/wp-json\/wp\/v2\/tags?post=34489"}],"curies":[{"name":"wp","href":"https:\/\/api.w.org\/{rel}","templated":true}]}}