{"id":34217,"date":"2024-07-17T11:12:49","date_gmt":"2024-07-17T09:12:49","guid":{"rendered":"https:\/\/mag.ebmpapst.com\/de\/?p=34217"},"modified":"2024-07-18T14:24:59","modified_gmt":"2024-07-18T12:24:59","slug":"herzlich-willkommen-im-people-house","status":"publish","type":"post","link":"https:\/\/mag.ebmpapst.com\/de\/nachhaltigkeitsbericht-2023-2024\/herzlich-willkommen-im-people-house_34217\/","title":{"rendered":"Herz\u00adlich will\u00adkommen im People House!"},"content":{"rendered":"<div class=\"wp-block-image\">\n<figure class=\"alignright size-full is-resized\"><img loading=\"lazy\" decoding=\"async\" width=\"1500\" height=\"1500\" src=\"https:\/\/ebmpapst-7237.kxcdn.com\/de\/files\/2024\/07\/E-WEB-Goal-05.png\" alt class=\"wp-image-34710\" style=\"object-fit:cover;width:150px;height:150px\" srcset=\"https:\/\/ebmpapst-7237.kxcdn.com\/de\/files\/2024\/07\/E-WEB-Goal-05.png 1500w, https:\/\/ebmpapst-7237.kxcdn.com\/de\/files\/2024\/07\/E-WEB-Goal-05-660x660.png 660w, https:\/\/ebmpapst-7237.kxcdn.com\/de\/files\/2024\/07\/E-WEB-Goal-05-960x960.png 960w, https:\/\/ebmpapst-7237.kxcdn.com\/de\/files\/2024\/07\/E-WEB-Goal-05-260x260.png 260w, https:\/\/ebmpapst-7237.kxcdn.com\/de\/files\/2024\/07\/E-WEB-Goal-05-768x768.png 768w, https:\/\/ebmpapst-7237.kxcdn.com\/de\/files\/2024\/07\/E-WEB-Goal-05-300x300.png 300w, https:\/\/ebmpapst-7237.kxcdn.com\/de\/files\/2024\/07\/E-WEB-Goal-05-450x450.png 450w\" sizes=\"auto, (max-width: 1500px) 100vw, 1500px\"><\/figure>\n<\/div>\n\n\n<p>\u201eDas People House ist die Vision, aus der wir unsere ebm-papst spezi\u00adfi\u00adsche und zukunfts\u00adori\u00aden\u00adtierte Mitar\u00adbei\u00adten\u00addenstra\u00adtegie ableiten\u201c, erkl\u00e4rt Dr. Sonja Flei\u00adscher, Chief Human Resources Officer (CHRO) bei ebm-papst. Es ist nicht nur ein Haus, sondern ein Leit\u00adbild, das unsere Werte sowie die Bed\u00fcrf\u00adnisse unserer Mitar\u00adbei\u00adtenden wider\u00adspie\u00adgelt. F\u00fcr die Ausge\u00adstal\u00adtung haben wir unz\u00e4h\u00adlige Inter\u00adviews in allen Regionen welt\u00adweit sowie \u00fcber alle Funk\u00adtionen und Hier\u00adar\u00adchie\u00adebenen hinweg gef\u00fchrt. Zur weiteren Verfei\u00adne\u00adrung und finalen Ausge\u00adstal\u00adtung flossen die Ergeb\u00adnisse einer welt\u00adweiten Mitar\u00adbei\u00adten\u00adden\u00adbe\u00adfra\u00adgung mit einer extrem hohen Betei\u00adli\u00adgungs\u00adquote im Jahr 2022 ein.<\/p>\n\n\n\n<p>\u201eBei den Befra\u00adgungen stellte sich zum Beispiel heraus, dass den Mitar\u00adbei\u00adtenden der Wert\u201aBegeisterung\u2018 sehr wichtig ist und es so auch an allen Stand\u00adorten welt\u00adweit bei uns erlebt und gelebt wird\u201c, erin\u00adnert sich Dr. Sonja Flei\u00adscher. \u201eDeshalb haben wir diesen Punkt erneut in unsere Werte aufge\u00adnommen.\u201c Zusammen mit den Werten Effi\u00adzienz und Mensch\u00adlich\u00adkeit bildet er die stabile Basis, auf der unser Haus errichtet ist.<\/p>\n\n\n\n<p>Darauf befindet sich als Funda\u00adment unsere Exzel\u00adlenz, die aus drei Bausteinen besteht. Sie stehen f\u00fcr die Themen Daten\u00adana\u00adlyse und -auswer\u00adtung, Richt\u00adli\u00adnien und Prozesse sowie Inte\u00adgrit\u00e4t und Compli\u00adance. Ein hoher Ma\u00dfstab unserer Arbeit, die stets effi\u00adzient, erst\u00adklassig und selbst\u00adver\u00adst\u00e4nd\u00adlich konform mit Recht und Gesetz ist. Dabei kommt die Mensch\u00adlich\u00adkeit nie zu kurz: Wir legen Wert darauf, beson\u00addere Momente im Leben der Mitar\u00adbei\u00adtenden pers\u00f6n\u00adlich und indi\u00advi\u00adduell zu gestalten. <\/p>\n\n\n\n<figure class=\"wp-block-image size-full\"><img loading=\"lazy\" decoding=\"async\" width=\"1700\" height=\"1080\" src=\"https:\/\/ebmpapst-7237.kxcdn.com\/de\/files\/2024\/07\/People_House_nhb_2023-24_DE.jpg\" alt class=\"wp-image-34977\" srcset=\"https:\/\/ebmpapst-7237.kxcdn.com\/de\/files\/2024\/07\/People_House_nhb_2023-24_DE.jpg 1700w, https:\/\/ebmpapst-7237.kxcdn.com\/de\/files\/2024\/07\/People_House_nhb_2023-24_DE-660x419.jpg 660w, https:\/\/ebmpapst-7237.kxcdn.com\/de\/files\/2024\/07\/People_House_nhb_2023-24_DE-960x610.jpg 960w, https:\/\/ebmpapst-7237.kxcdn.com\/de\/files\/2024\/07\/People_House_nhb_2023-24_DE-260x165.jpg 260w, https:\/\/ebmpapst-7237.kxcdn.com\/de\/files\/2024\/07\/People_House_nhb_2023-24_DE-768x488.jpg 768w, https:\/\/ebmpapst-7237.kxcdn.com\/de\/files\/2024\/07\/People_House_nhb_2023-24_DE-1536x976.jpg 1536w, https:\/\/ebmpapst-7237.kxcdn.com\/de\/files\/2024\/07\/People_House_nhb_2023-24_DE-450x286.jpg 450w, https:\/\/ebmpapst-7237.kxcdn.com\/de\/files\/2024\/07\/People_House_nhb_2023-24_DE-300x191.jpg 300w\" sizes=\"auto, (max-width: 1700px) 100vw, 1700px\"><figcaption class=\"wp-element-caption\">Das ebm-papst People House, das Leit\u00adbild, dass die Werte und Bed\u00fcrf\u00adnisse der Mitar\u00adbei\u00adtenden wider\u00adspie\u00adgelt. (Grafik | lovelyday12; Vector Tradi\u00adtion \u2013 stock.adobe.com; \u00a9 ebm-papst; Tobias Grewe)<\/figcaption><\/figure>\n\n\n\n<p>Vom ersten Arbeitstag \u00fcber Ausbil\u00addun\u00adgungs- Studi\u00aden\u00adab\u00adschl\u00fcsse oder Dienst\u00adju\u00adbi\u00adl\u00e4en bis hin zur Verab\u00adschie\u00addung in den Ruhe\u00adstand feiern wir gemeinsam mit ihnen wich\u00adtige Meilen\u00adsteine im Arbeits\u00adleben. Um dieses gute Mitein\u00adander auch in Zukunft zu erhalten, achten wir bei der Auswahl poten\u00adzi\u00adeller Mitar\u00adbei\u00adtender sehr genau darauf, dass sie gut zu unserer Unter\u00adneh\u00admens\u00adkultur passen.<\/p>\n\n\n\n<h2 class=\"wp-block-heading\">H\u00fcrden abbauen, M\u00f6glich\u00adkeiten schaffen<\/h2>\n\n\n\n<p>So einla\u00addend und offen wie die Archi\u00adtektur des People House ist auch unser Umgang mitein\u00adander. \u201eDurch die aktive F\u00f6rde\u00adrung von Viel\u00adfalt und Inklu\u00adsion schaffen wir ein ange\u00adnehmes und vertrau\u00adens\u00advolles Arbeits\u00adum\u00adfeld, in dem alle Mitar\u00adbei\u00adtenden sein k\u00f6nnen, wie sie sind\u201c, bekr\u00e4f\u00adtigt Dr. Sonja Flei\u00adscher. \u201eWir streben danach, ein Umfeld zu schaffen, in dem jeder Mensch akzep\u00adtiert, respek\u00adtiert und wert\u00adge\u00adsch\u00e4tzt wird und sich mit seinen indi\u00advi\u00addu\u00adellen St\u00e4rken best\u00adm\u00f6g\u00adlich einbringen kann \u2013 unab\u00adh\u00e4ngig von Geschlecht, (sozialer) Herkunft, Reli\u00adgion, Alter, sexu\u00adeller Orien\u00adtie\u00adrung, k\u00f6rper\u00adli\u00adchen und geis\u00adtigen F\u00e4hig\u00adkeiten.\u201c<\/p>\n\n\n\n<p>Um diese Viel\u00adfalt zu f\u00f6rdern, haben wir verschie\u00addene Initia\u00adtiven und Programme ins Leben gerufen. Einige davon befassen sich mit dem Wunsch heutiger Arbeitnehmer:innen, Familie und Beruf gut mitein\u00adander verein\u00adbaren zu k\u00f6nnen. Daher bieten wir unter anderem Unter\u00adst\u00fct\u00adzung bei der Kinder\u00adbe\u00adtreuung, etwa durch Koope\u00adra\u00adtionen mit Kinder\u00adta\u00adges\u00adst\u00e4tten. Diese wert\u00advollen Part\u00adner\u00adschaften bieten den Eltern eine sichere Unter\u00adst\u00fct\u00adzung bei (Wieder-)Einstieg in ihre T\u00e4tig\u00adkeit bei ebm-papst. Zudem legen wir Wert darauf, dass die Mitar\u00adbei\u00adtenden die M\u00f6glich\u00adkeit haben, ihre Arbeits\u00adzeit flexibel zu gestalten. <\/p>\n\n\n\n<div class=\"wp-block-columns zitat-mit-bild is-layout-flex wp-container-core-columns-is-layout-9d6595d7 wp-block-columns-is-layout-flex\">\n<div class=\"wp-block-column is-vertically-aligned-top is-layout-flow wp-block-column-is-layout-flow\" style=\"flex-basis:37%\"><div class=\"wp-block-image\">\n<figure class=\"aligncenter size-thumbnail\"><img loading=\"lazy\" decoding=\"async\" width=\"260\" height=\"260\" src=\"https:\/\/ebmpapst-7237.kxcdn.com\/de\/files\/2024\/07\/Foto_Sonja_Fleischer_300-300-260x260.jpg\" alt class=\"wp-image-34461\" srcset=\"https:\/\/ebmpapst-7237.kxcdn.com\/de\/files\/2024\/07\/Foto_Sonja_Fleischer_300-300-260x260.jpg 260w, https:\/\/ebmpapst-7237.kxcdn.com\/de\/files\/2024\/07\/Foto_Sonja_Fleischer_300-300.jpg 300w\" sizes=\"auto, (max-width: 260px) 100vw, 260px\"><figcaption class=\"wp-element-caption\"><em>Photo | ebm-papst; Markus P\u00fctt\u00admann<\/em><\/figcaption><\/figure>\n<\/div><\/div>\n\n\n\n<div class=\"wp-block-column is-vertically-aligned-center is-layout-flow wp-block-column-is-layout-flow\" style=\"flex-basis:63%\">\n<blockquote class=\"wp-block-quote is-layout-flow wp-block-quote-is-layout-flow\">\n<p>\u201eBei uns soll jeder Mensch akzep\u00adtiert, respek\u00adtiert und wert\u00adge\u00adsch\u00e4tzt werden.\u201c<\/p>\n<cite>Dr. Sonja Flei\u00adscher, Chief Human Resources Officer (CRHO) bei ebm-papst<\/cite><\/blockquote>\n<\/div>\n<\/div>\n\n\n\n<p>Dazu geh\u00f6ren Teil\u00adzeit- und Gleit\u00adzeit\u00admo\u00addelle ebenso wie mobiles Arbeiten. \u201eWas beispiels\u00adweise in den Verwal\u00adtungen einfach zu reali\u00adsieren ist, bringt in der Produk\u00adtion Heraus\u00adfor\u00adde\u00adrungen mit sich\u201c, wei\u00df Dr. Sonja Flei\u00adscher. \u201eDaher arbeiten wir an einem flexi\u00adblen Arbeits\u00adzeit- und Schicht\u00admo\u00addell f\u00fcr die Produk\u00adtion, das auch hier \u2013 wenn notwendig und gew\u00fcnscht \u2013 eine Anpas\u00adsung an pers\u00f6n\u00adliche W\u00fcnsche und Bed\u00fcrf\u00adnisse erm\u00f6g\u00adlicht.\u201c<\/p>\n\n\n\n<p>Wir sind uns bewusst, dass der Frau\u00aden\u00adan\u00adteil in mehreren Berei\u00adchen erh\u00f6ht werden kann. Dies betrifft spezi\u00adfi\u00adsche Abtei\u00adlungen wie unsere Logistik, aber auch F\u00fchrungs\u00adpo\u00adsi\u00adtionen im Allge\u00admeinen. Deshalb haben wir diverse Initia\u00adtiven gestartet, die Frauen f\u00f6rdern: Mit Work\u00adshops, natio\u00adnalen und inter\u00adna\u00adtio\u00adnalen Netz\u00adwerken, Mento\u00adring- und Coachin\u00adg\u00adan\u00adge\u00adboten unter\u00adst\u00fctzen wir gezielt bei der Gestal\u00adtung des indi\u00advi\u00addu\u00adellen Karrie\u00adre\u00adweges. <\/p>\n\n\n\n<div class=\"wp-block-group alignfull nhb-to-page has-background\" style=\"background-color:#a2b91e\"><div class=\"wp-block-group__inner-container is-layout-constrained wp-block-group-is-layout-constrained\">\n<div class=\"wp-block-columns alignwide banner-width is-layout-flex wp-container-core-columns-is-layout-9d6595d7 wp-block-columns-is-layout-flex\">\n<div class=\"wp-block-column is-vertically-aligned-bottom is-layout-flow wp-block-column-is-layout-flow\" style=\"flex-basis:50%\">\n<h2 class=\"wp-block-heading sup-head has-white-color has-text-color has-link-color wp-elements-8c3170c918ece6ee3e6179b92ae20bf0\">Nach\u00adhal\u00adtig\u00adkeits\u00adbe\u00adricht 2023\/24<\/h2>\n\n\n\n<h2 class=\"wp-block-heading has-white-color has-text-color has-background has-link-color wp-elements-7a6484f90887a596c0c79be504ec881f\" style=\"background-color:#a2b91e\">clear vision, sustainable mission<\/h2>\n\n\n\n<p class=\"has-white-color has-text-color has-link-color wp-elements-a1a978f78f82661182eda8bc9e897789\">Tauchen Sie ein in die Geschichten, die hinter unseren gr\u00fcnen Initia\u00adtiven stecken. Lassen Sie sich von dem Enga\u00adge\u00adment anste\u00adcken, mit dem wir eine bessere Zukunft gestalten.<\/p>\n\n\n\n<div class=\"wp-block-buttons is-vertical is-layout-flex wp-container-core-buttons-is-layout-8cf370e7 wp-block-buttons-is-layout-flex\">\n<div class=\"wp-block-button has-custom-font-size button-chevron-right nhb-pdf-download\" style=\"font-size:16px;text-transform:none\"><a class=\"wp-block-button__link has-background wp-element-button\" href=\"https:\/\/www.ebmpapst.com\/de\/de\/company\/sustainability.html#Broschure\" style=\"background-color:#007cbc\" target=\"_blank\" rel=\"noreferrer noopener\">Nach\u00adhal\u00adtig\u00adkeits\u00adbe\u00adricht als PDF <i class=\"mgznkr-icon fa fa-chevron-right fas\"><\/i><\/a><\/div>\n\n\n\n<div class=\"wp-block-button has-custom-font-size button-chevron-right\" style=\"font-size:16px;text-transform:none\"><a class=\"wp-block-button__link has-background wp-element-button\" href=\"https:\/\/mag.ebmpapst.com\/de\/nachhaltigkeitsbericht-2023-2024\" style=\"background-color:#007cbc\" target=\"_blank\" rel=\"noreferrer noopener\">Alle Geschichten entde\u00adcken <i class=\"mgznkr-icon fa fa-chevron-right fas\"><\/i><\/a><\/div>\n<\/div>\n<\/div>\n<\/div>\n\n\n\n<style>\n.post div.nhb-to-page{\nmargin-bottom: 30px;\n}\ndiv.nhb-to-page{\nmargin-top: 30px;\nmargin-bottom: 100px;\n}\n.alignwide.banner-width {\nmax-width: 100%;\nwidth: 1240px;\npadding: 30px;\nmargin: 0;\n}\n.nhb-to-page .wp-block-button a {\ntext-transform: unset;\n}\n.sup-head{\nfont-size: 2.1rem\n}\n.nhb-to-page h2:not(.sup-head) {\nmargin-top: 2px;\npadding: 0.3em 0.4em 0.2em 0.4em;\ntext-transform: uppercase;\ndisplay: inline-block;\nfont-size: 2.6rem;\n}\n.article-content .nhb-to-page h2{\n margin-top: 0\n}\n.nhb-to-page .wp-block-buttons,\n.nhb-to-page .wp-block-image  {\nmargin-bottom: 0;\n}\n.nhb-to-page > div {\nposition: relative;\nz-index: 0;\n}\n.nhb-to-page > div:before {\ncontent:'';\ndisplay: block;\nposition: absolute;\nz-index: -1;\ntop:0;\nwidth: 100%;\nheight: 100%;\nbackground-image: url('\/\/ebmpapst-7237.kxcdn.com\/de\/files\/2024\/06\/Banner-NHB-ebm-papst-2024_6.jpg');\nbackground-position: 0% 40%;\nbackground-repeat: no-repeat;\nbackground-size: cover;\n}\n@media (min-width: 500px) {\n.nhb-to-page h2:not(.sup-head) {\nmin-width: max-content;\n}\n}\n\n@media (min-width: 1003px) {\n.nhb-to-page .wp-container-core-buttons-is-layout-1.wp-container-core-buttons-is-layout-1 {\nflex-direction: row;\ngap: 1em;\n}\n}\n<\/style><script type=\"text\/javascript\">\n\tjQuery(document).ready(function($){\n\t\t$(\".nhb-pdf-download\").on( \"click\", function() {\n\t\t\t_paq.push([\"trackEvent\", \"nhb-2024\", \"nhb-pdf-download\"]);\n\t\t})\n\t});\n<\/script>\n<\/div><\/div>\n\n\n\n<p>Sarah Akhtar ist HR Expert for Diver\u00adsity &amp; Inclu\u00adsion und wei\u00df von mehreren Pilo\u00adt\u00adin\u00aditia\u00adtiven zu berichten, die ihren Beitrag zur Viel\u00adfalt in allen Berei\u00adchen des Unter\u00adneh\u00admens leisten. \u201eMit einer Aktion am Standort Landshut m\u00f6chten wir zum Beispiel gezielt Frauen f\u00fcr eine T\u00e4tig\u00adkeit in der Logistik begeis\u00adtern\u201c, stellt sie vor. \u201eIndem wir ihnen die unter\u00adschied\u00adli\u00adchen M\u00f6glich\u00adkeiten aufzeigen, nehmen wir Inter\u00ades\u00adsen\u00adtinnen die Scheu, in diesen Bereich zu wech\u00adseln.\u201c<\/p>\n\n\n\n<p>Welt\u00adweit werden zudem Ans\u00e4tze verfolgt, die Menschen mit Handicap im Arbeits\u00adalltag entge\u00adgen\u00adkommen: In der Produk\u00adtion am Standort Landshut bestehen beispiels\u00adweise spezi\u00adelle Inklu\u00adsi\u00adons\u00adar\u00adbeits\u00adpl\u00e4tze. Aber auch au\u00dfer\u00adhalb Deutsch\u00adlands setzt ebm-papst stark auf Inklu\u00adsion und Akzep\u00adtanz, wie Sarah Worden, Senior Director Human Resources Americas, berichtet: \u201eIn unseren ameri\u00adka\u00adni\u00adschen Nieder\u00adlas\u00adsungen setzen sich die Mitar\u00adbei\u00adtenden regel\u00adm\u00e4\u00dfig daf\u00fcr ein, ein st\u00e4r\u00adkeres Bewusst\u00adsein f\u00fcr Erkran\u00adkungen und Handi\u00adcaps zu schaffen.\u201c<\/p>\n\n\n\n<p>Anlass daf\u00fcr bieten Akti\u00adons\u00adtage wie der Welt-Down-Syndrom-Tag. Die Mitar\u00adbei\u00adtenden sind dazu aufge\u00adfor\u00addert, zwei verschie\u00addene, bunte Socken zu tragen. Durch das Tragen unter\u00adschied\u00adli\u00adcher Socken m\u00f6chten wir die Einzig\u00adar\u00adtig\u00adkeit jedes einzelnen Menschen feiern, unab\u00adh\u00e4ngig von Unter\u00adschieden. Dass diese Philo\u00adso\u00adphie auch au\u00dfer\u00adhalb des Unter\u00adneh\u00admens gelebt wird, versteht sich dabei von selbst und wird auch durch die offenen T\u00fcren des People House verdeut\u00adlicht. <\/p>\n\n\n\n<figure class=\"wp-block-image alignwide size-full\"><img loading=\"lazy\" decoding=\"async\" width=\"1920\" height=\"1235\" src=\"https:\/\/ebmpapst-7237.kxcdn.com\/de\/files\/2024\/07\/EBMP-001-A003_Realisation_Nachhaltigkeitsbericht_Kennzahlen_DE_1920.webp\" alt class=\"wp-image-34949\" srcset=\"https:\/\/ebmpapst-7237.kxcdn.com\/de\/files\/2024\/07\/EBMP-001-A003_Realisation_Nachhaltigkeitsbericht_Kennzahlen_DE_1920.webp 1920w, https:\/\/ebmpapst-7237.kxcdn.com\/de\/files\/2024\/07\/EBMP-001-A003_Realisation_Nachhaltigkeitsbericht_Kennzahlen_DE_1920-660x425.webp 660w, https:\/\/ebmpapst-7237.kxcdn.com\/de\/files\/2024\/07\/EBMP-001-A003_Realisation_Nachhaltigkeitsbericht_Kennzahlen_DE_1920-960x618.webp 960w, https:\/\/ebmpapst-7237.kxcdn.com\/de\/files\/2024\/07\/EBMP-001-A003_Realisation_Nachhaltigkeitsbericht_Kennzahlen_DE_1920-260x167.webp 260w, https:\/\/ebmpapst-7237.kxcdn.com\/de\/files\/2024\/07\/EBMP-001-A003_Realisation_Nachhaltigkeitsbericht_Kennzahlen_DE_1920-768x494.webp 768w, https:\/\/ebmpapst-7237.kxcdn.com\/de\/files\/2024\/07\/EBMP-001-A003_Realisation_Nachhaltigkeitsbericht_Kennzahlen_DE_1920-1536x988.webp 1536w, https:\/\/ebmpapst-7237.kxcdn.com\/de\/files\/2024\/07\/EBMP-001-A003_Realisation_Nachhaltigkeitsbericht_Kennzahlen_DE_1920-450x289.webp 450w, https:\/\/ebmpapst-7237.kxcdn.com\/de\/files\/2024\/07\/EBMP-001-A003_Realisation_Nachhaltigkeitsbericht_Kennzahlen_DE_1920-300x193.webp 300w, https:\/\/ebmpapst-7237.kxcdn.com\/de\/files\/2024\/07\/EBMP-001-A003_Realisation_Nachhaltigkeitsbericht_Kennzahlen_DE_1920-280x180.webp 280w\" sizes=\"auto, (max-width: 1920px) 100vw, 1920px\"><figcaption class=\"wp-element-caption\">Die Mitar\u00adbei\u00adten\u00adden\u00adkenn\u00adzahlen in den Regionen Amerika, Europa und APAC. (Graphic | D1min \u2013 stock.adobe.com)<\/figcaption><\/figure>\n\n\n\n<p>Mit der aktiven und auch finan\u00adzi\u00adellen Unter\u00adst\u00fct\u00adzung viel\u00adf\u00e4l\u00adtiger Projekte an unseren Stand\u00adorten, unter anderem von Kinder\u00adkran\u00adken\u00adh\u00e4u\u00adsern und Inklu\u00adsi\u00adons\u00adschulen, leisten wir unseren Beitrag, um eine moderne medi\u00adzi\u00adni\u00adsche Versor\u00adgung und die Teil\u00adhabe am gesell\u00adschaft\u00adli\u00adchen Leben sicher\u00adzu\u00adstellen. Im Jahr 2023 resul\u00adtierte daraus etwa die Anschaf\u00adfung einer roll\u00adstuhl\u00adge\u00adrechten Wippe f\u00fcr den Spiel\u00adplatz der Andreas-Fr\u00f6h\u00adlich-Schule in Kraut\u00adheim.<\/p>\n\n\n\n<h2 class=\"wp-block-heading\">Hilfe in Not<\/h2>\n\n\n\n<div class=\"wp-block-group article-sidebox\"><div class=\"wp-block-group__inner-container is-layout-flow wp-block-group-is-layout-flow\">\n<div style=\"height:9px\" aria-hidden=\"true\" class=\"wp-block-spacer\"><\/div>\n\n\n\n<h3 class=\"wp-block-heading\">Wir ver\u00e4n\u00addern die Welt. Gemeinsam.<\/h3>\n\n\n\n<p>Wir haben uns dem Ziel verschrieben, f\u00fcr ein gutes Klima zu sorgen \u2013 auch unter\u00adein\u00adander. Wir bei ebm-papst nennen das \u201eBetter Working\u201c, \u201eBetter Teams\u201c und \u201eBetter Future\u201c.<\/p>\n\n\n\n<div class=\"wp-block-buttons is-layout-flex wp-block-buttons-is-layout-flex\">\n<div class=\"wp-block-button has-custom-font-size is-style-fill\" style=\"font-size:18px\"><a class=\"wp-block-button__link wp-element-button\" href=\"https:\/\/career.ebmpapst.com\/de\/home.html\" target=\"_blank\" rel=\"noreferrer noopener\">ebm-papst als Arbeit\u00adgeber <i class=\"mgznkr-icon fa fa-chevron-right fas\"><\/i><\/a><\/div>\n<\/div>\n<\/div><\/div>\n\n\n\n<p>Unter\u00adst\u00fct\u00adzung durch ebm-papst erfahren selbst\u00adver\u00adst\u00e4nd\u00adlich auch dieje\u00adnigen, die in akute Not geraten sind: Ein j\u00fcngeres Beispiel f\u00fcr dieses soziale Enga\u00adge\u00adment ist etwa die Nothilfe in Slowe\u00adnien nach der Flut im Sommer 2023. Sara \u010cu\u010dnik, Head of HR Depart\u00adment ebm-papst Slove\u00adnija d.o.o., erin\u00adnert sich genau: \u201eebm-papst hat nicht nur finan\u00adzi\u00adelle Hilfe geleistet. Wir haben auch noch am glei\u00adchen Tag eine Samm\u00adlung f\u00fcr drin\u00adgend ben\u00f6\u00adtigte Hilfs\u00adg\u00fcter initi\u00adiert.\u201c Da unser lokaler Standort in Cerknica von der Kata\u00adstrophe verschont blieb, konnten sich die knapp 600 Kolleg:innen vor Ort mit ganzer Kraft der Unter\u00adst\u00fct\u00adzung Betrof\u00adfener widmen. <\/p>\n\n\n\n<p>Mitar\u00adbei\u00adtende, die aktiv geholfen haben, erhielten daf\u00fcr zwei Tage Sonder\u00adur\u00adlaub. \u201eDiese Beispiele zeigen, dass Mensch\u00adlich\u00adkeit der wohl st\u00e4rkste Wert unserer Unter\u00adneh\u00admens\u00adkultur ist\u201c, so Dr. Sonja Flei\u00adscher. Denn nur wenn ein vertrau\u00adens\u00advolles und trans\u00adpa\u00adrentes Mitein\u00adander besteht, kann die inter\u00adna\u00adtio\u00adnale und abtei\u00adlungs\u00ad\u00fcber\u00adgrei\u00adfende Zusam\u00admen\u00adar\u00adbeit erfolg\u00adreich sein. \u201eUnsere Mitar\u00adbei\u00adtenden wissen genau, dass sie das Klima ihres direkten Arbeits\u00adum\u00adfelds selbst in der Hand haben. Und ich freue mich darauf, gemeinsam mit ihnen allen die Vision des People House weiter mit Leben zu f\u00fcllen.\u201c Denn vom Ziel \u2013 einem vertrau\u00adens\u00advollen und trans\u00adpa\u00adrenten Mitein\u00adander \u2013 k\u00f6nnen alle Betei\u00adligten profi\u00adtieren.<\/p>\n","protected":false},"excerpt":{"rendered":"<p>\u201eDas People House ist die Vision, aus der wir unsere ebm-papst spezi\u00adfi\u00adsche und zukunfts\u00adori\u00aden\u00adtierte Mitar\u00adbei\u00adten\u00addenstra\u00adtegie ableiten\u201c, erkl\u00e4rt Dr. Sonja Flei\u00adscher, Chief Human Resources Officer (CHRO) bei ebm-papst. Es ist nicht nur ein Haus, sondern ein Leit\u00adbild, das unsere Werte sowie die Bed\u00fcrf\u00adnisse unserer Mitar\u00adbei\u00adtenden wider\u00adspie\u00adgelt. F\u00fcr die Ausge\u00adstal\u00adtung haben wir unz\u00e4h\u00adlige Inter\u00adviews in allen Regionen [\u2026]<\/p>\n","protected":false},"author":43,"featured_media":0,"comment_status":"open","ping_status":"closed","sticky":false,"template":"","format":"standard","meta":{"_acf_changed":false,"wp_typography_post_enhancements_disabled":false,"footnotes":""},"categories":[325],"tags":[],"class_list":["post-34217","post","type-post","status-publish","format-standard","hentry","category-nachhaltigkeitsbericht-2023-2024"],"acf":[],"_links":{"self":[{"href":"https:\/\/mag.ebmpapst.com\/de\/wp-json\/wp\/v2\/posts\/34217","targetHints":{"allow":["GET"]}}],"collection":[{"href":"https:\/\/mag.ebmpapst.com\/de\/wp-json\/wp\/v2\/posts"}],"about":[{"href":"https:\/\/mag.ebmpapst.com\/de\/wp-json\/wp\/v2\/types\/post"}],"author":[{"embeddable":true,"href":"https:\/\/mag.ebmpapst.com\/de\/wp-json\/wp\/v2\/users\/43"}],"replies":[{"embeddable":true,"href":"https:\/\/mag.ebmpapst.com\/de\/wp-json\/wp\/v2\/comments?post=34217"}],"version-history":[{"count":34,"href":"https:\/\/mag.ebmpapst.com\/de\/wp-json\/wp\/v2\/posts\/34217\/revisions"}],"predecessor-version":[{"id":34978,"href":"https:\/\/mag.ebmpapst.com\/de\/wp-json\/wp\/v2\/posts\/34217\/revisions\/34978"}],"wp:attachment":[{"href":"https:\/\/mag.ebmpapst.com\/de\/wp-json\/wp\/v2\/media?parent=34217"}],"wp:term":[{"taxonomy":"category","embeddable":true,"href":"https:\/\/mag.ebmpapst.com\/de\/wp-json\/wp\/v2\/categories?post=34217"},{"taxonomy":"post_tag","embeddable":true,"href":"https:\/\/mag.ebmpapst.com\/de\/wp-json\/wp\/v2\/tags?post=34217"}],"curies":[{"name":"wp","href":"https:\/\/api.w.org\/{rel}","templated":true}]}}