{"id":33745,"date":"2024-06-18T12:44:30","date_gmt":"2024-06-18T10:44:30","guid":{"rendered":"https:\/\/mag.ebmpapst.com\/de\/?p=33745"},"modified":"2025-08-19T14:37:33","modified_gmt":"2025-08-19T12:37:33","slug":"ventilatoren-fuer-rechenzentren-klimatisierung-kuehlung","status":"publish","type":"post","link":"https:\/\/mag.ebmpapst.com\/de\/branchen\/kaelte-klima\/ventilatoren-fuer-rechenzentren-klimatisierung-kuehlung_33745\/","title":{"rendered":"Venti\u00adla\u00adtoren f\u00fcr Rechen\u00adzen\u00adtren: Coole Server, sichere Daten"},"content":{"rendered":"\n<p>Eine der wich\u00adtigsten Aufgaben eines jeden Betrei\u00adbers von Rechen\u00adzen\u00adtren ist es, die klima\u00adti\u00adschen Bedin\u00adgungen in Server\u00adr\u00e4umen zu \u00fcber\u00adwa\u00adchen und zu steuern. Hohe Tempe\u00adra\u00adturen und Luft\u00adfeuch\u00adtig\u00adkeit schaden den IT-Ger\u00e4ten und f\u00fchren zu Ausf\u00e4llen. Klima\u00adti\u00adsie\u00adrungs\u00adkon\u00adzepte m\u00fcssen dem entge\u00adgen\u00adwirken. Dabei kommen unter\u00adschied\u00adliche L\u00f6sungen zum Einsatz, denn schon baulich gesehen gleicht kein Rechen\u00adzen\u00adtrum dem anderen (Bild 1). <\/p>\n\n\n<div class=\"wp-block-image\">\n<figure class=\"aligncenter size-medium\"><img loading=\"lazy\" decoding=\"async\" width=\"660\" height=\"378\" src=\"https:\/\/ebmpapst-7237.kxcdn.com\/de\/files\/2024\/05\/ebm-papst_datcenter_Bild_1-Rechenzentrum_Anwendungen-660x378.jpg\" alt class=\"wp-image-33753\" srcset=\"https:\/\/ebmpapst-7237.kxcdn.com\/de\/files\/2024\/05\/ebm-papst_datcenter_Bild_1-Rechenzentrum_Anwendungen-660x378.jpg 660w, https:\/\/ebmpapst-7237.kxcdn.com\/de\/files\/2024\/05\/ebm-papst_datcenter_Bild_1-Rechenzentrum_Anwendungen-960x550.jpg 960w, https:\/\/ebmpapst-7237.kxcdn.com\/de\/files\/2024\/05\/ebm-papst_datcenter_Bild_1-Rechenzentrum_Anwendungen-260x149.jpg 260w, https:\/\/ebmpapst-7237.kxcdn.com\/de\/files\/2024\/05\/ebm-papst_datcenter_Bild_1-Rechenzentrum_Anwendungen-768x440.jpg 768w, https:\/\/ebmpapst-7237.kxcdn.com\/de\/files\/2024\/05\/ebm-papst_datcenter_Bild_1-Rechenzentrum_Anwendungen-1536x880.jpg 1536w, https:\/\/ebmpapst-7237.kxcdn.com\/de\/files\/2024\/05\/ebm-papst_datcenter_Bild_1-Rechenzentrum_Anwendungen-450x258.jpg 450w, https:\/\/ebmpapst-7237.kxcdn.com\/de\/files\/2024\/05\/ebm-papst_datcenter_Bild_1-Rechenzentrum_Anwendungen-300x172.jpg 300w, https:\/\/ebmpapst-7237.kxcdn.com\/de\/files\/2024\/05\/ebm-papst_datcenter_Bild_1-Rechenzentrum_Anwendungen.jpg 1920w\" sizes=\"auto, (max-width: 660px) 100vw, 660px\"><figcaption class=\"wp-element-caption\">Bild 1: Eine der wich\u00adtigsten Aufgaben eines jeden Betrei\u00adbers von Rechen\u00adzen\u00adtren ist es, das Raum\u00adklima zu \u00fcber\u00adwa\u00adchen und zu steuern. Dabei kommen unter\u00adschied\u00adliche L\u00f6sungen zum Einsatz, denn schon baulich gesehen gleicht kein Rechen\u00adzen\u00adtrum dem anderen. (Grafik | ebm-papst)<\/figcaption><\/figure>\n<\/div>\n\n\n<p>Typi\u00adsche K\u00fchl-Anwen\u00addungen reichen vom In-Row-Cooling der Server\u00adracks \u00fcber Kalt\u00adwas\u00adser\u00ads\u00e4tze (Chiller) bis hin zu Pr\u00e4zi\u00adsi\u00adons\u00adkli\u00adma\u00adge\u00adr\u00e4ten oder anderen Raum\u00adluft\u00adtech\u00adni\u00adschen Ger\u00e4ten (RLT). F\u00fcr diese unter\u00adschied\u00adli\u00adchen Klima\u00adti\u00adsie\u00adrungs\u00adl\u00f6\u00adsungen hat ebm-papst eine Viel\u00adzahl passender EC-Axial- und Radi\u00adal\u00adven\u00adti\u00adla\u00adtoren im Programm, die im Hinblick auf die in Rechen\u00adzen\u00adtren geltenden Anfor\u00adde\u00adrungen ausge\u00adlegt sind.<\/p>\n\n\n\n<div class=\"wp-block-group alignfull mgznkr-cta-retrofit-banner\"><div class=\"wp-block-group__inner-container is-layout-constrained wp-block-group-is-layout-constrained\">\n<style>\n.mgznkr-cta-retrofit-banner .alignwide.banner-width {\n  max-width: 100%;\n  width: 1240px;\n  margin: 0 auto;\n--mark-bgcolor: #00a633;\n--mark-color: white;\n}\n@media (max-width: 781px) {\n.mgznkr-cta-retrofit-banner .wp-block-cover .wp-block-cover__image-background {\nobject-position: 17% 50%!important;\n}\n\n.mgznkr-column-spacer p {display: none; }\n}\n@media (min-width: 782px) {\n.mgznkr-column-spacer p a {\n  min-height: 290px;\n  min-width: 100%;\n  display: block;\n  border-radius: 50px;\nfont-size: 0;\n}\n}\n\n.mgznkr-cta-retrofit-banner .wp-block-columns .wp-block-column:first-of-type{\n    position:relative;\n}\n.mgznkr-cta-retrofit-banner .wp-block-columns .wp-block-column:first-of-type::before {\n    content: \"\";\n    position: absolute;\n    width: 170%;\n    height: 100%;\n    background: #a2b91e;\n    z-index: 0;\n    top: 0;\n    left: 0;\n}\n.mgznkr-cta-retrofit-banner .wp-block-column{\n    z-index: 10;\n    &:first-of-type{\n        padding-left: 4rem;\n    }\n}\n.mgznkr-cta-retrofit-banner .wp-block-column *{\nposition: relative;\nz-index: 10;\n}\n.mgznkr-cta-retrofit-banner .wp-block-column figure.wp-block-image{\n    margin-bottom: 0;\n}\n@media (width < 782px){\n.mgznkr-cta-retrofit-banner .mgznkr-mobile-hidden{\ndisplay: none;\n}\n.mgznkr-cta-retrofit-banner .wp-block-columns .wp-block-column:first-of-type{\n  padding-right: 4rem;\n}\n.mgznkr-cta-retrofit-banner .wp-block-columns .wp-block-column:first-of-type::before {\n  width: 100%;\n}\n}\n\n<\/style>\n\n\n\n<div style=\"height:32px\" aria-hidden=\"true\" class=\"wp-block-spacer\"><\/div>\n\n\n\n<div class=\"wp-block-cover\" style=\"min-height:350px;aspect-ratio:unset;\"><img loading=\"lazy\" decoding=\"async\" width=\"960\" height=\"400\" class=\"wp-block-cover__image-background wp-image-38370 size-large\" alt src=\"https:\/\/ebmpapst-7237.kxcdn.com\/de\/files\/2025\/08\/L2A-Awareness-Campaign-960x400.webp\" data-object-fit=\"cover\" srcset=\"https:\/\/ebmpapst-7237.kxcdn.com\/de\/files\/2025\/08\/L2A-Awareness-Campaign-960x400.webp 960w, https:\/\/ebmpapst-7237.kxcdn.com\/de\/files\/2025\/08\/L2A-Awareness-Campaign-660x275.webp 660w, https:\/\/ebmpapst-7237.kxcdn.com\/de\/files\/2025\/08\/L2A-Awareness-Campaign-260x108.webp 260w, https:\/\/ebmpapst-7237.kxcdn.com\/de\/files\/2025\/08\/L2A-Awareness-Campaign-768x320.webp 768w, https:\/\/ebmpapst-7237.kxcdn.com\/de\/files\/2025\/08\/L2A-Awareness-Campaign-1536x640.webp 1536w, https:\/\/ebmpapst-7237.kxcdn.com\/de\/files\/2025\/08\/L2A-Awareness-Campaign-450x188.webp 450w, https:\/\/ebmpapst-7237.kxcdn.com\/de\/files\/2025\/08\/L2A-Awareness-Campaign-300x125.webp 300w, https:\/\/ebmpapst-7237.kxcdn.com\/de\/files\/2025\/08\/L2A-Awareness-Campaign.webp 1920w\" sizes=\"auto, (max-width: 960px) 100vw, 960px\"><span aria-hidden=\"true\" class=\"wp-block-cover__background has-background-dim-0 has-background-dim\" style=\"background-color:#e0e6e6\"><\/span><div class=\"wp-block-cover__inner-container is-layout-constrained wp-block-cover-is-layout-constrained\">\n<div class=\"wp-block-columns alignwide banner-width is-layout-flex wp-container-core-columns-is-layout-9d6595d7 wp-block-columns-is-layout-flex\">\n<div class=\"wp-block-column is-vertically-aligned-center is-layout-flow wp-block-column-is-layout-flow\" style=\"flex-basis:50%\">\n<h2 class=\"wp-block-heading mgznkr-click has-white-color has-text-color has-link-color wp-elements-362af95064a04990656ab0ffee238911\" id=\"retrofit-banner-head\" style=\"font-size:1.6em;text-transform:uppercase\"><a href=\"https:\/\/www.ebmpapst.com\/de\/de\/campaigns\/industry-campaigns\/data-center.html#cooling-solutions\" target=\"_blank\" rel=\"noreferrer noopener\">High Perfor\u00admance, Low Carbon:<\/a><\/h2>\n\n\n\n<div style=\"height:10px\" aria-hidden=\"true\" class=\"wp-block-spacer\"><\/div>\n\n\n\n<p>ebm-papst inter\u00adpre\u00adtiert die K\u00fchlung von Rechen-zentren neu. Unsere effi\u00adzi\u00adenten K\u00fchl\u00adl\u00f6\u00adsungen verbinden Ener\u00adgie\u00adef\u00adfi\u00adzienz mit hoher Leis\u00adtungs\u00addichte.<\/p>\n\n\n\n<div class=\"wp-block-buttons is-layout-flex wp-block-buttons-is-layout-flex\">\n<div class=\"wp-block-button is-style-fill mgznkr-click\" id=\"retrofit-banner-button\"><a class=\"wp-block-button__link has-background has-custom-font-size wp-element-button\" href=\"https:\/\/www.ebmpapst.com\/de\/de\/campaigns\/industry-campaigns\/data-center.html#cooling-solutions\" style=\"background-color:#0072bb;font-size:18px\" target=\"_blank\" rel=\"noreferrer noopener\">Jetzt zuver\u00adl\u00e4s\u00adsige K\u00fchlung sicher\u00adstellen <i class=\"mgznkr-icon fa fa-chevron-right fas\"><\/i><\/a><\/div>\n<\/div>\n<\/div>\n\n\n\n<div class=\"wp-block-column is-vertically-aligned-bottom mgznkr-column-spacer mgznkr-mobile-hidden is-layout-flow wp-block-column-is-layout-flow\" style=\"flex-basis:50%\">\n<figure class=\"wp-block-image size-full\"><img loading=\"lazy\" decoding=\"async\" width=\"2560\" height=\"1727\" src=\"https:\/\/ebmpapst-7237.kxcdn.com\/de\/files\/2025\/08\/L2A-Awareness-Campaign-00-scaled.webp\" alt class=\"wp-image-38386\" style=\"object-fit:cover\" srcset=\"https:\/\/ebmpapst-7237.kxcdn.com\/de\/files\/2025\/08\/L2A-Awareness-Campaign-00-scaled.webp 2560w, https:\/\/ebmpapst-7237.kxcdn.com\/de\/files\/2025\/08\/L2A-Awareness-Campaign-00-660x445.webp 660w, https:\/\/ebmpapst-7237.kxcdn.com\/de\/files\/2025\/08\/L2A-Awareness-Campaign-00-960x647.webp 960w, https:\/\/ebmpapst-7237.kxcdn.com\/de\/files\/2025\/08\/L2A-Awareness-Campaign-00-260x175.webp 260w, https:\/\/ebmpapst-7237.kxcdn.com\/de\/files\/2025\/08\/L2A-Awareness-Campaign-00-768x518.webp 768w, https:\/\/ebmpapst-7237.kxcdn.com\/de\/files\/2025\/08\/L2A-Awareness-Campaign-00-1536x1036.webp 1536w, https:\/\/ebmpapst-7237.kxcdn.com\/de\/files\/2025\/08\/L2A-Awareness-Campaign-00-2048x1381.webp 2048w, https:\/\/ebmpapst-7237.kxcdn.com\/de\/files\/2025\/08\/L2A-Awareness-Campaign-00-450x303.webp 450w, https:\/\/ebmpapst-7237.kxcdn.com\/de\/files\/2025\/08\/L2A-Awareness-Campaign-00-300x202.webp 300w\" sizes=\"auto, (max-width: 2560px) 100vw, 2560px\"><\/figure>\n<\/div>\n<\/div>\n<\/div><\/div>\n\n\n\n<div style=\"height:36px\" aria-hidden=\"true\" class=\"wp-block-spacer\"><\/div>\n<\/div><\/div>\n\n\n\n<div class=\"wp-block-group mgznkr-elements mgznkr-box\"><div class=\"wp-block-group__inner-container is-layout-flow wp-block-group-is-layout-flow\">\n<h3 class=\"wp-block-heading\">Ein Beispiel aus der Praxis: NTT Global Data Center <\/h3>\n\n\n\n<p>NTT Global Data Centers EMEA GmbH ist ein <strong>welt\u00adweit f\u00fchrender IT-Dienst\u00adleister<\/strong> mit allein vier Rechen\u00adzen\u00adtrums\u00adstand\u00adorten in Frank\u00adfurt. Der <strong>Rechen\u00adzen\u00adtrums\u00adcampus Frank\u00adfurt 1 <\/strong>beispiels\u00adweise ist mit rund <strong>50.000 Quadrat\u00admeter IT-Fl\u00e4che<\/strong> einer der gr\u00f6\u00dften Rechen\u00adzen\u00adtrums\u00adstand\u00adorte Europas. F\u00fcr die K\u00fchlung sorgen <strong>Pr\u00e4zi\u00adsi\u00adons\u00adkli\u00adma\u00adge\u00adr\u00e4te<\/strong>. Sie saugen die rund 36 bis 39 \u00b0C warme Abluft an, filtern, k\u00fchlen und befeuchten sie und f\u00fchren die auf 23 bis 24 \u00b0C abge\u00adk\u00fchlte Luft durch einen Doppel\u00adboden und Ausl\u00e4sse gezielt zu den Server\u00adracks. Das konti\u00adnu\u00adier\u00adliche F\u00f6rdern \u00fcber\u00adnehmen in jedem Klima\u00adger\u00e4t drei <strong>EC-Radi\u00adal\u00adven\u00adti\u00adla\u00adtoren<\/strong> der RadiPac Reihe von ebm-papst. <\/p>\n\n\n\n<div class=\"wp-block-group\"><div class=\"wp-block-group__inner-container is-layout-constrained wp-block-group-is-layout-constrained\"><div class=\"wp-block-image\">\n<figure class=\"aligncenter size-medium\"><img loading=\"lazy\" decoding=\"async\" width=\"660\" height=\"371\" src=\"https:\/\/ebmpapst-7237.kxcdn.com\/de\/files\/2024\/05\/NTT-DataCenter_outside_1920x1080-660x371.jpg\" alt class=\"wp-image-33754\" srcset=\"https:\/\/ebmpapst-7237.kxcdn.com\/de\/files\/2024\/05\/NTT-DataCenter_outside_1920x1080-660x371.jpg 660w, https:\/\/ebmpapst-7237.kxcdn.com\/de\/files\/2024\/05\/NTT-DataCenter_outside_1920x1080-960x540.jpg 960w, https:\/\/ebmpapst-7237.kxcdn.com\/de\/files\/2024\/05\/NTT-DataCenter_outside_1920x1080-260x146.jpg 260w, https:\/\/ebmpapst-7237.kxcdn.com\/de\/files\/2024\/05\/NTT-DataCenter_outside_1920x1080-768x432.jpg 768w, https:\/\/ebmpapst-7237.kxcdn.com\/de\/files\/2024\/05\/NTT-DataCenter_outside_1920x1080-1536x864.jpg 1536w, https:\/\/ebmpapst-7237.kxcdn.com\/de\/files\/2024\/05\/NTT-DataCenter_outside_1920x1080-450x253.jpg 450w, https:\/\/ebmpapst-7237.kxcdn.com\/de\/files\/2024\/05\/NTT-DataCenter_outside_1920x1080-300x169.jpg 300w, https:\/\/ebmpapst-7237.kxcdn.com\/de\/files\/2024\/05\/NTT-DataCenter_outside_1920x1080.jpg 1920w\" sizes=\"auto, (max-width: 660px) 100vw, 660px\"><figcaption class=\"wp-element-caption\">Foto: NTT Global Data Center EMEA GmbH<\/figcaption><\/figure>\n<\/div><\/div><\/div>\n\n\n\n<p>Insge\u00adsamt sind diese Venti\u00adla\u00adtoren seit fast 10 Jahren in Frank\u00adfurt 1 in Betrieb. Dabei gibt es eine Beson\u00adder\u00adheit: Die Standby-Pr\u00e4zi\u00adsi\u00adons\u00adkli\u00adma\u00adge\u00adr\u00e4te sind nicht nur aus Gr\u00fcnden der Redun\u00addanz aufge\u00adstellt, sondern sie laufen parallel immer mit nied\u00adriger Dreh\u00adzahl mit. Das erh\u00f6ht die Lebens\u00addauer der Venti\u00adla\u00adtoren und stei\u00adgert gleich\u00adzeitig die Effi\u00adzienz. <\/p>\n\n\n\n<p>Dank der pr\u00e4zisen Diffe\u00adrenz\u00addruck\u00adre\u00adge\u00adlung im Bereich von vier bis sechs Pascal passt sich die L\u00fcfter\u00addreh\u00adzahl aller Klima\u00adge\u00adr\u00e4te auto\u00adma\u00adtisch an, wenn ein Pr\u00e4zi\u00adsi\u00adons\u00adkli\u00adma\u00adger\u00e4t ausf\u00e4llt oder wenn sich die Server\u00adleis\u00adtung dyna\u00admisch ver\u00e4n\u00addert. Alle Venti\u00adla\u00adtoren verbrau\u00adchen dadurch beacht\u00adliche 30 Prozent weniger Strom und tragen damit zu einem guten EER-Wert bei, der die K\u00fchl\u00adka\u00adpa\u00adzit\u00e4t eines Klima\u00adge\u00adr\u00e4ts im Vergleich zum Strom\u00adver\u00adbrauch angibt.<\/p>\n<\/div><\/div>\n\n\n\n<h2 class=\"wp-block-heading\">Axial\u00adven\u00adti\u00adla\u00adtoren: leise und f\u00fcr hohen Gegen\u00addruck geeignet<\/h2>\n\n\n\n<p>Rechen\u00adzen\u00adtren r\u00fccken zuneh\u00admend nicht nur n\u00e4her an Indus\u00adtrie- sondern auch an Wohn\u00adge\u00adbiete, um die Daten\u00adlei\u00adtungen kurz und damit m\u00f6glichst st\u00f6r\u00adsi\u00adcher zu halten. Das hat f\u00fcr die Betreiber Konse\u00adquenzen. Die gro\u00dfen Chiller, Dry Cooler oder Condenser m\u00fcssen die im jewei\u00adligen Gebiet geltenden L\u00e4rm\u00adschutz\u00adbe\u00adstim\u00admungen einhalten. F\u00fcr die einge\u00adsetzten Venti\u00adla\u00adtoren bedeutet das zwei\u00aderlei: Zum einen sollten sie selbst m\u00f6glichst leise arbeiten und keine unan\u00adge\u00adnehmen Ger\u00e4u\u00adsche verur\u00adsa\u00adchen. Zum anderen m\u00fcssen sie auch mit h\u00f6herem Gegen\u00addruck zurecht\u00adkommen, falls die Klima\u00adge\u00adr\u00e4te zus\u00e4tz\u00adliche Schall\u00adschutz\u00adma\u00df\u00adnahmen ben\u00f6\u00adtigen, weil beispiels\u00adweise der Kompressor sonst zu laut ist. <\/p>\n\n\n<div class=\"wp-block-image\">\n<figure class=\"aligncenter size-medium\"><img loading=\"lazy\" decoding=\"async\" width=\"660\" height=\"334\" src=\"https:\/\/ebmpapst-7237.kxcdn.com\/de\/files\/2024\/05\/ebm-papst_datacenter_Bild_2_AxiEco-AxiBlade-Kennlinie-1-660x334.jpg\" alt class=\"wp-image-33769\" srcset=\"https:\/\/ebmpapst-7237.kxcdn.com\/de\/files\/2024\/05\/ebm-papst_datacenter_Bild_2_AxiEco-AxiBlade-Kennlinie-1-660x334.jpg 660w, https:\/\/ebmpapst-7237.kxcdn.com\/de\/files\/2024\/05\/ebm-papst_datacenter_Bild_2_AxiEco-AxiBlade-Kennlinie-1-960x486.jpg 960w, https:\/\/ebmpapst-7237.kxcdn.com\/de\/files\/2024\/05\/ebm-papst_datacenter_Bild_2_AxiEco-AxiBlade-Kennlinie-1-260x131.jpg 260w, https:\/\/ebmpapst-7237.kxcdn.com\/de\/files\/2024\/05\/ebm-papst_datacenter_Bild_2_AxiEco-AxiBlade-Kennlinie-1-768x388.jpg 768w, https:\/\/ebmpapst-7237.kxcdn.com\/de\/files\/2024\/05\/ebm-papst_datacenter_Bild_2_AxiEco-AxiBlade-Kennlinie-1-1536x777.jpg 1536w, https:\/\/ebmpapst-7237.kxcdn.com\/de\/files\/2024\/05\/ebm-papst_datacenter_Bild_2_AxiEco-AxiBlade-Kennlinie-1-450x228.jpg 450w, https:\/\/ebmpapst-7237.kxcdn.com\/de\/files\/2024\/05\/ebm-papst_datacenter_Bild_2_AxiEco-AxiBlade-Kennlinie-1-300x152.jpg 300w, https:\/\/ebmpapst-7237.kxcdn.com\/de\/files\/2024\/05\/ebm-papst_datacenter_Bild_2_AxiEco-AxiBlade-Kennlinie-1.jpg 1920w\" sizes=\"auto, (max-width: 660px) 100vw, 660px\"><figcaption class=\"wp-element-caption\">Bild 2: Die Baureihe AxiEco (A und B) kommt vor allem bei Anwen\u00addungen zum Einsatz, bei denen ein hoher Druck\u00adaufbau gefragt ist, w\u00e4hrend die Axial\u00adven\u00adti\u00adla\u00adtoren AxiBlade (C und D) durch ihre hohe Leis\u00adtungs\u00addichte bei geringer Ger\u00e4usch\u00ademis\u00adsion \u00fcber\u00adzeugen. (Grafik | ebm-papst)<\/figcaption><\/figure>\n<\/div>\n\n\n<p>Mit AxiBlade und AxiEco gibt es hierf\u00fcr gleich zwei Axial\u00adven\u00adti\u00adla\u00adtoren-Baureihen, die die unter\u00adschied\u00adli\u00adchen Anfor\u00adde\u00adrungen abde\u00adcken (Bild 2). Erstere \u00fcber\u00adzeugen durch ihre hohe Leis\u00adtungs\u00addichte bei geringer Ger\u00e4usch\u00ademis\u00adsion, w\u00e4hrend die andere Baureihe sich vor allem f\u00fcr Anwen\u00addungen eignet, bei denen ein beson\u00adders hoher Druck\u00adaufbau gefragt ist, zum Beispiel wegen zus\u00e4tz\u00adli\u00adchen Schall\u00adschutz\u00adma\u00df\u00adnahmen oder spezi\u00adeller Tauscher-Geome\u00adtrien.<\/p>\n\n\n\n<h2 class=\"wp-block-heading\">Radi\u00adal\u00adven\u00adti\u00adla\u00adtoren: hohe Leis\u00adtungs\u00addichte und breites Wirkungs\u00adgrad\u00adop\u00adtimum<\/h2>\n\n\n\n<p>Auch Radi\u00adal\u00adven\u00adti\u00adla\u00adtoren finden in Rechen\u00adzen\u00adtren typi\u00adsche Einsatz\u00adbe\u00adreiche. Bei der Entwick\u00adlung der RadiPac Radi\u00adal\u00adven\u00adti\u00adla\u00adtoren beispiels\u00adweise wurde die reale Einbau\u00adsi\u00adtua\u00adtion in Computer Room Air Handler (CRAH) und RLT bereits mit einbe\u00adzogen. Insbe\u00adson\u00addere wurde das Abstr\u00f6m\u00adver\u00adhalten des Lauf\u00adrads opti\u00admiert und Umlenk\u00adver\u00adluste im Klima\u00adkas\u00adten\u00adger\u00e4t ebenso wie die Austritts\u00adver\u00adluste durch eine spezi\u00adelle Form\u00adge\u00adbung redu\u00adziert. Beim glei\u00adchen Betriebs\u00adpunkt k\u00f6nnen die Venti\u00adla\u00adtoren dadurch mit nied\u00adri\u00adgerer Dreh\u00adzahl laufen, was wiederum Ener\u00adgie\u00adein\u00adspa\u00adrungen erm\u00f6g\u00adlicht (Bild 3). Durch ein breites Wirkungs\u00adgrad\u00adop\u00adtimum und einen hohen stati\u00adschen Gesamt\u00adwir\u00adkungs\u00adgrad arbeiten die Venti\u00adla\u00adtoren in weiten Betriebs\u00adbe\u00adrei\u00adchen mit geringer Leis\u00adtungs\u00adauf\u00adnahme.<\/p>\n\n\n\n<figure class=\"wp-block-image size-large\"><img loading=\"lazy\" decoding=\"async\" width=\"960\" height=\"484\" src=\"https:\/\/ebmpapst-7237.kxcdn.com\/de\/files\/2024\/05\/ebm-papst_datacenter_Bild_3_Industriedach_RadiPac-1-960x484.jpg\" alt class=\"wp-image-33771\" srcset=\"https:\/\/ebmpapst-7237.kxcdn.com\/de\/files\/2024\/05\/ebm-papst_datacenter_Bild_3_Industriedach_RadiPac-1-960x484.jpg 960w, https:\/\/ebmpapst-7237.kxcdn.com\/de\/files\/2024\/05\/ebm-papst_datacenter_Bild_3_Industriedach_RadiPac-1-660x332.jpg 660w, https:\/\/ebmpapst-7237.kxcdn.com\/de\/files\/2024\/05\/ebm-papst_datacenter_Bild_3_Industriedach_RadiPac-1-260x131.jpg 260w, https:\/\/ebmpapst-7237.kxcdn.com\/de\/files\/2024\/05\/ebm-papst_datacenter_Bild_3_Industriedach_RadiPac-1-768x387.jpg 768w, https:\/\/ebmpapst-7237.kxcdn.com\/de\/files\/2024\/05\/ebm-papst_datacenter_Bild_3_Industriedach_RadiPac-1-1536x774.jpg 1536w, https:\/\/ebmpapst-7237.kxcdn.com\/de\/files\/2024\/05\/ebm-papst_datacenter_Bild_3_Industriedach_RadiPac-1-450x227.jpg 450w, https:\/\/ebmpapst-7237.kxcdn.com\/de\/files\/2024\/05\/ebm-papst_datacenter_Bild_3_Industriedach_RadiPac-1-300x151.jpg 300w, https:\/\/ebmpapst-7237.kxcdn.com\/de\/files\/2024\/05\/ebm-papst_datacenter_Bild_3_Industriedach_RadiPac-1.jpg 1920w\" sizes=\"auto, (max-width: 960px) 100vw, 960px\"><figcaption class=\"wp-element-caption\">Bild 3: Bei der Entwick\u00adlung der RadiPac Radi\u00adal\u00adven\u00adti\u00adla\u00adtoren wurde die reale Einbau\u00adsi\u00adtua\u00adtion in Computer Room Air Handler (CRAH) und raum\u00adluft\u00adtech\u00adni\u00adschen Ger\u00e4ten (RLT) bereits mit einbe\u00adzogen. (Grafik | ebm-papst)<\/figcaption><\/figure>\n\n\n\n<div class=\"wp-block-group article-sidebox\"><div class=\"wp-block-group__inner-container is-layout-flow wp-block-group-is-layout-flow\">\n<figure class=\"wp-block-image size-full img-border\"><a href=\"https:\/\/mag.ebmpapst.com\/de\/branchen\/elektronik\/what-the-tech-wie-kuehlt-man-rechenzentren_26478\/\" target=\"_blank\" rel=\"noreferrer noopener\"><img loading=\"lazy\" decoding=\"async\" width=\"1920\" height=\"1080\" src=\"https:\/\/ebmpapst-7237.kxcdn.com\/de\/files\/2022\/12\/wtt-16.jpg\" alt class=\"wp-image-26482\" srcset=\"https:\/\/ebmpapst-7237.kxcdn.com\/de\/files\/2022\/12\/wtt-16.jpg 1920w, https:\/\/ebmpapst-7237.kxcdn.com\/de\/files\/2022\/12\/wtt-16-660x371.jpg 660w, https:\/\/ebmpapst-7237.kxcdn.com\/de\/files\/2022\/12\/wtt-16-960x540.jpg 960w, https:\/\/ebmpapst-7237.kxcdn.com\/de\/files\/2022\/12\/wtt-16-260x146.jpg 260w, https:\/\/ebmpapst-7237.kxcdn.com\/de\/files\/2022\/12\/wtt-16-768x432.jpg 768w, https:\/\/ebmpapst-7237.kxcdn.com\/de\/files\/2022\/12\/wtt-16-1536x864.jpg 1536w, https:\/\/ebmpapst-7237.kxcdn.com\/de\/files\/2022\/12\/wtt-16-450x253.jpg 450w, https:\/\/ebmpapst-7237.kxcdn.com\/de\/files\/2022\/12\/wtt-16-300x169.jpg 300w\" sizes=\"auto, (max-width: 1920px) 100vw, 1920px\"><\/a><\/figure>\n\n\n\n<h3 class=\"wp-block-heading\">Wie k\u00fchlt man Rechen\u00adzen\u00adtren?<\/h3>\n\n\n\n<p>Das erkl\u00e4rt Ihnen dieses What the Tech?!-Erkl\u00e4rvideo.<\/p>\n\n\n\n<div class=\"wp-block-buttons is-layout-flex wp-block-buttons-is-layout-flex\">\n<div class=\"wp-block-button is-style-fill\"><a class=\"wp-block-button__link has-custom-font-size wp-element-button\" href=\"https:\/\/mag.ebmpapst.com\/de\/branchen\/elektronik\/what-the-tech-wie-kuehlt-man-rechenzentren_26478\/\" style=\"font-size:18px\" target=\"_blank\" rel=\"noreferrer noopener\">Jetzt anschauen <i class=\"mgznkr-icon fa fa-chevron-right fas\"><\/i><\/a><\/div>\n<\/div>\n<\/div><\/div>\n\n\n\n<h2 class=\"wp-block-heading\">Reso\u00adnan\u00adzer\u00adken\u00adnung erh\u00f6ht die Betriebs\u00adsi\u00adcher\u00adheit<\/h2>\n\n\n\n<p>Venti\u00adla\u00adtoren werden in Rechen\u00adzen\u00adtren in unter\u00adschied\u00adlichsten Anwen\u00addungen einge\u00adsetzt. Je nach Einbau\u00adsi\u00adtua\u00adtion kann es in nicht vorher\u00adseh\u00adbaren Dreh\u00adzahl\u00adbe\u00adrei\u00adchen zu Reso\u00adnanzen kommen. Wird ein Venti\u00adlator h\u00e4ufig in einem solchen kriti\u00adschen Bereich betrieben, kann das Lager\u00adsystem Schaden nehmen und so zum vorzei\u00adtigen Ausfall des Venti\u00adla\u00adtors f\u00fchren. F\u00fcr Anla\u00adgen\u00adbe\u00adtreiber sind diese Vibra\u00adtionen zwar messbar, lassen sich aber nicht einfach abstellen. ebm-papst l\u00f6st dieses Problem mit einer auto\u00adma\u00adti\u00adschen Reso\u00adnan\u00adzer\u00adken\u00adnung, die den Betrieb mit kriti\u00adschen Dreh\u00adzahlen vermeidet und so die Lebens\u00addauer bzw. die Betriebs\u00adsi\u00adcher\u00adheit erh\u00f6ht. <\/p>\n\n\n\n<p>Dazu kann bei der Inbe\u00adtrieb\u00adnahme ein Test-Hoch\u00adlauf durch\u00adge\u00adf\u00fchrt werden, bei dem die Schwing\u00adge\u00adschwin\u00addig\u00adkeit \u00fcber den gesamten Dreh\u00adzahl\u00adver\u00adlauf vom Still\u00adstand bis zur Nenn\u00addreh\u00adzahl analy\u00adsiert wird. Werden in bestimmten Berei\u00adchen zu hohe Schwing\u00adge\u00adschwin\u00addig\u00adkeiten erkannt, stellt sich die Steu\u00ader\u00adsoft\u00adware nach einer kunden\u00adsei\u00adtigen Akti\u00advie\u00adrung so ein, dass diese Dreh\u00adzahl\u00adbe\u00adreiche zuk\u00fcnftig \u201e\u00fcber\u00adfahren\u201c werden. Das hei\u00dft, sie werden zwar durch\u00adlaufen, aber ein dauer\u00adhafter Betrieb in diesen Berei\u00adchen wird vermieden (Bild 4). <\/p>\n\n\n<div class=\"wp-block-image\">\n<figure class=\"aligncenter size-medium\"><img loading=\"lazy\" decoding=\"async\" width=\"660\" height=\"291\" src=\"https:\/\/ebmpapst-7237.kxcdn.com\/de\/files\/2024\/05\/ebm-papst_datacenter_Bild_4_Schwingschnelle_300DE-1-660x291.jpg\" alt class=\"wp-image-33770\" srcset=\"https:\/\/ebmpapst-7237.kxcdn.com\/de\/files\/2024\/05\/ebm-papst_datacenter_Bild_4_Schwingschnelle_300DE-1-660x291.jpg 660w, https:\/\/ebmpapst-7237.kxcdn.com\/de\/files\/2024\/05\/ebm-papst_datacenter_Bild_4_Schwingschnelle_300DE-1-960x424.jpg 960w, https:\/\/ebmpapst-7237.kxcdn.com\/de\/files\/2024\/05\/ebm-papst_datacenter_Bild_4_Schwingschnelle_300DE-1-260x115.jpg 260w, https:\/\/ebmpapst-7237.kxcdn.com\/de\/files\/2024\/05\/ebm-papst_datacenter_Bild_4_Schwingschnelle_300DE-1-768x339.jpg 768w, https:\/\/ebmpapst-7237.kxcdn.com\/de\/files\/2024\/05\/ebm-papst_datacenter_Bild_4_Schwingschnelle_300DE-1-1536x678.jpg 1536w, https:\/\/ebmpapst-7237.kxcdn.com\/de\/files\/2024\/05\/ebm-papst_datacenter_Bild_4_Schwingschnelle_300DE-1-450x199.jpg 450w, https:\/\/ebmpapst-7237.kxcdn.com\/de\/files\/2024\/05\/ebm-papst_datacenter_Bild_4_Schwingschnelle_300DE-1-300x132.jpg 300w, https:\/\/ebmpapst-7237.kxcdn.com\/de\/files\/2024\/05\/ebm-papst_datacenter_Bild_4_Schwingschnelle_300DE-1.jpg 1920w\" sizes=\"auto, (max-width: 660px) 100vw, 660px\"><figcaption class=\"wp-element-caption\">Bild 4:&nbsp;Die auto\u00adma\u00adti\u00adsche Reso\u00adnan\u00adzer\u00adken\u00adnung vermeidet den Betrieb mit kriti\u00adschen Dreh\u00adzahlen und erh\u00f6ht so die Lebens\u00addauer bzw. die Betriebs\u00adsi\u00adcher\u00adheit. (Grafik | ebm-papst)<\/figcaption><\/figure>\n<\/div>\n\n\n<p>Der Anwender kann die Einstel\u00adlungen der Soft\u00adware jeder\u00adzeit manuell bear\u00adbeiten, hat also immer die volle Kontrolle.&nbsp;Der inte\u00adgrierte Schwin\u00adgungs\u00adsensor kann zudem f\u00fcr eine Zustands\u00ad\u00fcber\u00adwa\u00adchung genutzt werden. Dadurch wird eine vorbeu\u00adgende Wartung m\u00f6glich und die Service\u00adein\u00ads\u00e4tze lassen sich besser planen.<\/p>\n\n\n\n<h2 class=\"wp-block-heading\">Aktive \u201eLeis\u00adtungs\u00adfak\u00adtor\u00adkor\u00adrektur\u201c mini\u00admiert Netz\u00adr\u00fcck\u00adwir\u00adkungen<\/h2>\n\n\n\n<p>Eine Dreh\u00adzahl\u00adre\u00adge\u00adlung ist f\u00fcr eine bedarfs\u00adge\u00adrechte Klima\u00adti\u00adsie\u00adrung obli\u00adga\u00adto\u00adrisch. Beim Betrieb dreh\u00adzahl\u00adge\u00adre\u00adgelter Antriebe entstehen prin\u00adzip\u00adbe\u00addingt aber immer Strom\u00adober\u00adwellen. In Verbin\u00addung mit einer nicht ausrei\u00adchend dimen\u00adsio\u00adnierten Span\u00adnungs\u00adver\u00adsor\u00adgung k\u00f6nnen diese in kriti\u00adschen Infra\u00adstruk\u00adturen proble\u00adma\u00adtisch werden. Die resul\u00adtie\u00adrenden Ober\u00adschwin\u00adgungen f\u00fchren zu einer st\u00e4r\u00adkeren Belas\u00adtung des Versor\u00adgungs\u00adnetzes und zu Verlusten durch Blind\u00adleis\u00adtung. Au\u00dferdem k\u00f6nnen andere Ger\u00e4te im Anla\u00adgen\u00adnetz negativ beein\u00adflusst werden. F\u00fcr den Betreiber hie\u00df das bisher: Er muss externe Filter vorsehen, f\u00fcr eine ausrei\u00adchende Blind\u00adleis\u00adtungs\u00adkom\u00adpen\u00adsa\u00adtion sorgen und even\u00adtuell auf gr\u00f6\u00dfere Leitungs\u00adquer\u00adschnitte achten.<\/p>\n\n\n\n<p>Solche externen Ma\u00dfnahmen werden jetzt \u00fcber\u00adfl\u00fcssig. Um st\u00f6rende Ober\u00adschwin\u00adgungen beim Paral\u00adlel\u00adbe\u00adtrieb von EC-Venti\u00adla\u00adtoren zu mini\u00admieren, hat ebm-papst eine L\u00f6sung entwi\u00adckelt, bei der der Strom\u00adober\u00adwel\u00adlen\u00adfilter bereits inte\u00adgriert ist: die Aktiv PFC (Power Factor Correc\u00adtion), zu Deutsch \u201eLeis\u00adtungs\u00adfak\u00adtor\u00adkor\u00adrektur\u201c (Bild 5). <\/p>\n\n\n\n<figure class=\"wp-block-image size-large\"><img loading=\"lazy\" decoding=\"async\" width=\"960\" height=\"550\" src=\"https:\/\/ebmpapst-7237.kxcdn.com\/de\/files\/2024\/05\/ebm-papst_datacenter_Bild_5_Aktiv_PFC-960x550.jpg\" alt class=\"wp-image-33749\" srcset=\"https:\/\/ebmpapst-7237.kxcdn.com\/de\/files\/2024\/05\/ebm-papst_datacenter_Bild_5_Aktiv_PFC-960x550.jpg 960w, https:\/\/ebmpapst-7237.kxcdn.com\/de\/files\/2024\/05\/ebm-papst_datacenter_Bild_5_Aktiv_PFC-660x378.jpg 660w, https:\/\/ebmpapst-7237.kxcdn.com\/de\/files\/2024\/05\/ebm-papst_datacenter_Bild_5_Aktiv_PFC-260x149.jpg 260w, https:\/\/ebmpapst-7237.kxcdn.com\/de\/files\/2024\/05\/ebm-papst_datacenter_Bild_5_Aktiv_PFC-768x440.jpg 768w, https:\/\/ebmpapst-7237.kxcdn.com\/de\/files\/2024\/05\/ebm-papst_datacenter_Bild_5_Aktiv_PFC-1536x880.jpg 1536w, https:\/\/ebmpapst-7237.kxcdn.com\/de\/files\/2024\/05\/ebm-papst_datacenter_Bild_5_Aktiv_PFC-450x258.jpg 450w, https:\/\/ebmpapst-7237.kxcdn.com\/de\/files\/2024\/05\/ebm-papst_datacenter_Bild_5_Aktiv_PFC-300x172.jpg 300w, https:\/\/ebmpapst-7237.kxcdn.com\/de\/files\/2024\/05\/ebm-papst_datacenter_Bild_5_Aktiv_PFC.jpg 1920w\" sizes=\"auto, (max-width: 960px) 100vw, 960px\"><figcaption class=\"wp-element-caption\">Bild 5: Die Aktiv PFC (Power Factor Correc\u00adtion), zu Deutsch \u201eLeis\u00adtungs\u00adfak\u00adtor\u00adkor\u00adrektur\u201c, verfolgt den Ansatz, Strom\u00adober\u00adwellen gar nicht erst entstehen zu lassen, anstatt sie hinterher aufw\u00e4ndig mit zus\u00e4tz\u00adli\u00adchen Kompo\u00adnenten heraus\u00adzu\u00adfil\u00adtern. (Grafik | ebm-papst)<\/figcaption><\/figure>\n\n\n\n<p>Sie verfolgt den Ansatz, Strom\u00adober\u00adwellen gar nicht erst entstehen zu lassen, anstatt sie hinterher aufwendig mit zus\u00e4tz\u00adli\u00adchen Kompo\u00adnenten heraus\u00adzu\u00adfil\u00adtern. Infra\u00adstruk\u00adtur\u00adkom\u00adpo\u00adnenten f\u00fcr Energie- und Notstrom\u00adver\u00adsor\u00adgung k\u00f6nnen dadurch kleiner und somit kosten\u00adop\u00adti\u00admiert ausge\u00adlegt werden, zum Beispiel Trans\u00adfor\u00adma\u00adtoren und Notstrom\u00adge\u00adne\u00adra\u00adtoren. Die Werte, die sich mit der Aktiv PFC errei\u00adchen lassen, sind beacht\u00adlich: Der Leis\u00adtungs\u00adfaktor liegt bei \u00fcber 0,99, der THD(I) betr\u00e4gt bei Nenn\u00adleis\u00adtung typisch ca. 2 % und bleibt auch nach unten bis zu 10 % der Nenn\u00adleis\u00adtung unter 5 %. THD(I) bedeutet Total Harmonic Distor\u00adtion of Current und gibt das Ausma\u00df der Verzer\u00adrung des Stroms an.<\/p>\n\n\n\n<h2 class=\"wp-block-heading\">Ger\u00fcstet f\u00fcr nat\u00fcr\u00adliche K\u00e4lte\u00admittel<\/h2>\n\n\n\n<p>Eben\u00adfalls ein Thema, das die Betreiber von Rechen\u00adzen\u00adtren besch\u00e4f\u00adtigt, ist der Einsatz nat\u00fcr\u00adli\u00adcher und brenn\u00adbarer K\u00e4lte\u00admittel. Auch hierf\u00fcr k\u00f6nnen die beschrie\u00adbenen Venti\u00adla\u00adtoren ger\u00fcstet werden. Ihre Elek\u00adtronik\u00adschal\u00adtungen w\u00e4ren dann so ausge\u00adlegt, dass sie der EN 60335-2-40 f\u00fcr Klima\u00adge\u00adr\u00e4te mit brenn\u00adbaren K\u00e4lte\u00admit\u00adteln entspre\u00adchen, das hei\u00dft die maxi\u00admale Ober\u00adfl\u00e4\u00adchen\u00adtem\u00adpe\u00adratur muss im Fehler\u00adfall mindes\u00adtens 100 Kelvin unter der Z\u00fcnd\u00adtem\u00adpe\u00adratur des einge\u00adsetzten K\u00e4lte\u00admit\u00adtels liegen. Bei Propan, das sich wegen seiner guten W\u00e4rme\u00ad\u00fcber\u00adtra\u00adgungs\u00adleis\u00adtung und seines nied\u00adrigen GWP-f\u00fcr viele Anwen\u00addungen eignet, liegt die Z\u00fcnd\u00adtem\u00adpe\u00adratur bei 470 \u00b0C. Die entspre\u00adchend getestet und zerti\u00adfi\u00adzierten Elek\u00adtronik\u00adbau\u00adgruppen garan\u00adtieren dann, dass ihre maxi\u00admale Ober\u00adfl\u00e4\u00adchen\u00adtem\u00adpe\u00adratur auch im Falle einer Fehl\u00adfunk\u00adtion immer unter 370 \u00b0C bleibt und sie somit nicht zur Z\u00fcnd\u00adquelle werden.<\/p>\n","protected":false},"excerpt":{"rendered":"<p>Eine der wich\u00adtigsten Aufgaben eines jeden Betrei\u00adbers von Rechen\u00adzen\u00adtren ist es, die klima\u00adti\u00adschen Bedin\u00adgungen in Server\u00adr\u00e4umen zu \u00fcber\u00adwa\u00adchen und zu steuern. Hohe Tempe\u00adra\u00adturen und Luft\u00adfeuch\u00adtig\u00adkeit schaden den IT-Ger\u00e4ten und f\u00fchren zu Ausf\u00e4llen. Klima\u00adti\u00adsie\u00adrungs\u00adkon\u00adzepte m\u00fcssen dem entge\u00adgen\u00adwirken. Dabei kommen unter\u00adschied\u00adliche L\u00f6sungen zum Einsatz, denn schon baulich gesehen gleicht kein Rechen\u00adzen\u00adtrum dem anderen (Bild 1). Typi\u00adsche K\u00fchl-Anwen\u00ad\u00addungen [\u2026]<\/p>\n","protected":false},"author":36,"featured_media":0,"comment_status":"open","ping_status":"closed","sticky":false,"template":"","format":"standard","meta":{"_acf_changed":false,"wp_typography_post_enhancements_disabled":false,"footnotes":""},"categories":[8,15],"tags":[],"class_list":["post-33745","post","type-post","status-publish","format-standard","hentry","category-kaelte-klima","category-ventilatoren"],"acf":[],"_links":{"self":[{"href":"https:\/\/mag.ebmpapst.com\/de\/wp-json\/wp\/v2\/posts\/33745","targetHints":{"allow":["GET"]}}],"collection":[{"href":"https:\/\/mag.ebmpapst.com\/de\/wp-json\/wp\/v2\/posts"}],"about":[{"href":"https:\/\/mag.ebmpapst.com\/de\/wp-json\/wp\/v2\/types\/post"}],"author":[{"embeddable":true,"href":"https:\/\/mag.ebmpapst.com\/de\/wp-json\/wp\/v2\/users\/36"}],"replies":[{"embeddable":true,"href":"https:\/\/mag.ebmpapst.com\/de\/wp-json\/wp\/v2\/comments?post=33745"}],"version-history":[{"count":14,"href":"https:\/\/mag.ebmpapst.com\/de\/wp-json\/wp\/v2\/posts\/33745\/revisions"}],"predecessor-version":[{"id":38433,"href":"https:\/\/mag.ebmpapst.com\/de\/wp-json\/wp\/v2\/posts\/33745\/revisions\/38433"}],"wp:attachment":[{"href":"https:\/\/mag.ebmpapst.com\/de\/wp-json\/wp\/v2\/media?parent=33745"}],"wp:term":[{"taxonomy":"category","embeddable":true,"href":"https:\/\/mag.ebmpapst.com\/de\/wp-json\/wp\/v2\/categories?post=33745"},{"taxonomy":"post_tag","embeddable":true,"href":"https:\/\/mag.ebmpapst.com\/de\/wp-json\/wp\/v2\/tags?post=33745"}],"curies":[{"name":"wp","href":"https:\/\/api.w.org\/{rel}","templated":true}]}}