{"id":30700,"date":"2024-01-09T11:25:50","date_gmt":"2024-01-09T10:25:50","guid":{"rendered":"https:\/\/mag.ebmpapst.com\/de\/?p=30700"},"modified":"2024-12-13T15:01:28","modified_gmt":"2024-12-13T14:01:28","slug":"indoor-air-quality-durch-zentrale-und-dezentrale-wohnraumlueftung","status":"publish","type":"post","link":"https:\/\/mag.ebmpapst.com\/de\/branchen\/hausgeraete\/indoor-air-quality-durch-zentrale-und-dezentrale-wohnraumlueftung_30700\/","title":{"rendered":"F\u00fcr jeden Raum die passende Bel\u00fcf\u00adtung"},"content":{"rendered":"\n<p>Wich\u00adtige Ma\u00dfnahmen zur Ener\u00adgie\u00adein\u00adspa\u00adrung sind heute der Bau hoch\u00adw\u00e4r\u00adme\u00adge\u00add\u00e4mmter Nied\u00adrig\u00adener\u00adgie\u00adh\u00e4user und die Sanie\u00adrung im Bestand durch den Einsatz isolie\u00adrender Fenster sowie von W\u00e4rme\u00add\u00e4mm\u00adver\u00adbund\u00adsys\u00adtemen an der Geb\u00e4u\u00adde\u00adh\u00fclle. So abge\u00addichtet geht nur noch wenig W\u00e4rme\u00aden\u00adergie verloren, aber eine ausrei\u00adchende Luft\u00adzir\u00adku\u00adla\u00adtion ist dann oft nicht mehr gew\u00e4hr\u00adleistet, da manuell meist weniger gel\u00fcftet wird, als n\u00f6tig w\u00e4re. Schim\u00admel\u00adbil\u00addung, die Vermeh\u00adrung von Krank\u00adheits\u00ader\u00adre\u00adgern und mangelnder Sauer\u00adstoff k\u00f6nnen die Folge sein.<\/p>\n\n\n\n<div class=\"wp-block-group alignfull mgznkr-cta-retrofit-banner\"><div class=\"wp-block-group__inner-container is-layout-constrained wp-block-group-is-layout-constrained\">\n<style>\n.mgznkr-cta-retrofit-banner .alignwide.banner-width {\n  max-width: 100%;\n  width: 1240px;\n  margin: 0 auto;\n--mark-bgcolor: #00a633;\n--mark-color: white;\n}\n@media (max-width: 781px) {\n.mgznkr-cta-retrofit-banner .wp-block-cover .wp-block-cover__image-background {\nobject-position: 17% 50%!important;\n}\n.mgznkr-column-spacer p {display: none; }\n}\n@media (min-width: 782px) {\n.mgznkr-column-spacer p a {\n  min-height: 290px;\n  min-width: 100%;\n  display: block;\n  border-radius: 50px;\nfont-size: 0;\n}\n}\n<\/style>\n\n\n\n<div style=\"height:32px\" aria-hidden=\"true\" class=\"wp-block-spacer\"><\/div>\n\n\n\n<div class=\"wp-block-cover is-light\" style=\"min-height:350px;aspect-ratio:unset;\"><span aria-hidden=\"true\" class=\"wp-block-cover__background has-background-dim-0 has-background-dim\" style=\"background-color:#e0e6e6\"><\/span><img loading=\"lazy\" decoding=\"async\" width=\"1920\" height=\"350\" class=\"wp-block-cover__image-background wp-image-36590\" alt src=\"https:\/\/ebmpapst-7237.kxcdn.com\/de\/files\/2024\/12\/2412_Banner-Retrofit-1.jpg\" data-object-fit=\"cover\" srcset=\"https:\/\/ebmpapst-7237.kxcdn.com\/de\/files\/2024\/12\/2412_Banner-Retrofit-1.jpg 1920w, https:\/\/ebmpapst-7237.kxcdn.com\/de\/files\/2024\/12\/2412_Banner-Retrofit-1-660x120.jpg 660w, https:\/\/ebmpapst-7237.kxcdn.com\/de\/files\/2024\/12\/2412_Banner-Retrofit-1-960x175.jpg 960w, https:\/\/ebmpapst-7237.kxcdn.com\/de\/files\/2024\/12\/2412_Banner-Retrofit-1-260x47.jpg 260w, https:\/\/ebmpapst-7237.kxcdn.com\/de\/files\/2024\/12\/2412_Banner-Retrofit-1-768x140.jpg 768w, https:\/\/ebmpapst-7237.kxcdn.com\/de\/files\/2024\/12\/2412_Banner-Retrofit-1-1536x280.jpg 1536w, https:\/\/ebmpapst-7237.kxcdn.com\/de\/files\/2024\/12\/2412_Banner-Retrofit-1-450x82.jpg 450w, https:\/\/ebmpapst-7237.kxcdn.com\/de\/files\/2024\/12\/2412_Banner-Retrofit-1-300x55.jpg 300w\" sizes=\"auto, (max-width: 1920px) 100vw, 1920px\"><div class=\"wp-block-cover__inner-container is-layout-constrained wp-block-cover-is-layout-constrained\">\n<div class=\"wp-block-columns alignwide banner-width is-layout-flex wp-container-core-columns-is-layout-9d6595d7 wp-block-columns-is-layout-flex\">\n<div class=\"wp-block-column is-layout-flow wp-block-column-is-layout-flow\" style=\"flex-basis:560px\">\n<h2 class=\"wp-block-heading mgznkr-click has-white-color has-text-color has-link-color wp-elements-6387d12b1d16a8bd13546b52a1cf9cb8\" id=\"retrofit-banner-head\" style=\"font-size:1.6em;text-transform:uppercase\"><mark><a href=\"https:\/\/www.ebmpapst.com\/de\/de\/industries\/fanupgrade.html#download\" target=\"_blank\" rel=\"noreferrer noopener\">Mehr Effi\u00adzienz, weniger Kosten: Retrofit<\/a><\/mark><\/h2>\n\n\n\n<div style=\"height:10px\" aria-hidden=\"true\" class=\"wp-block-spacer\"><\/div>\n\n\n\n<h3 class=\"wp-block-heading no-margin-top\" style=\"font-size:1em\">Retrofit von Venti\u00adla\u00adtoren mit ebm-papst<\/h3>\n\n\n\n<p>Ein Retrofit bestehender Venti\u00adla\u00adtoren in raum\u00adluft- und k\u00e4lte\u00adtech\u00adni\u00adschen Anlagen mit effi\u00adzi\u00adenten EC-Venti\u00adla\u00adtoren und bedarfs\u00adge\u00adrechtem Betrieb kann bis zu 60 % Energie und Kosten sparen \u2013 und schont dabei die Umwelt.<\/p>\n\n\n\n<div class=\"wp-block-buttons is-layout-flex wp-block-buttons-is-layout-flex\">\n<div class=\"wp-block-button has-custom-font-size is-style-fill mgznkr-click\" id=\"retrofit-banner-button\" style=\"font-size:18px\"><a class=\"wp-block-button__link has-background wp-element-button\" href=\"https:\/\/www.ebmpapst.com\/de\/de\/industries\/fanupgrade.html#download\" style=\"background-color:#0072bb\" target=\"_blank\" rel=\"noreferrer noopener\">Jetzt Facts\u00adheet herun\u00adter\u00adladen <i class=\"mgznkr-icon fa fa-chevron-right fas\"><\/i><\/a><\/div>\n<\/div>\n<\/div>\n\n\n\n<div class=\"wp-block-column mgznkr-column-spacer is-layout-flow wp-block-column-is-layout-flow\" style=\"flex-basis:55%\">\n<p class=\"mgznkr-click\" id=\"retrofit-banner-img\"><a href=\"https:\/\/www.ebmpapst.com\/de\/de\/industries\/fanupgrade.html#download\" target=\"_blank\" rel=\"noreferrer noopener\">Mehr Effi\u00adzienz, weniger Kosten: Retrofit von Venti\u00adla\u00adtoren mit ebm-papst<\/a><\/p>\n<\/div>\n<\/div>\n<\/div><\/div>\n\n\n\n<div style=\"height:36px\" aria-hidden=\"true\" class=\"wp-block-spacer\"><\/div>\n<\/div><\/div>\n\n\n\n<h2 class=\"wp-block-heading\">Zentral oder dezen\u00adtral?<\/h2>\n\n\n\n<p>Bei der Wohn\u00adraum\u00adl\u00fcf\u00adtung haben Planer und Betreiber je nach Geb\u00e4u\u00adde\u00adnut\u00adzung prin\u00adzi\u00adpiell die Wahl zwischen zentralen, dezen\u00adtralen oder auch kombi\u00adnierten L\u00f6sungen. Fr\u00fcher hat die zentrale L\u00fcftung den Markt gepr\u00e4gt.<\/p>\n\n\n<div class=\"wp-block-image is-style-default\">\n<figure class=\"alignleft size-article-300\"><img loading=\"lazy\" decoding=\"async\" width=\"300\" height=\"300\" src=\"https:\/\/ebmpapst-7237.kxcdn.com\/de\/files\/2023\/12\/ebm-papst_Wohnraumlueftung_Wohnungslueftung_mit_Waermepumpe_300x390-300x300.jpg\" alt class=\"wp-image-30740\" srcset=\"https:\/\/ebmpapst-7237.kxcdn.com\/de\/files\/2023\/12\/ebm-papst_Wohnraumlueftung_Wohnungslueftung_mit_Waermepumpe_300x390-300x300.jpg 300w, https:\/\/ebmpapst-7237.kxcdn.com\/de\/files\/2023\/12\/ebm-papst_Wohnraumlueftung_Wohnungslueftung_mit_Waermepumpe_300x390-260x260.jpg 260w, https:\/\/ebmpapst-7237.kxcdn.com\/de\/files\/2023\/12\/ebm-papst_Wohnraumlueftung_Wohnungslueftung_mit_Waermepumpe_300x390.jpg 390w\" sizes=\"auto, (max-width: 300px) 100vw, 300px\"><figcaption class=\"wp-element-caption\">Bei der Geb\u00e4u\u00adde\u00adkli\u00adma\u00adti\u00adsie\u00adrung haben Planer und Betreiber je nach Geb\u00e4u\u00adde\u00adnut\u00adzung prin\u00adzi\u00adpiell die Wahl zwischen zentralen, dezen\u00adtralen oder auch kombi\u00adnierten L\u00f6sungen z. B. mit W\u00e4rme\u00adpumpe.&nbsp;(Foto | ebm-papst)<\/figcaption><\/figure>\n<\/div>\n\n\n<p>Inzwi\u00adschen sind dezen\u00adtrale L\u00f6sungen f\u00fcr Einzel\u00adr\u00e4ume oder klei\u00adnere Nutzungs\u00adein\u00adheiten eben\u00adfalls weit verbreitet, da sie indi\u00advi\u00addu\u00adelle Anpas\u00adsungs\u00adm\u00f6g\u00adlich\u00adkeiten an die Nutzer\u00adw\u00fcn\u00adsche bieten, detail\u00adlierte Einzel\u00adab\u00adrech\u00adnungen erm\u00f6g\u00adli\u00adchen und sich meist einfach nach\u00adr\u00fcsten lassen. Bei diesen direkt in der Geb\u00e4u\u00adde\u00adfas\u00adsade bzw. Fens\u00adter\u00adbr\u00fcs\u00adtung inte\u00adgrierten Ger\u00e4ten ist zudem auch kein Kanal\u00adsystem f\u00fcr Zu- und Abluft notwendig. Deshalb eignen sie sich ideal f\u00fcr die Altbau\u00adsa\u00adnie\u00adrung.<\/p>\n\n\n\n<p>Bei zentralen Systemen dagegen sind W\u00e4rme\u00adr\u00fcck\u00adge\u00adwin\u00adnung und Luft\u00adfil\u00adte\u00adrung einfa\u00adcher und effek\u00adtiver zu reali\u00adsieren und Wartungs\u00adar\u00adbeiten leichter plan- und durch\u00adf\u00fchrbar. Beide L\u00f6sungen haben also Vorteile und lassen sich bei Bedarf auch mitein\u00adander kombi\u00adnieren.<\/p>\n\n\n\n<p>Die Ger\u00e4te, die f\u00fcr die verschie\u00addenen Bel\u00fcf\u00adtungs\u00adkon\u00adzepte ausge\u00adlegt sind, verlangen nat\u00fcr\u00adlich nach unter\u00adschied\u00adli\u00adchen Venti\u00adla\u00adtoren. Der Motoren- und Venti\u00adla\u00adto\u00adren\u00adher\u00adsteller ebm-papst bietet hier f\u00fcr die verschie\u00addenen Anfor\u00adde\u00adrungen die passende Venti\u00adla\u00adtor\u00adl\u00f6\u00adsung an. F\u00fcr die bei zentralen Bel\u00fcf\u00adtungs\u00adkon\u00adzepten einge\u00adsetzten RLT-Ger\u00e4ten eignen sich z. B. die Radi\u00adal\u00adven\u00adti\u00adla\u00adtoren der RadiCal Baureihe.<\/p>\n\n\n\n<h2 class=\"wp-block-heading\"><strong>RadiCal im Spiral\u00adge\u00adh\u00e4use f\u00fcr zentrale L\u00f6sungen<\/strong><\/h2>\n\n\n<div class=\"wp-block-image\">\n<figure class=\"alignright size-full\"><img loading=\"lazy\" decoding=\"async\" width=\"390\" height=\"487\" src=\"https:\/\/ebmpapst-7237.kxcdn.com\/de\/files\/2023\/12\/ebm-papst_Wohnraumlueftung_radical_spiralgehaeuse_18_frei_390x487.jpg\" alt class=\"wp-image-30743\" srcset=\"https:\/\/ebmpapst-7237.kxcdn.com\/de\/files\/2023\/12\/ebm-papst_Wohnraumlueftung_radical_spiralgehaeuse_18_frei_390x487.jpg 390w, https:\/\/ebmpapst-7237.kxcdn.com\/de\/files\/2023\/12\/ebm-papst_Wohnraumlueftung_radical_spiralgehaeuse_18_frei_390x487-260x325.jpg 260w, https:\/\/ebmpapst-7237.kxcdn.com\/de\/files\/2023\/12\/ebm-papst_Wohnraumlueftung_radical_spiralgehaeuse_18_frei_390x487-300x375.jpg 300w\" sizes=\"auto, (max-width: 390px) 100vw, 390px\"><figcaption class=\"wp-element-caption\">Bei den RadiCal-Radi\u00adal\u00adven\u00adti\u00adla\u00adtoren im Spiral\u00adge\u00adh\u00e4use braucht der Anwender keine eigene Luft\u00adf\u00fch\u00adrung. (Foto | ebm-papst)<\/figcaption><\/figure>\n<\/div>\n\n\n<p>Mit dem RadiCal im Spiral\u00adge\u00adh\u00e4use ist ebm-papst einen entschei\u00addenden Schritt voran\u00adge\u00adgangen. F\u00fcr den r\u00fcck\u00adw\u00e4rts\u00adge\u00adkr\u00fcmmten EC-Venti\u00adlator entwi\u00adckelte das Unter\u00adnehmen ein Fl\u00fcgel\u00adrad\u00adane\u00admo\u00admeter f\u00fcr genau\u00adeste Volu\u00admen\u00adstrom\u00adbe\u00adstim\u00admung \u2013 ledig\u00adlich ein Prozent Tole\u00adranz im Endwert \u2013 und ein geschlos\u00adsenes Spiral\u00adge\u00adh\u00e4use mit inte\u00adgrierter Steu\u00ader\u00adelek\u00adtronik. Zudem sind die Radi\u00adal\u00adven\u00adti\u00adla\u00adtoren als Plug &amp; Play-System konzi\u00adpiert und erm\u00f6g\u00adli\u00adchen Herstel\u00adlern von L\u00fcftungs\u00adan\u00adlangen somit eine einfache Instal\u00adla\u00adtion. Im RadiCal sind bereits Sensoren f\u00fcr Luft\u00adfeuchte und Tempe\u00adratur inte\u00adgriert, weitere Sensoren, auch von Fremd\u00adher\u00adstel\u00adlern, lassen sich eben\u00adfalls anschlie\u00dfen und das gesamte System via offener MODBUS-RTU-Schnitt\u00adstelle auslesen, \u00fcber\u00adwa\u00adchen und regeln.<\/p>\n\n\n\n<p>Erh\u00e4lt\u00adlich in f\u00fcnf Baugr\u00f6\u00dfen zwischen 133 und 225 mm ist der RadiCal in unter\u00adschied\u00adli\u00adchen Geb\u00e4uden einsatz\u00adf\u00e4hig und schafft in der gr\u00f6\u00dften Vari\u00adante einen Volu\u00admen\u00adstrom von bis zu 1.800&nbsp;m\u00b3\/h. Die EC-Venti\u00adla\u00adtoren errei\u00adchen au\u00dferdem einen 34 Prozent h\u00f6heren Wirkungs\u00adgrad als vergleich\u00adbare Trom\u00admel\u00adl\u00e4ufer-Venti\u00adla\u00adtoren und sind bis zu 3,5 dB (A) leiser als diese. So ist auch der Dreh\u00adklang deut\u00adlich abge\u00adschw\u00e4cht. Durch die kompakte Bauweise und das neue Design sind unter\u00adschied\u00adliche Befes\u00adti\u00adgungs\u00adva\u00adri\u00adanten m\u00f6glich, je nach Konstruk\u00adtion der L\u00fcftungs\u00adan\u00adlage.<\/p>\n\n\n\n<h2 class=\"wp-block-heading\"><p class=\"RBSB-Zwischen\" style=\"mso-hyphenate:auto\">Kompakte Radi\u00adal\u00adven\u00adti\u00adla\u00adtoren f\u00fcr hohe Volu\u00admen\u00adstr\u00f6me<\/p><\/h2>\n\n\n<div class=\"wp-block-image is-style-default\">\n<figure class=\"alignleft size-article-300\"><img loading=\"lazy\" decoding=\"async\" width=\"300\" height=\"300\" src=\"https:\/\/ebmpapst-7237.kxcdn.com\/de\/files\/2023\/12\/ebm-papst_Wohnraumlueftung_RadiCal2_Separated_390x390-300x300.jpg\" alt class=\"wp-image-30746\" srcset=\"https:\/\/ebmpapst-7237.kxcdn.com\/de\/files\/2023\/12\/ebm-papst_Wohnraumlueftung_RadiCal2_Separated_390x390-300x300.jpg 300w, https:\/\/ebmpapst-7237.kxcdn.com\/de\/files\/2023\/12\/ebm-papst_Wohnraumlueftung_RadiCal2_Separated_390x390-260x260.jpg 260w, https:\/\/ebmpapst-7237.kxcdn.com\/de\/files\/2023\/12\/ebm-papst_Wohnraumlueftung_RadiCal2_Separated_390x390.jpg 390w\" sizes=\"auto, (max-width: 300px) 100vw, 300px\"><figcaption class=\"wp-element-caption\">Hohe Volu\u00admen\u00adstr\u00f6me bei nied\u00adrigem Gegen\u00addruck liefern die Radi\u00adal\u00adven\u00adti\u00adla\u00adtoren der Baureihe RadiCal 2.&nbsp;(Foto | ebm-papst)<\/figcaption><\/figure>\n<\/div>\n\n\n<p>Bei Ger\u00e4ten zur zentralen Wohn\u00adraum\u00adl\u00fcf\u00adtung und -klima\u00adti\u00adsie\u00adrung ist ein immer gerin\u00adgerer Ener\u00adgie\u00adver\u00adbrauch gefragt. Hersteller reagieren darauf, indem sie unter anderem ihre Ger\u00e4te so auslegen, dass einbau\u00adbe\u00addingte Druck\u00adver\u00adluste m\u00f6glichst gering sind. Gleich\u00adzeitig sollen die luft- und klima\u00adtech\u00adni\u00adschen Ger\u00e4te m\u00f6glichst kompakt bauen, um die Stell\u00adfl\u00e4che zu mini\u00admieren, oder aber im Inneren ausrei\u00adchend Platz f\u00fcr zus\u00e4tz\u00adliche Kompo\u00adnenten zu haben. Gefragt sind deshalb kompakte Venti\u00adla\u00adtoren, die gro\u00dfe Volu\u00admen\u00adstr\u00f6me bei nied\u00adrigem Gegen\u00addruck liefern und dabei m\u00f6glichst ener\u00adgie\u00adef\u00adfi\u00adzient und leise arbeiten. Genau auf solche Anfor\u00adde\u00adrungen hat ebm-papst die Radi\u00adal\u00adven\u00adti\u00adla\u00adtoren der Baureihe RadiCal 2 ausge\u00adlegt. <\/p>\n\n\n\n<p>Dazu tragen gleich mehrere konstruk\u00adtive Details bei: So wurde eine \u201everwun\u00addene\u201c Schau\u00adfel\u00adgeo\u00adme\u00adtrie reali\u00adsiert, die zum deut\u00adlich h\u00f6heren Wirkungs\u00adgrad und der Ger\u00e4usch\u00adre\u00addu\u00adzie\u00adrung beitr\u00e4gt. Die Schau\u00adfeln sind sowohl vor- als auch r\u00fcck\u00adw\u00e4rts geneigt und das Profil der Ein- und Austritts\u00adkante wurde \u00fcber\u00adar\u00adbeitet. Dadurch verbes\u00adsert sich das Str\u00f6\u00admungs\u00adver\u00adhalten, gleich\u00adzeitig erh\u00f6ht sich die Festig\u00adkeit des Venti\u00adla\u00adtor\u00adrads, das aus wider\u00adstand\u00adf\u00e4\u00adhigem Kunst\u00adstoff besteht. Auch die gewellte Deck\u00adscheibe verbes\u00adsert das aero\u00addy\u00adna\u00admi\u00adsche Verhalten und damit die Luft\u00adleis\u00adtung.<\/p>\n\n\n\n<figure class=\"wp-block-image size-large\"><img loading=\"lazy\" decoding=\"async\" width=\"960\" height=\"592\" src=\"https:\/\/ebmpapst-7237.kxcdn.com\/de\/files\/2023\/12\/ebm-papst_Wohnraumlueftung_RadiCal_Volumenstrom_DE-960x592.jpg\" alt class=\"wp-image-30718\" srcset=\"https:\/\/ebmpapst-7237.kxcdn.com\/de\/files\/2023\/12\/ebm-papst_Wohnraumlueftung_RadiCal_Volumenstrom_DE-960x592.jpg 960w, https:\/\/ebmpapst-7237.kxcdn.com\/de\/files\/2023\/12\/ebm-papst_Wohnraumlueftung_RadiCal_Volumenstrom_DE-660x407.jpg 660w, https:\/\/ebmpapst-7237.kxcdn.com\/de\/files\/2023\/12\/ebm-papst_Wohnraumlueftung_RadiCal_Volumenstrom_DE-260x160.jpg 260w, https:\/\/ebmpapst-7237.kxcdn.com\/de\/files\/2023\/12\/ebm-papst_Wohnraumlueftung_RadiCal_Volumenstrom_DE-768x474.jpg 768w, https:\/\/ebmpapst-7237.kxcdn.com\/de\/files\/2023\/12\/ebm-papst_Wohnraumlueftung_RadiCal_Volumenstrom_DE-1536x948.jpg 1536w, https:\/\/ebmpapst-7237.kxcdn.com\/de\/files\/2023\/12\/ebm-papst_Wohnraumlueftung_RadiCal_Volumenstrom_DE-2048x1264.jpg 2048w, https:\/\/ebmpapst-7237.kxcdn.com\/de\/files\/2023\/12\/ebm-papst_Wohnraumlueftung_RadiCal_Volumenstrom_DE-450x278.jpg 450w, https:\/\/ebmpapst-7237.kxcdn.com\/de\/files\/2023\/12\/ebm-papst_Wohnraumlueftung_RadiCal_Volumenstrom_DE-300x185.jpg 300w\" sizes=\"auto, (max-width: 960px) 100vw, 960px\"><figcaption class=\"wp-element-caption\">Die kompakten Radi\u00adal\u00adven\u00adti\u00adla\u00adtoren liefern hohe Volu\u00admen\u00adstr\u00f6me (Beispiel Baugr\u00f6\u00dfe 190). (Grafik | ebm-papst)<\/figcaption><\/figure>\n\n\n\n<p>Beim soge\u00adnannten Radi\u00adal\u00admodul, also der Geh\u00e4u\u00adsebox, erh\u00f6hen die schr\u00e4g ange\u00adstellten Streben die Luft\u00adleis\u00adtung weiter. Dabei ist die axiale H\u00f6he der Streben so gew\u00e4hlt, dass sie die R\u00fcck\u00adstrom\u00adge\u00adbiete best\u00adm\u00f6g\u00adlich ausf\u00fcllen. Hinzu kommt ein vergr\u00f6\u00ad\u00dferter Ansaug\u00addurch\u00admesser, der f\u00fcr einen h\u00f6heren F\u00fcll\u00adgrad des Lauf\u00adrads sorgt. Das neue verbes\u00adserte Flow\u00adGrid redu\u00adziert die Ger\u00e4usch\u00adent\u00adwick\u00adlung des Venti\u00adla\u00adtors auch bei unge\u00adst\u00f6rter Anstr\u00f6\u00admung und stellt somit eine konse\u00adquente Weiter\u00adent\u00adwick\u00adlung des bishe\u00adrigen Vorleit\u00adgit\u00adters dar.<\/p>\n\n\n\n<h2 class=\"wp-block-heading\"><strong>Raum f\u00fcr Raum: dezen\u00adtral l\u00fcften<\/strong><\/h2>\n\n\n\n<p>Dezen\u00adtrale Wohn\u00adraum\u00adbe\u00adl\u00fcf\u00adtungs\u00adge\u00adr\u00e4te, die in der Fassade instal\u00adliert werden, eignen sich nicht nur f\u00fcr Sanie\u00adrungs\u00adma\u00df\u00adnahmen, sondern gewinnen auch bei Neubauten an Bedeu\u00adtung, wenn R\u00e4ume indi\u00advi\u00adduell regelbar bleiben m\u00fcssen wie in manchem Wohn\u00adge\u00adschossbau, in Hotels oder Schulen. Push-Pull-L\u00fcftungs\u00adge\u00adr\u00e4te beispiels\u00adweise f\u00f6rdern f\u00fcr eine defi\u00adnierte Zeit\u00adspanne von typi\u00adscher\u00adweise etwa 60 Sekunden die verbrauchte Luft aus dem Wohn\u00adraum nach drau\u00dfen (Push). Dann \u00e4ndert der im L\u00fcftungs\u00adger\u00e4t verbaute Venti\u00adlator seine Dreh\u00adrich\u00adtung, er rever\u00adsiert (Pull).<\/p>\n\n\n\n<p>W\u00e4hrend des Push-Betriebs spei\u00adchert ein inte\u00adgrierter W\u00e4rme\u00adspei\u00adcher die W\u00e4rme\u00aden\u00adergie aus der Abluft. Sie wird in der Pull-Phase an die frische Au\u00dfen\u00adluft \u00fcber\u00adtragen, sodass diese vorge\u00adw\u00e4rmt in das Geb\u00e4ude einstr\u00f6mt. Ein Filter reinigt zudem die einstr\u00f6\u00admende Au\u00dfen\u00adluft von Staub oder Pollen. Um einen ausge\u00adgli\u00adchenen L\u00fcftungs\u00adbe\u00adtrieb sicher\u00adzu\u00adstellen, sind daf\u00fcr zwei Ger\u00e4te je Raum oder Zone erfor\u00adder\u00adlich. Teil\u00adweise werden auch mehrere R\u00e4ume \u00fcber ein Ger\u00e4\u00adte\u00adpaar bel\u00fcftet. Aufgrund ihrer Posi\u00adtion in den Wohn- und Nutz\u00adr\u00e4umen m\u00fcssen dezen\u00adtrale Einheiten beson\u00adders platz\u00adspa\u00adrend und leise sein.<\/p>\n\n\n\n<h2 class=\"wp-block-heading\"><strong>Push-Pull-Profi: AxiRev<\/strong><\/h2>\n\n\n\n<p>Bei dezen\u00adtralen L\u00fcftungs\u00adge\u00adr\u00e4ten ergibt sich aus der unmit\u00adtel\u00adbaren N\u00e4he der Venti\u00adla\u00adtoren zur Au\u00dfen\u00adluft eine beson\u00addere Heraus\u00adfor\u00adde\u00adrung: Sie m\u00fcssen auch bei wech\u00adselnder Wind\u00adlast konstante, gleich\u00adblei\u00adbende Volu\u00admen\u00adstr\u00f6me liefern. Der Rever\u00adsier\u00adven\u00adti\u00adlator AxiRev 126 von ebm-papst wurde speziell daf\u00fcr entwi\u00adckelt. Die Druck-\/Volu\u00admen\u00adstrom-Kenn\u00adlinie verl\u00e4uft sehr steil, dadurch gibt es auch bei st\u00fcr\u00admi\u00adscher Wetter\u00adlage nur geringe Schwan\u00adkungen beim Volu\u00admen\u00adstrom. Das bedeutet Wind und Sturm haben wenig Einfluss auf die Effi\u00adzienz und die Funk\u00adti\u00adons\u00adweise der dezen\u00adtralen Wohn\u00adraum\u00adbe\u00adl\u00fcf\u00adtungs\u00adein\u00adheit. Dar\u00fcber hinaus sind die gef\u00f6r\u00adderten Luft\u00admengen in beiden Dreh\u00adrich\u00adtungen nahezu iden\u00adtisch.<\/p>\n\n\n<div class=\"wp-block-image\">\n<figure class=\"aligncenter size-large\"><img loading=\"lazy\" decoding=\"async\" width=\"960\" height=\"540\" src=\"https:\/\/ebmpapst-7237.kxcdn.com\/de\/files\/2023\/12\/ebm-papst_Wohnraumlueftung_LuftstromAxiRev_1920-1080-960x540.jpg\" alt class=\"wp-image-30826\" srcset=\"https:\/\/ebmpapst-7237.kxcdn.com\/de\/files\/2023\/12\/ebm-papst_Wohnraumlueftung_LuftstromAxiRev_1920-1080-960x540.jpg 960w, https:\/\/ebmpapst-7237.kxcdn.com\/de\/files\/2023\/12\/ebm-papst_Wohnraumlueftung_LuftstromAxiRev_1920-1080-660x371.jpg 660w, https:\/\/ebmpapst-7237.kxcdn.com\/de\/files\/2023\/12\/ebm-papst_Wohnraumlueftung_LuftstromAxiRev_1920-1080-260x146.jpg 260w, https:\/\/ebmpapst-7237.kxcdn.com\/de\/files\/2023\/12\/ebm-papst_Wohnraumlueftung_LuftstromAxiRev_1920-1080-768x432.jpg 768w, https:\/\/ebmpapst-7237.kxcdn.com\/de\/files\/2023\/12\/ebm-papst_Wohnraumlueftung_LuftstromAxiRev_1920-1080-1536x864.jpg 1536w, https:\/\/ebmpapst-7237.kxcdn.com\/de\/files\/2023\/12\/ebm-papst_Wohnraumlueftung_LuftstromAxiRev_1920-1080-450x253.jpg 450w, https:\/\/ebmpapst-7237.kxcdn.com\/de\/files\/2023\/12\/ebm-papst_Wohnraumlueftung_LuftstromAxiRev_1920-1080-300x169.jpg 300w, https:\/\/ebmpapst-7237.kxcdn.com\/de\/files\/2023\/12\/ebm-papst_Wohnraumlueftung_LuftstromAxiRev_1920-1080.jpg 1920w\" sizes=\"auto, (max-width: 960px) 100vw, 960px\"><figcaption class=\"wp-element-caption\">Der AxiRev 126 ist durch sein charak\u00adte\u00adris\u00adti\u00adsches Erschei\u00adnungs\u00adbild auffal\u00adlend: Das symme\u00adtri\u00adsche Fl\u00fcgel\u00adde\u00adsign erm\u00f6g\u00adlicht nahezu iden\u00adti\u00adsche Kenn\u00adli\u00adnien in beide Dreh\u00adrich\u00adtungen. (Foto | ebm-papst)<\/figcaption><\/figure>\n<\/div>\n\n\n<p>Daf\u00fcr sorgen die \u201eflach ange\u00adstellten\u201c symme\u00adtri\u00adschen Fl\u00fcgel, die h\u00f6here Dr\u00fccke erm\u00f6g\u00adli\u00adchen und eine sehr steile Kenn\u00adlinie erzeugen. Die Abstim\u00admung von Schaufel- und Steg\u00adzahl mit aero\u00addy\u00adna\u00admi\u00adschem Profil redu\u00adzieren turbu\u00adlente Nach\u00adl\u00e4ufe. Dies f\u00fchrt zusammen mit dem neu entwi\u00adckelten \u00e4u\u00dferst ger\u00e4usch\u00adarmen EC-Motor zu einem ange\u00adnehm empfun\u00addenen Betriebs\u00adge\u00adr\u00e4usch.<\/p>\n\n\n\n<p>Das verbes\u00adserte Design opti\u00admiert auch die Effi\u00adzienz: Bei typi\u00adschen 42 m\u00b3\/h F\u00f6rder\u00admenge pro Einheit verbraucht der Kompakt\u00adl\u00fcfter in einem \u00fcbli\u00adchen Ger\u00e4t weniger als zwei Watt und bleibt dank EC-Motor auch im Teil\u00adlast und Mini\u00admal\u00adbe\u00adtrieb mit hohem Wirkungs\u00adgrad beson\u00adders leise. Der gro\u00dfe Dreh\u00adzahl\u00adbe\u00adreich von 500 U\/min. bis 4.200 U\/min (in Vari\u00adanten auch bis 4.700 U\/min) sorgt f\u00fcr opti\u00admale, bedarfs\u00adge\u00adrechte Anpas\u00adsung der Luft\u00adleis\u00adtung. Das kompakte Design auf Basis des Vorg\u00e4n\u00adger\u00admo\u00addells erm\u00f6g\u00adlicht es Anwen\u00addern den AxiRev 126 auch als Retrofit in einem Plug &amp; Play Komplett\u00adsystem einzu\u00adsetzen. Im Vergleich mit seinem Vorg\u00e4nger ist der neue AxiRev 126 leis\u00adtungs\u00adst\u00e4rker, druck\u00adsta\u00adbiler und leiser.<\/p>\n\n\n\n<div class=\"wp-block-group mgznkr-elements mgznkr-accordion\"><div class=\"wp-block-group__inner-container is-layout-flow wp-block-group-is-layout-flow\">\n<div class=\"wp-block-group accordion-item\"><div class=\"wp-block-group__inner-container is-layout-flow wp-block-group-is-layout-flow\">\n<h3 class=\"wp-block-heading\"><strong>Indoor Air Quality (IAQ)<\/strong><\/h3>\n\n\n\n<div class=\"wp-block-group accordion-content\"><div class=\"wp-block-group__inner-container is-layout-flow wp-block-group-is-layout-flow\">\n<p>Luft\u00adqua\u00adlit\u00e4t in Innen\u00adr\u00e4umen oder \u201eIndoor Air Quality\u201c ist ein entschei\u00addender Faktor f\u00fcr Gesund\u00adheit, Wohl\u00adbe\u00adfinden und Produk\u00adti\u00advit\u00e4t der Menschen, die sich in Innen\u00adr\u00e4umen aufhalten \u2013 in ihrer Wohnung, am Arbeits\u00adplatz, in der Schule, dem Super\u00admarkt oder beim Arzt\u00adbe\u00adsuch.<\/p>\n\n\n\n<p>Die meisten Euro\u00adp\u00e4er halten sich mehr als 90 Prozent der Zeit in Innen\u00adr\u00e4umen auf. Und wir atmen t\u00e4glich bis zu 15.000 Liter Luft ein und aus. Daher ist es offen\u00adsicht\u00adlich, dass gute Luft\u00adqua\u00adlit\u00e4t nicht nur in Au\u00dfen\u00adbe\u00adrei\u00adchen ein kriti\u00adscher Faktor ist.<\/p>\n<\/div><\/div>\n<\/div><\/div>\n\n\n\n<div class=\"wp-block-group accordion-item\"><div class=\"wp-block-group__inner-container is-layout-flow wp-block-group-is-layout-flow\">\n<h3 class=\"wp-block-heading\"><strong>IAQ-Para\u00admeter<\/strong><\/h3>\n\n\n\n<div class=\"wp-block-group accordion-content\"><div class=\"wp-block-group__inner-container is-layout-flow wp-block-group-is-layout-flow\">\n<p>In Innen\u00adr\u00e4umen beein\u00adflussen die Anzahl der anwe\u00adsenden Personen, das Mobi\u00adliar, tech\u00adni\u00adsche Ger\u00e4te oder die verwen\u00addeten Baustoffe unmit\u00adtelbar die Qualit\u00e4t der Luft. Aber auch die umge\u00adbenden klima\u00adti\u00adschen Bedin\u00adgungen und Umwelt\u00adein\u00adfl\u00fcsse wirken auf sie ein. Daraus lassen sich verschie\u00addene IAQ-Para\u00admeter ableiten: Tempe\u00adratur, Luft\u00adfeuch\u00adtig\u00adkeit, Kohlen\u00addi\u00adoxid, Fein\u00adstaub und die soge\u00adnannten TVOC (Total Vola\u00adtile Organic Compounds), also fl\u00fcch\u00adtige orga\u00adni\u00adsche Verbin\u00addungen.<\/p>\n<\/div><\/div>\n<\/div><\/div>\n\n\n\n<div class=\"wp-block-group accordion-item\"><div class=\"wp-block-group__inner-container is-layout-flow wp-block-group-is-layout-flow\">\n<h3 class=\"wp-block-heading\"><strong>Daten\u00adge\u00adtrie\u00adbene L\u00f6sungen<\/strong><\/h3>\n\n\n\n<div class=\"wp-block-group accordion-content\"><div class=\"wp-block-group__inner-container is-layout-flow wp-block-group-is-layout-flow\">\n<p>Mithilfe von digi\u00adtalen L\u00f6sungen bietet ebm-papst OEM, Geb\u00e4u\u00adde\u00adbe\u00adtrei\u00adbern und Endnut\u00adzern intel\u00adli\u00adgente Werk\u00adzeuge an, um die Qualit\u00e4t der Luft zu verbes\u00adsern. So kann ebm-papst \u00fcber seine Cloud Herstel\u00adlern und Betrei\u00adbern viele f\u00fcr IAQ rele\u00advanten Daten zur Verf\u00fc\u00adgung stellen. Die Buil\u00adding-Solu\u00adtion- Platt\u00adform von ebm-papst neo verar\u00adbeitet und analy\u00adsiert Daten. Mit ihr l\u00e4sst sich die Geb\u00e4u\u00adde\u00adsteue\u00adrung opti\u00admieren. Die Platt\u00adform tr\u00e4gt somit aktiv dazu bei, die Luft\u00adqua\u00adlit\u00e4t in R\u00e4umen zu \u00fcber\u00adwa\u00adchen und ener\u00adgie\u00adef\u00adfi\u00adzient zu steuern. Algo\u00adrithmen lernen aus Nutzer\u00adver\u00adhalten, Geb\u00e4u\u00adde\u00admerk\u00admalen und Umwelt\u00adbe\u00addin\u00adgungen und erschaffen mit ener\u00adgie\u00adspa\u00adrenden Venti\u00adla\u00adtoren ein opti\u00admiertes Innen\u00adraum-\u00d6kosystem.<\/p>\n<\/div><\/div>\n<\/div><\/div>\n<\/div><\/div>\n\n\n\n<h2 class=\"wp-block-heading\">ebm-papst in der L\u00fcftungs\u00adtechnik<\/h2>\n\n\n\n<a href=\"https:\/\/www.ebmpapst.com\/de\/de\/industries\/ventilation.html\" target=\"blank\" class=\"product-link\">\n\t<i class=\"icon-next\" aria-hidden=\"true\"><\/i>\n\t<h4>Venti\u00adla\u00adtoren f\u00fcr die L\u00fcftungs\u00adtechnik<\/h4>\n\t<p>Von zentral bis dezen\u00adtral, in Kombi\u00adna\u00adtion mit W\u00e4rme\u00adpumpe oder f\u00fcr Luft\u00adrei\u00adniger, ebm-papst bietet die passende L\u00f6sung.<\/p>\n\t<div class=\"imgdiv\" style=\"background-image:url('https:\/\/ebmpapst-7237.kxcdn.com\/de\/files\/2023\/12\/ebm-papst_lueftungstechnik_600-600.jpg');\"><\/div>\n\t\n<\/a>\n\n","protected":false},"excerpt":{"rendered":"<p>Wich\u00adtige Ma\u00dfnahmen zur Ener\u00adgie\u00adein\u00adspa\u00adrung sind heute der Bau hoch\u00adw\u00e4r\u00adme\u00adge\u00add\u00e4mmter Nied\u00adrig\u00adener\u00adgie\u00adh\u00e4user und die Sanie\u00adrung im Bestand durch den Einsatz isolie\u00adrender Fenster sowie von W\u00e4rme\u00add\u00e4mm\u00adver\u00adbund\u00adsys\u00adtemen an der Geb\u00e4u\u00adde\u00adh\u00fclle. So abge\u00addichtet geht nur noch wenig W\u00e4rme\u00aden\u00adergie verloren, aber eine ausrei\u00adchende Luft\u00adzir\u00adku\u00adla\u00adtion ist dann oft nicht mehr gew\u00e4hr\u00adleistet, da manuell meist weniger gel\u00fcftet wird, als n\u00f6tig w\u00e4re. Schim\u00admel\u00adbil\u00addung, die [\u2026]<\/p>\n","protected":false},"author":40,"featured_media":0,"comment_status":"open","ping_status":"closed","sticky":false,"template":"","format":"standard","meta":{"_acf_changed":false,"wp_typography_post_enhancements_disabled":false,"footnotes":""},"categories":[6,8,15],"tags":[304,306,32,308,307,201,303,305],"class_list":["post-30700","post","type-post","status-publish","format-standard","hentry","category-hausgeraete","category-kaelte-klima","category-ventilatoren","tag-axirev","tag-dezentrale-wohnraumbelueftung","tag-ec-technologie","tag-energieeffizenz","tag-push-pull-system","tag-radical","tag-spiralgehaeuse","tag-zentrale-wohnraumbelueftung"],"acf":[],"_links":{"self":[{"href":"https:\/\/mag.ebmpapst.com\/de\/wp-json\/wp\/v2\/posts\/30700","targetHints":{"allow":["GET"]}}],"collection":[{"href":"https:\/\/mag.ebmpapst.com\/de\/wp-json\/wp\/v2\/posts"}],"about":[{"href":"https:\/\/mag.ebmpapst.com\/de\/wp-json\/wp\/v2\/types\/post"}],"author":[{"embeddable":true,"href":"https:\/\/mag.ebmpapst.com\/de\/wp-json\/wp\/v2\/users\/40"}],"replies":[{"embeddable":true,"href":"https:\/\/mag.ebmpapst.com\/de\/wp-json\/wp\/v2\/comments?post=30700"}],"version-history":[{"count":76,"href":"https:\/\/mag.ebmpapst.com\/de\/wp-json\/wp\/v2\/posts\/30700\/revisions"}],"predecessor-version":[{"id":36605,"href":"https:\/\/mag.ebmpapst.com\/de\/wp-json\/wp\/v2\/posts\/30700\/revisions\/36605"}],"wp:attachment":[{"href":"https:\/\/mag.ebmpapst.com\/de\/wp-json\/wp\/v2\/media?parent=30700"}],"wp:term":[{"taxonomy":"category","embeddable":true,"href":"https:\/\/mag.ebmpapst.com\/de\/wp-json\/wp\/v2\/categories?post=30700"},{"taxonomy":"post_tag","embeddable":true,"href":"https:\/\/mag.ebmpapst.com\/de\/wp-json\/wp\/v2\/tags?post=30700"}],"curies":[{"name":"wp","href":"https:\/\/api.w.org\/{rel}","templated":true}]}}