{"id":28145,"date":"2023-08-22T10:16:00","date_gmt":"2023-08-22T08:16:00","guid":{"rendered":"https:\/\/mag.ebmpapst.com\/de\/?p=28145"},"modified":"2024-06-28T08:47:36","modified_gmt":"2024-06-28T06:47:36","slug":"einblick-ins-erprobungszentrumfuer-den-harten-einsatz-im-feld-erprobt","status":"publish","type":"post","link":"https:\/\/mag.ebmpapst.com\/de\/einblicke\/einblick-ins-erprobungszentrumfuer-den-harten-einsatz-im-feld-erprobt_28145\/","title":{"rendered":"<i>Einblick ins Erprobungs\u00adzentrum<\/i>\u201eF\u00fcr den harten Einsatz im Feld erprobt\u201c"},"content":{"rendered":"\n<p>Schon immer pr\u00fcft ebm-papst seine Venti\u00adla\u00adtoren auf Herz und Nieren \u2013 seit dem Fr\u00fch\u00adjahr 2023 jedoch auf einem neuen Niveau. In dem in nur einem Jahr erbauten Erprobungs\u00adzentrum in Hollen\u00adbach werden diese mit realen Umwelt\u00adein\u00adfl\u00fcssen gezielt an und \u00fcber ihre Grenzen hinaus gebracht. Auf einer Fl\u00e4che von circa 2.500 Quadrat\u00adme\u00adtern, in insge\u00adsamt 6 Pr\u00fcf\u00adfel\u00addern durch\u00adlaufen neue Produkte, Baugr\u00f6\u00dfen oder Bauteile die Test\u00adsta\u00adtionen. &nbsp;In dieser Reihe geben wir Ihnen Einblicke in jedes dieser Pr\u00fcf\u00adfelder.<\/p>\n\n\n\n<p>Erich Kemmer, seit \u00fcber 30 Jahren bei ebm-papst, leitet das Erprobungs\u00adzentrum: \u201eUnser Ziel ist es, die Effekte von Umwelt\u00adein\u00adfl\u00fcssen auf die Venti\u00adla\u00adtoren zu erkennen und fest\u00adzu\u00adstellen, ob und wie sie sich auf die Lebens\u00addauer auswirken. So erkennen wir neur\u00adal\u00adgi\u00adsche Stellen deut\u00adlich schneller als im Feld\u201c, erkl\u00e4rt er.<\/p>\n\n\n\n<div class=\"wp-block-columns zitat-mit-bild is-layout-flex wp-container-core-columns-is-layout-9d6595d7 wp-block-columns-is-layout-flex\">\n<div class=\"wp-block-column is-vertically-aligned-top is-layout-flow wp-block-column-is-layout-flow\" style=\"flex-basis:37%\">\n<figure class=\"wp-block-image size-full\"><img loading=\"lazy\" decoding=\"async\" width=\"300\" height=\"300\" src=\"https:\/\/ebmpapst-7237.kxcdn.com\/de\/files\/2023\/08\/00_Erprobungszentrum_Hollenbach_ebm-papst_Kemmer-2.jpg\" alt class=\"wp-image-29001\" srcset=\"https:\/\/ebmpapst-7237.kxcdn.com\/de\/files\/2023\/08\/00_Erprobungszentrum_Hollenbach_ebm-papst_Kemmer-2.jpg 300w, https:\/\/ebmpapst-7237.kxcdn.com\/de\/files\/2023\/08\/00_Erprobungszentrum_Hollenbach_ebm-papst_Kemmer-2-260x260.jpg 260w\" sizes=\"auto, (max-width: 300px) 100vw, 300px\"><\/figure>\n<\/div>\n\n\n\n<div class=\"wp-block-column is-vertically-aligned-center is-layout-flow wp-block-column-is-layout-flow\" style=\"flex-basis:63%\">\n<blockquote class=\"wp-block-quote is-layout-flow wp-block-quote-is-layout-flow\">\n<p>Wir erproben Venti\u00adla\u00adtoren und L\u00fcfter mit realen Umwelt\u00adein\u00adfl\u00fcssen und damit f\u00fcr den harten Einsatz im Feld.<\/p>\n<cite>Erich Kemmer, Grup\u00adpen\u00adleiter Vali\u00adda\u00adtion<\/cite><\/blockquote>\n<\/div>\n<\/div>\n\n\n\n<p>Die Mitar\u00adbei\u00adtenden des Erpro\u00adbungs\u00adzen\u00adtrums arbeiten daher nicht mit ideal\u00adty\u00adpi\u00adschen Labor\u00adbe\u00addin\u00adgungen, sondern mit realen Umwelt\u00adein\u00adfl\u00fcssen, wie sie dem Venti\u00adlator im Einsatz sp\u00e4ter auch begegnen werden. Dazu geh\u00f6ren unter\u00adschied\u00adliche physi\u00adka\u00adli\u00adsche oder chemi\u00adsche Einwir\u00adkungen wie Tempe\u00adratur, Luft\u00adfeuch\u00adtig\u00adkeit, Salz\u00adwasser oder Vibra\u00adtion, die nat\u00fcr\u00adli\u00adchen und zivi\u00adli\u00adsa\u00adto\u00adri\u00adschen Ursprungs sein k\u00f6nnen. Wasser wirkt auf nat\u00fcr\u00adli\u00adchem Weg beispiels\u00adweise durch Nieder\u00adschlag auf einen Venti\u00adlator ein, zivi\u00adli\u00adsa\u00adto\u00adrisch durch den Einsatz des Venti\u00adla\u00adtors in einer Wasch\u00adan\u00adlage \u2013 beides hat Einfluss auf die Lebens\u00addauer des Produkts beim Kunden.<\/p>\n\n\n\n<div style=\"height:46px\" aria-hidden=\"true\" class=\"wp-block-spacer\"><\/div>\n\n\n\n<div class=\"wp-block-group alignfull mgznkr-stickygroup\"><div class=\"wp-block-group__inner-container is-layout-flow wp-block-group-is-layout-flow\">\n<div class=\"wp-block-cover alignfull is-light mgznkr-sticky-img\" style=\"min-height:1199px;aspect-ratio:unset;\"><span aria-hidden=\"true\" class=\"wp-block-cover__background has-background-dim-0 has-background-dim\"><\/span><img loading=\"lazy\" decoding=\"async\" width=\"1920\" height=\"1080\" class=\"wp-block-cover__image-background wp-image-28324\" alt src=\"https:\/\/ebmpapst-7237.kxcdn.com\/de\/files\/2023\/06\/00_Erprobungszentrum_Hollenbach_ebm-papst.jpg\" style=\"object-position:50% 20%\" data-object-fit=\"cover\" data-object-position=\"50% 20%\" srcset=\"https:\/\/ebmpapst-7237.kxcdn.com\/de\/files\/2023\/06\/00_Erprobungszentrum_Hollenbach_ebm-papst.jpg 1920w, https:\/\/ebmpapst-7237.kxcdn.com\/de\/files\/2023\/06\/00_Erprobungszentrum_Hollenbach_ebm-papst-660x371.jpg 660w, https:\/\/ebmpapst-7237.kxcdn.com\/de\/files\/2023\/06\/00_Erprobungszentrum_Hollenbach_ebm-papst-960x540.jpg 960w, https:\/\/ebmpapst-7237.kxcdn.com\/de\/files\/2023\/06\/00_Erprobungszentrum_Hollenbach_ebm-papst-260x146.jpg 260w, https:\/\/ebmpapst-7237.kxcdn.com\/de\/files\/2023\/06\/00_Erprobungszentrum_Hollenbach_ebm-papst-768x432.jpg 768w, https:\/\/ebmpapst-7237.kxcdn.com\/de\/files\/2023\/06\/00_Erprobungszentrum_Hollenbach_ebm-papst-1536x864.jpg 1536w, https:\/\/ebmpapst-7237.kxcdn.com\/de\/files\/2023\/06\/00_Erprobungszentrum_Hollenbach_ebm-papst-450x253.jpg 450w, https:\/\/ebmpapst-7237.kxcdn.com\/de\/files\/2023\/06\/00_Erprobungszentrum_Hollenbach_ebm-papst-300x169.jpg 300w\" sizes=\"auto, (max-width: 1920px) 100vw, 1920px\"><div class=\"wp-block-cover__inner-container is-layout-flow wp-block-cover-is-layout-flow\">\n<p class=\"has-text-align-center has-large-font-size\"><\/p>\n<\/div><\/div>\n\n\n\n<div class=\"wp-block-group alignfull mgznkr-sticky-content\"><div class=\"wp-block-group__inner-container is-layout-flow wp-block-group-is-layout-flow\">\n<div class=\"wp-block-columns alignfull is-layout-flex wp-container-core-columns-is-layout-9d6595d7 wp-block-columns-is-layout-flex\">\n<div class=\"wp-block-column is-vertically-aligned-center is-layout-flow wp-block-column-is-layout-flow\" style=\"flex-basis:90px\"><\/div>\n\n\n\n<div class=\"wp-block-column is-vertically-aligned-center is-layout-flow wp-block-column-is-layout-flow\" style=\"flex-basis:800px\">\n<h2 class=\"wp-block-heading\">Nach einer Bauzeit von 15 Monaten wurde das<br><mark>Erprobungs\u00adzentrum in Hollen\u00adbach<\/mark><br>im Fr\u00fch\u00adjahr 2023 in Betrieb genommen.<\/h2>\n<\/div>\n\n\n\n<div class=\"wp-block-column is-vertically-aligned-center is-layout-flow wp-block-column-is-layout-flow\"><\/div>\n<\/div>\n\n\n\n<div class=\"wp-block-columns alignfull are-vertically-aligned-center is-layout-flex wp-container-core-columns-is-layout-9d6595d7 wp-block-columns-is-layout-flex\">\n<div class=\"wp-block-column is-vertically-aligned-center is-layout-flow wp-block-column-is-layout-flow\"><\/div>\n\n\n\n<div class=\"wp-block-column is-vertically-aligned-center is-layout-flow wp-block-column-is-layout-flow\" style=\"flex-basis:800px\">\n<h2 class=\"wp-block-heading\">Auf ca. <mark>2.500 Quadrat\u00adme\u00adtern<\/mark> werden <mark>mehrere hundert Pr\u00fcf\u00adlinge<\/mark> pro Jahr an ihre Grenzen \u2013 und dar\u00fcber hinaus \u2013 gebracht, von 8 hoch\u00adqualifizierten Mitar\u00adbei\u00adtenden.<\/h2>\n<\/div>\n\n\n\n<div class=\"wp-block-column is-vertically-aligned-center is-layout-flow wp-block-column-is-layout-flow\" style=\"flex-basis:120px\"><\/div>\n<\/div>\n<\/div><\/div>\n<\/div><\/div>\n\n\n\n<div style=\"height:46px\" aria-hidden=\"true\" class=\"wp-block-spacer\"><\/div>\n\n\n\n<h2 class=\"wp-block-heading\">Wech\u00adsel\u00adwir\u00adkungen erkennen<\/h2>\n\n\n\n<p>Mit einge\u00adhenden Unter\u00adsu\u00adchungen vor, w\u00e4hrend und nach den einzelnen Pr\u00fcf\u00adfel\u00addern stellen Kemmer und sein Team fest, welche Wech\u00adsel\u00adwir\u00adkungen zwischen Venti\u00adla\u00adtoren und deren Kompo\u00adnenten und ihrer Umwelt entstehen. F\u00fchren schnelle Tempe\u00adra\u00adtur\u00adwechsel m\u00f6gli\u00adcher\u00adweise zu Rissen im Kunst\u00adstoff? Kann durch diese Risse anschlie\u00ad\u00dfend Feuch\u00adtig\u00adkeit eindringen? Das Team setzt dabei sowohl auf stan\u00addar\u00addi\u00adsierte Norm-Pr\u00fcfungen als auch auf \u00fcber Jahre hinweg selbst entwi\u00adckelte kombi\u00adnierte Belas\u00adtungs\u00adtests, die in gro\u00dfen Klima\u00adkam\u00admern durch\u00adge\u00adf\u00fchrt werden. <\/p>\n\n\n\n<p>Sie testen die Produkte in den Pr\u00fcf\u00adfel\u00addern Schock und Vibra\u00adtion, Klima, Radfes\u00adtig\u00adkeit, Schleuder- und Zyklus\u00adtest, IP-Schutzart Wasser, Salz\u00adnebel, und in den drei beschleu\u00adnigten Lebens\u00addau\u00ader\u00adtests H0, H1 und H2. Durch\u00adl\u00e4uft ein Venti\u00adlator alle Stationen, dauert das mindes\u00adtens ein halbes Jahr. \u201eWir testen immer w\u00e4hrend und am Ende der Produkt\u00adent\u00adwick\u00adlung \u2013 der Venti\u00adlator soll sich schlie\u00df\u00adlich nicht nur drehen und die erwar\u00adtete Luft\u00adleis\u00adtung bringen, sondern auch seinen Einsatz in unter\u00adschied\u00adlichsten Gebieten auf der Welt problemlos erf\u00fcllen\u201c, sagt Kemmer.<\/p>\n\n\n\n<h3 class=\"wp-block-heading\">Herr Kemmer, was passiert, wenn ein Venti\u00adlator eine Pr\u00fcfung nicht besteht?<\/h3>\n\n\n\n<div class=\"video-container\"><iframe loading=\"lazy\" class=\"vimeo-iframe\" src=\"https:\/\/player.vimeo.com\/video\/835706845?dnt=1\" width=\"960\" height=\"540\" frameborder=\"0\" allowfullscreen=\"allowfullscreen\"><\/iframe><\/div>\n\n\n\n\n<p>Doch nicht nur neu entwi\u00adckelte Produkte durch\u00adlaufen das Erprobungs\u00adzentrum, auch neue Baugr\u00f6\u00dfen oder Einzel\u00adkom\u00adpo\u00adnenten wie Motoren oder Lauf\u00adr\u00e4der m\u00fcssen sich den Pr\u00fcfungen stellen. \u201eSo stellen wir Fehler noch w\u00e4hrend der Konstruk\u00adtion fest und fangen bei Bedarf eben nochmal von vorne an \u2013 das ist Sinn der Sache\u201c, erkl\u00e4rt Kemmer.<\/p>\n\n\n\n<div style=\"height:70px\" aria-hidden=\"true\" class=\"wp-block-spacer\"><\/div>\n\n\n\n<div class=\"wp-block-group mgznkr-elements mgznkr-box prueffelder-box\"><div class=\"wp-block-group__inner-container is-layout-constrained wp-block-group-is-layout-constrained\">\n<h4 class=\"wp-block-heading\">Exklu\u00adsive Einblicke in alle Pr\u00fcf\u00adfelder<\/h4>\n\n\n\n<p>Erfahren Sie mehr dar\u00fcber, wie ebm-papst Venti\u00adla\u00adtoren in den einzelnen Pr\u00fcf\u00adfelder auf die Probe stellt. Jeder Artikel mit span\u00adnenden Einbli\u00adcken, Videos und Bildern!<\/p>\n\n\n\n<div class=\"wp-block-group teaser-box\"><div class=\"wp-block-group__inner-container is-layout-constrained wp-block-group-is-layout-constrained\">\n<figure class=\"wp-block-image size-full\"><a href=\"https:\/\/mag.ebmpapst.com\/de\/einblicke\/einblick-ins-erprobungszentrum-einmal-durchschuetteln-prueffeld-schock-und-vibration_28213\/\"><img loading=\"lazy\" decoding=\"async\" width=\"660\" height=\"440\" src=\"https:\/\/ebmpapst-7237.kxcdn.com\/de\/files\/2023\/08\/ebm-papst_Eprobungszentrum_Station_Vibration_660-440.jpg\" alt class=\"wp-image-29024\" srcset=\"https:\/\/ebmpapst-7237.kxcdn.com\/de\/files\/2023\/08\/ebm-papst_Eprobungszentrum_Station_Vibration_660-440.jpg 660w, https:\/\/ebmpapst-7237.kxcdn.com\/de\/files\/2023\/08\/ebm-papst_Eprobungszentrum_Station_Vibration_660-440-260x173.jpg 260w, https:\/\/ebmpapst-7237.kxcdn.com\/de\/files\/2023\/08\/ebm-papst_Eprobungszentrum_Station_Vibration_660-440-450x300.jpg 450w, https:\/\/ebmpapst-7237.kxcdn.com\/de\/files\/2023\/08\/ebm-papst_Eprobungszentrum_Station_Vibration_660-440-300x200.jpg 300w\" sizes=\"auto, (max-width: 660px) 100vw, 660px\"><\/a><figcaption class=\"wp-element-caption\"><a href=\"https:\/\/mag.ebmpapst.com\/de\/einblicke\/einblick-ins-erprobungszentrum-einmal-durchschuetteln-prueffeld-schock-und-vibration_28213\/\" data-type=\"URL\" data-id=\"https:\/\/mag.ebmpapst.com\/de\/?p=28213\">Schock und Vibra\u00adtion<\/a><\/figcaption><\/figure>\n\n\n\n<figure class=\"wp-block-image size-medium\"><a href=\"https:\/\/mag.ebmpapst.com\/de\/einblicke\/einblick-ins-erprobungszentrumvon-den-tropen-in-die-arktis-und-zurueck-prueffeld-klima_28890\/\"><img loading=\"lazy\" decoding=\"async\" width=\"660\" height=\"440\" src=\"https:\/\/ebmpapst-7237.kxcdn.com\/de\/files\/2023\/06\/00_Erprobungszentrum_Hollenbach_ebm-papst_Klima_960-640-660x440.jpg\" alt class=\"wp-image-28331\" srcset=\"https:\/\/ebmpapst-7237.kxcdn.com\/de\/files\/2023\/06\/00_Erprobungszentrum_Hollenbach_ebm-papst_Klima_960-640-660x440.jpg 660w, https:\/\/ebmpapst-7237.kxcdn.com\/de\/files\/2023\/06\/00_Erprobungszentrum_Hollenbach_ebm-papst_Klima_960-640-260x173.jpg 260w, https:\/\/ebmpapst-7237.kxcdn.com\/de\/files\/2023\/06\/00_Erprobungszentrum_Hollenbach_ebm-papst_Klima_960-640-768x512.jpg 768w, https:\/\/ebmpapst-7237.kxcdn.com\/de\/files\/2023\/06\/00_Erprobungszentrum_Hollenbach_ebm-papst_Klima_960-640-450x300.jpg 450w, https:\/\/ebmpapst-7237.kxcdn.com\/de\/files\/2023\/06\/00_Erprobungszentrum_Hollenbach_ebm-papst_Klima_960-640-300x200.jpg 300w, https:\/\/ebmpapst-7237.kxcdn.com\/de\/files\/2023\/06\/00_Erprobungszentrum_Hollenbach_ebm-papst_Klima_960-640.jpg 960w\" sizes=\"auto, (max-width: 660px) 100vw, 660px\"><\/a><figcaption class=\"wp-element-caption\"><a href=\"https:\/\/mag.ebmpapst.com\/de\/einblicke\/einblick-ins-erprobungszentrumvon-den-tropen-in-die-arktis-und-zurueck-prueffeld-klima_28890\/\">Klima<\/a><\/figcaption><\/figure>\n\n\n\n<figure class=\"wp-block-image size-medium\"><a href=\"https:\/\/mag.ebmpapst.com\/de\/einblicke\/einblick-ins-erprobungszentrumbis-zum-drehwurm-prueffeld-radfestigkeit-schleuder-und-zyklustest_28862\/\"><img loading=\"lazy\" decoding=\"async\" width=\"660\" height=\"440\" src=\"https:\/\/ebmpapst-7237.kxcdn.com\/de\/files\/2023\/06\/00_Erprobungszentrum_Hollenbach_ebm-papst_Radfestigkeit_Schleuder-Zyklustest_960-640-660x440.jpg\" alt class=\"wp-image-28333\" srcset=\"https:\/\/ebmpapst-7237.kxcdn.com\/de\/files\/2023\/06\/00_Erprobungszentrum_Hollenbach_ebm-papst_Radfestigkeit_Schleuder-Zyklustest_960-640-660x440.jpg 660w, https:\/\/ebmpapst-7237.kxcdn.com\/de\/files\/2023\/06\/00_Erprobungszentrum_Hollenbach_ebm-papst_Radfestigkeit_Schleuder-Zyklustest_960-640-260x173.jpg 260w, https:\/\/ebmpapst-7237.kxcdn.com\/de\/files\/2023\/06\/00_Erprobungszentrum_Hollenbach_ebm-papst_Radfestigkeit_Schleuder-Zyklustest_960-640-768x512.jpg 768w, https:\/\/ebmpapst-7237.kxcdn.com\/de\/files\/2023\/06\/00_Erprobungszentrum_Hollenbach_ebm-papst_Radfestigkeit_Schleuder-Zyklustest_960-640-450x300.jpg 450w, https:\/\/ebmpapst-7237.kxcdn.com\/de\/files\/2023\/06\/00_Erprobungszentrum_Hollenbach_ebm-papst_Radfestigkeit_Schleuder-Zyklustest_960-640-300x200.jpg 300w, https:\/\/ebmpapst-7237.kxcdn.com\/de\/files\/2023\/06\/00_Erprobungszentrum_Hollenbach_ebm-papst_Radfestigkeit_Schleuder-Zyklustest_960-640.jpg 960w\" sizes=\"auto, (max-width: 660px) 100vw, 660px\"><\/a><figcaption class=\"wp-element-caption\"><a href=\"https:\/\/mag.ebmpapst.com\/de\/einblicke\/einblick-ins-erprobungszentrumbis-zum-drehwurm-prueffeld-radfestigkeit-schleuder-und-zyklustest_28862\/\">Radfes\u00adtig\u00adkeit, Schleuder- &amp; Zyklus\u00adtest<\/a><\/figcaption><\/figure>\n\n\n\n<figure class=\"wp-block-image size-medium\"><a href=\"https:\/\/mag.ebmpapst.com\/de\/einblicke\/einblick-ins-erprobungszentrumes-wird-nass-prueffeld-ip-schutzart-wasser_29115\/\"><img loading=\"lazy\" decoding=\"async\" width=\"660\" height=\"440\" src=\"https:\/\/ebmpapst-7237.kxcdn.com\/de\/files\/2023\/06\/00_Erprobungszentrum_Hollenbach_ebm-papst_Wasser-IP_960-640-660x440.jpg\" alt class=\"wp-image-28334\" srcset=\"https:\/\/ebmpapst-7237.kxcdn.com\/de\/files\/2023\/06\/00_Erprobungszentrum_Hollenbach_ebm-papst_Wasser-IP_960-640-660x440.jpg 660w, https:\/\/ebmpapst-7237.kxcdn.com\/de\/files\/2023\/06\/00_Erprobungszentrum_Hollenbach_ebm-papst_Wasser-IP_960-640-260x173.jpg 260w, https:\/\/ebmpapst-7237.kxcdn.com\/de\/files\/2023\/06\/00_Erprobungszentrum_Hollenbach_ebm-papst_Wasser-IP_960-640-768x512.jpg 768w, https:\/\/ebmpapst-7237.kxcdn.com\/de\/files\/2023\/06\/00_Erprobungszentrum_Hollenbach_ebm-papst_Wasser-IP_960-640-450x300.jpg 450w, https:\/\/ebmpapst-7237.kxcdn.com\/de\/files\/2023\/06\/00_Erprobungszentrum_Hollenbach_ebm-papst_Wasser-IP_960-640-300x200.jpg 300w, https:\/\/ebmpapst-7237.kxcdn.com\/de\/files\/2023\/06\/00_Erprobungszentrum_Hollenbach_ebm-papst_Wasser-IP_960-640.jpg 960w\" sizes=\"auto, (max-width: 660px) 100vw, 660px\"><\/a><figcaption class=\"wp-element-caption\"><a href=\"https:\/\/mag.ebmpapst.com\/de\/einblicke\/einblick-ins-erprobungszentrumes-wird-nass-prueffeld-ip-schutzart-wasser_29115\/\" data-type=\"post\" data-id=\"29115\">Wasser IP<\/a><\/figcaption><\/figure>\n\n\n\n<figure class=\"wp-block-image size-medium\"><a href=\"https:\/\/mag.ebmpapst.com\/de\/allgemein\/einblick-ins-erprobungszentrumkeine-korrosion-erwuenscht-prueffeld-salznebel_29286\/\"><img loading=\"lazy\" decoding=\"async\" width=\"660\" height=\"440\" src=\"https:\/\/ebmpapst-7237.kxcdn.com\/de\/files\/2023\/06\/00_Erprobungszentrum_Hollenbach_ebm-papst_Salznebel_960-640-660x440.jpg\" alt class=\"wp-image-28335\" srcset=\"https:\/\/ebmpapst-7237.kxcdn.com\/de\/files\/2023\/06\/00_Erprobungszentrum_Hollenbach_ebm-papst_Salznebel_960-640-660x440.jpg 660w, https:\/\/ebmpapst-7237.kxcdn.com\/de\/files\/2023\/06\/00_Erprobungszentrum_Hollenbach_ebm-papst_Salznebel_960-640-260x173.jpg 260w, https:\/\/ebmpapst-7237.kxcdn.com\/de\/files\/2023\/06\/00_Erprobungszentrum_Hollenbach_ebm-papst_Salznebel_960-640-768x512.jpg 768w, https:\/\/ebmpapst-7237.kxcdn.com\/de\/files\/2023\/06\/00_Erprobungszentrum_Hollenbach_ebm-papst_Salznebel_960-640-450x300.jpg 450w, https:\/\/ebmpapst-7237.kxcdn.com\/de\/files\/2023\/06\/00_Erprobungszentrum_Hollenbach_ebm-papst_Salznebel_960-640-300x200.jpg 300w, https:\/\/ebmpapst-7237.kxcdn.com\/de\/files\/2023\/06\/00_Erprobungszentrum_Hollenbach_ebm-papst_Salznebel_960-640.jpg 960w\" sizes=\"auto, (max-width: 660px) 100vw, 660px\"><\/a><figcaption class=\"wp-element-caption\"><a href=\"https:\/\/mag.ebmpapst.com\/de\/allgemein\/einblick-ins-erprobungszentrumkeine-korrosion-erwuenscht-prueffeld-salznebel_29286\/\" data-type=\"post\" data-id=\"29286\">Salz\u00adnebel<\/a><\/figcaption><\/figure>\n\n\n\n<figure class=\"wp-block-image size-medium\"><a href=\"https:\/\/mag.ebmpapst.com\/de\/einblicke\/einblick-ins-erprobungszentrummaximal-belastet-prueffeld-beschleunigte-lebensdauertests_29473\/\"><img loading=\"lazy\" decoding=\"async\" width=\"660\" height=\"440\" src=\"https:\/\/ebmpapst-7237.kxcdn.com\/de\/files\/2023\/06\/00_Erprobungszentrum_Hollenbach_ebm-papst_Lebensdauertest_960-640-660x440.jpg\" alt class=\"wp-image-28336\" srcset=\"https:\/\/ebmpapst-7237.kxcdn.com\/de\/files\/2023\/06\/00_Erprobungszentrum_Hollenbach_ebm-papst_Lebensdauertest_960-640-660x440.jpg 660w, https:\/\/ebmpapst-7237.kxcdn.com\/de\/files\/2023\/06\/00_Erprobungszentrum_Hollenbach_ebm-papst_Lebensdauertest_960-640-260x173.jpg 260w, https:\/\/ebmpapst-7237.kxcdn.com\/de\/files\/2023\/06\/00_Erprobungszentrum_Hollenbach_ebm-papst_Lebensdauertest_960-640-768x512.jpg 768w, https:\/\/ebmpapst-7237.kxcdn.com\/de\/files\/2023\/06\/00_Erprobungszentrum_Hollenbach_ebm-papst_Lebensdauertest_960-640-450x300.jpg 450w, https:\/\/ebmpapst-7237.kxcdn.com\/de\/files\/2023\/06\/00_Erprobungszentrum_Hollenbach_ebm-papst_Lebensdauertest_960-640-300x200.jpg 300w, https:\/\/ebmpapst-7237.kxcdn.com\/de\/files\/2023\/06\/00_Erprobungszentrum_Hollenbach_ebm-papst_Lebensdauertest_960-640.jpg 960w\" sizes=\"auto, (max-width: 660px) 100vw, 660px\"><\/a><figcaption class=\"wp-element-caption\"><a href=\"https:\/\/mag.ebmpapst.com\/de\/einblicke\/einblick-ins-erprobungszentrummaximal-belastet-prueffeld-beschleunigte-lebensdauertests_29473\/\" data-type=\"post\" data-id=\"29473\">Beschleu\u00adnigte Lebens\u00addau\u00ader\u00adtests<\/a><\/figcaption><\/figure>\n<\/div><\/div>\n\n\n\n<style>\n.prueffelder-box .wp-block-image:not(.alignfull) figcaption::after,\n.prueffelder-box .wp-block-image:not(.alignfull) a + figcaption::before{\n  background: transparent;\n}\n.prueffelder-box{\n  counter-reset: section;\n}\n\n.prueffelder-box figure.wp-block-image:not(.alignfull),\n.prueffelder-box .wp-block-image img + figcaption::before{\n  position: relative;\n}\n\n.prueffelder-box figure.wp-block-image:not(.alignfull)::before{\n  counter-increment: section;\n  font-family: \"NeueHelvetica67CondensedMedium\";\n  font-size: 1em;\n  padding-left: .5em;\n  padding-top: .4em;\n  content:counter(section);\n  display:inline;\n  position: absolute;\n  text-decoration: none;\n  top: -0.5em;\n  left: -0.5em;\n  background-color: #007dc6;\n  color: #fff;\n  border-radius: 50%;\n  width: 1.5em;\n  height: 1.5em;\n  z-index: 14;\n  line-height: 1;\n  \n}\n\n.prueffelder-box .wp-block-image:not(.alignfull) figcaption a::after{\n  font-family: \"MonotypeSabonSemiBold\";\n  font-size: 2em;\n  line-height: 0.5em;\n  padding-left: 7px;\n  vertical-align: sub;\n  white-space: nowrap;\n  content:\"\u00bb\";\n  display:inline;\n  position: static;\n  text-decoration: none;\n}\n.prueffelder-box .wp-block-image:not(.alignfull) figcaption a{\n  color: #222;\n  color: #0072BB\n}\n.prueffelder-box .wp-block-image:not(.alignfull):hover figcaption a{\n  color: #0072BB;\n  text-decoration: underline;\n}\n.prueffelder-box .wp-block-image figcaption{\n  padding: 0 0 4px;\n  font-family: \"NeueHelvetica67CondensedMedium\";\n  letter-spacing: 2.3px;\n  line-height: 20px;\n  text-shadow: none;\n  font-size: 1em;\n}\n.prueffelder-box :not(a)>img{\n  filter: blur(1px) grayscale(1);\n}\n\n.prueffelder-box .wp-block-image img + figcaption::before{\n  display:block;\n  width: 100%;\n  height: fit-content;\n  line-height: 1.5;\n  position: absolute;\n  content:\"Coming soon\";\n  background: #222;\n  color: #fff;\n  z-index: 5;\n  top: -5em;\n  text-align: center;\n}\n.prueffelder-box .teaser-box > .wp-block-group__inner-container{\n  padding: 12px;\n}\n.prueffelder-box .teaser-box > div{\n  display: flex;\n  flex-wrap: wrap;\n  gap: 1em;\n  justify-content: space-evenly;\n}\n.prueffelder-box .teaser-box figure{\n  flex-basis: calc(33.33% - 1em);\n  flex-grow: 1;\n  flex-shrink: 1;\n  max-width: 225px;\n  min-width: 170px;\n}\n<\/style>\n<\/div><\/div>\n","protected":false},"excerpt":{"rendered":"<p>Schon immer pr\u00fcft ebm-papst seine Venti\u00adla\u00adtoren auf Herz und Nieren \u2013 seit dem Fr\u00fch\u00adjahr 2023 jedoch auf einem neuen Niveau. In dem in nur einem Jahr erbauten Erprobungs\u00adzentrum in Hollen\u00adbach werden diese mit realen Umwelt\u00adein\u00adfl\u00fcssen gezielt an und \u00fcber ihre Grenzen hinaus gebracht. Auf einer Fl\u00e4che von circa 2.500 Quadrat\u00adme\u00adtern, in insge\u00adsamt 6 Pr\u00fcf\u00adfel\u00addern durch\u00adlaufen [\u2026]<\/p>\n","protected":false},"author":36,"featured_media":0,"comment_status":"open","ping_status":"closed","sticky":false,"template":"","format":"standard","meta":{"_acf_changed":false,"wp_typography_post_enhancements_disabled":false,"footnotes":""},"categories":[4,301,15],"tags":[],"class_list":["post-28145","post","type-post","status-publish","format-standard","hentry","category-einblicke","category-serie-erprobungszentrum","category-ventilatoren"],"acf":[],"_links":{"self":[{"href":"https:\/\/mag.ebmpapst.com\/de\/wp-json\/wp\/v2\/posts\/28145","targetHints":{"allow":["GET"]}}],"collection":[{"href":"https:\/\/mag.ebmpapst.com\/de\/wp-json\/wp\/v2\/posts"}],"about":[{"href":"https:\/\/mag.ebmpapst.com\/de\/wp-json\/wp\/v2\/types\/post"}],"author":[{"embeddable":true,"href":"https:\/\/mag.ebmpapst.com\/de\/wp-json\/wp\/v2\/users\/36"}],"replies":[{"embeddable":true,"href":"https:\/\/mag.ebmpapst.com\/de\/wp-json\/wp\/v2\/comments?post=28145"}],"version-history":[{"count":194,"href":"https:\/\/mag.ebmpapst.com\/de\/wp-json\/wp\/v2\/posts\/28145\/revisions"}],"predecessor-version":[{"id":35649,"href":"https:\/\/mag.ebmpapst.com\/de\/wp-json\/wp\/v2\/posts\/28145\/revisions\/35649"}],"wp:attachment":[{"href":"https:\/\/mag.ebmpapst.com\/de\/wp-json\/wp\/v2\/media?parent=28145"}],"wp:term":[{"taxonomy":"category","embeddable":true,"href":"https:\/\/mag.ebmpapst.com\/de\/wp-json\/wp\/v2\/categories?post=28145"},{"taxonomy":"post_tag","embeddable":true,"href":"https:\/\/mag.ebmpapst.com\/de\/wp-json\/wp\/v2\/tags?post=28145"}],"curies":[{"name":"wp","href":"https:\/\/api.w.org\/{rel}","templated":true}]}}