{"id":26406,"date":"2022-11-18T08:53:34","date_gmt":"2022-11-18T07:53:34","guid":{"rendered":"https:\/\/mag.ebmpapst.com\/de\/?p=26406"},"modified":"2024-02-21T10:53:39","modified_gmt":"2024-02-21T09:53:39","slug":"what-the-tech-e-mobilitaet-mit-gruener-energie-sichern","status":"publish","type":"post","link":"https:\/\/mag.ebmpapst.com\/de\/branchen\/elektronik\/what-the-tech-e-mobilitaet-mit-gruener-energie-sichern_26406\/","title":{"rendered":"<i>What the Tech:<\/i> E-Mobi\u00adlit\u00e4t mit gr\u00fcner Energie sichern?"},"content":{"rendered":"<p>Bei der Verar\u00adbei\u00adtung, Spei\u00adche\u00adrung und Nutzung von Strom entsteht W\u00e4rme, die abge\u00adf\u00fchrt werden muss. Deshalb braucht es K\u00fchl\u00adl\u00f6\u00adsungen in allen Schritten der Ener\u00adgie\u00ader\u00adzeu\u00adgung. Dadurch arbeiten die Anlagen effi\u00adzi\u00adenter. Sehen wir uns eine Wind\u00adener\u00adgie\u00adan\u00adlage an: Aus der Leis\u00adtung des Windes erzeugt die Anlage \u00fcber einen Rotor zun\u00e4chst mecha\u00adni\u00adsche Energie. Die wird \u00fcber einen Gene\u00adrator dann in elek\u00adtri\u00adsche Energie umge\u00adwan\u00addelt. Diese Span\u00adnung wird dann auf Mittel\u00adspan\u00adnung trans\u00adfor\u00admiert und zur \u00dcber\u00adga\u00adbe\u00adsta\u00adtion weiter\u00adge\u00adleitet. Von dort aus kann der Strom direkt ins Netz einge\u00adspeist werden.<\/p>\n<p>Bei Photo\u00advol\u00adta\u00adik\u00adan\u00adlagen wandeln Solar\u00adzellen Sonnen\u00aden\u00adergie in elek\u00adtri\u00adsche Energie um. \u00dcber einen soge\u00adnannten Wech\u00adsel\u00adrichter wird diese Energie eben\u00adfalls ins Strom\u00adnetz einge\u00adspeist. Bei \u00dcber\u00adpro\u00adduk\u00adtion besteht die M\u00f6glich\u00adkeit, Energie beispiels\u00adweise in Batte\u00adrien zu spei\u00adchern. Im Gegen\u00adsatz zu alten, gro\u00dfen Gas-, Kohle- oder Atom-Kraft\u00adwerken finden die einzelnen Systeme des nach\u00adhal\u00adtigen Ener\u00adgie\u00adnetzes oft an dezen\u00adtralen, entle\u00adgenen Orten ihren Einsatz.<\/p>\n<p>Bei der Wind\u00adkraft beispiels\u00adweise ist es beson\u00adders wichtig, dass die Produkte robust und lang\u00adlebig sind, denn jeder Austausch zieht einen teuren Service\u00adein\u00adsatz mit sich. So m\u00fcssen auch die zur K\u00fchlung ben\u00f6\u00adtigten Venti\u00adla\u00adtoren outdoor\u00adtaug\u00adlich sein. Raue Umge\u00adbungs\u00adbe\u00addin\u00adgungen wie feuchter Nebel, Regen, Staub oder salzige Meeres\u00adluft k\u00f6nnen andern\u00adfalls Probleme verur\u00adsa\u00adchen.<\/p>\n<p>F\u00fcr eine effi\u00adzi\u00adente und ger\u00e4usch\u00adarme K\u00fchlung werden f\u00fcr die unter\u00adschied\u00adli\u00adchen Anwen\u00addungen auch Venti\u00adla\u00adtoren in unter\u00adschied\u00adli\u00adchen Bauweisen einge\u00adsetzt. Ange\u00adfangen bei der Pitch-Antriebs\u00adk\u00fch\u00adlung kommen die Venti\u00adla\u00adtoren zus\u00e4tz\u00adlich bei der Getriebe- und Gene\u00adra\u00adtor\u00adk\u00fch\u00adlung, der Elek\u00adtronik- und Schalt\u00adschrank\u00adk\u00fch\u00adlung, in der Trafo\u00adsta\u00adtion, beim Ener\u00adgie\u00adspei\u00adcher und Lade\u00adsta\u00adtionen von E-Fahr\u00adzeugen zum Einsatz. Letzt\u00adend\u00adlich gilt: k\u00fchlen Kopf bewahren. Und das von der Ener\u00adgie\u00ader\u00adzeu\u00adgung bis hin zur Ener\u00adgie\u00adnut\u00adzung.<\/p>\n","protected":false},"excerpt":{"rendered":"<p>Bei der Verar\u00adbei\u00adtung, Spei\u00adche\u00adrung und Nutzung von Strom entsteht W\u00e4rme, die abge\u00adf\u00fchrt werden muss. Deshalb braucht es K\u00fchl\u00adl\u00f6\u00adsungen in allen Schritten der Ener\u00adgie\u00ader\u00adzeu\u00adgung. Dadurch arbeiten die Anlagen effi\u00adzi\u00adenter. Sehen wir uns eine Wind\u00adener\u00adgie\u00adan\u00adlage an: Aus der Leis\u00adtung des Windes erzeugt die Anlage \u00fcber einen Rotor zun\u00e4chst mecha\u00adni\u00adsche Energie. Die wird \u00fcber einen Gene\u00adrator dann in [\u2026]<\/p>\n","protected":false},"author":36,"featured_media":0,"comment_status":"open","ping_status":"open","sticky":false,"template":"","format":"standard","meta":{"_acf_changed":false,"wp_typography_post_enhancements_disabled":false,"footnotes":""},"categories":[5,8,210,15,209],"tags":[230,33,102,35,232,229,180,231,78],"class_list":["post-26406","post","type-post","status-publish","format-standard","hentry","category-elektronik","category-kaelte-klima","category-noteaser","category-ventilatoren","category-what-the-tech","tag-e-mobilitaet","tag-ec-ventilatoren","tag-elektroauto","tag-energie-sparen","tag-gruene-energie","tag-infrastrukrur","tag-kuehlung","tag-photovoltaik","tag-windkraft"],"acf":[],"_links":{"self":[{"href":"https:\/\/mag.ebmpapst.com\/de\/wp-json\/wp\/v2\/posts\/26406","targetHints":{"allow":["GET"]}}],"collection":[{"href":"https:\/\/mag.ebmpapst.com\/de\/wp-json\/wp\/v2\/posts"}],"about":[{"href":"https:\/\/mag.ebmpapst.com\/de\/wp-json\/wp\/v2\/types\/post"}],"author":[{"embeddable":true,"href":"https:\/\/mag.ebmpapst.com\/de\/wp-json\/wp\/v2\/users\/36"}],"replies":[{"embeddable":true,"href":"https:\/\/mag.ebmpapst.com\/de\/wp-json\/wp\/v2\/comments?post=26406"}],"version-history":[{"count":3,"href":"https:\/\/mag.ebmpapst.com\/de\/wp-json\/wp\/v2\/posts\/26406\/revisions"}],"predecessor-version":[{"id":26411,"href":"https:\/\/mag.ebmpapst.com\/de\/wp-json\/wp\/v2\/posts\/26406\/revisions\/26411"}],"wp:attachment":[{"href":"https:\/\/mag.ebmpapst.com\/de\/wp-json\/wp\/v2\/media?parent=26406"}],"wp:term":[{"taxonomy":"category","embeddable":true,"href":"https:\/\/mag.ebmpapst.com\/de\/wp-json\/wp\/v2\/categories?post=26406"},{"taxonomy":"post_tag","embeddable":true,"href":"https:\/\/mag.ebmpapst.com\/de\/wp-json\/wp\/v2\/tags?post=26406"}],"curies":[{"name":"wp","href":"https:\/\/api.w.org\/{rel}","templated":true}]}}