{"id":26046,"date":"2022-09-29T12:06:55","date_gmt":"2022-09-29T10:06:55","guid":{"rendered":"https:\/\/mag.ebmpapst.com\/de\/?p=26046"},"modified":"2025-09-12T15:47:59","modified_gmt":"2025-09-12T13:47:59","slug":"torabdichtungen-ganz-schoen-aufgeblasen","status":"publish","type":"post","link":"https:\/\/mag.ebmpapst.com\/de\/branchen\/maschinen\/torabdichtungen-ganz-schoen-aufgeblasen_26046\/","title":{"rendered":"Torab\u00addich\u00adtungen: Ganz sch\u00f6n aufge\u00adblasen"},"content":{"rendered":"<p>Aufblas\u00adbare Torab\u00addich\u00adtungen sind f\u00fcr Logis\u00adtik\u00adun\u00adter\u00adnehmen wichtig. Sie schlie\u00dfen die L\u00fccke zwischen ange\u00addocktem Lkw und Lager\u00adhalle und sch\u00fctzen so den Geb\u00e4u\u00adde\u00adinnen\u00adraum vor \u00e4u\u00dferen Umwelt\u00adein\u00adfl\u00fcssen. Zugluft, Regen und Wind, aber auch Insekten und Staub bleiben drau\u00dfen. Die gew\u00fcnschte Innen\u00adtem\u00adpe\u00adratur bleibt stabil: Weder W\u00e4rme noch K\u00e4lte entwei\u00adchen. Gerade in sensi\u00adblen Berei\u00adchen, wie der Lebens\u00admit\u00adtel\u00adin\u00addus\u00adtrie, ist die Abschot\u00adtung der Lager\u00adhallen elementar.<\/p>\n<p>Die aufblas\u00adbare Torab\u00addich\u00adtung wird mit einem Knopf\u00addruck akti\u00adviert. Ein Venti\u00adlator f\u00fcllt die oben und an den Seiten ange\u00adbrachten Kissen inner\u00adhalb von 20 Sekunden mit Luft. Der Luft\u00addruck muss w\u00e4hrend des Be- oder Entla\u00addens konstant bleiben, damit die Kissen den Raum zwischen Tor und Lkw zuver\u00adl\u00e4ssig abdichten.<\/p>\n<div id=\"attachment_26050\" class=\"wp-caption xxtra alignleft\"><img loading=\"lazy\" decoding=\"async\" class=\"xxtra wp-image-26050 size-large\" src=\"https:\/\/ebmpapst-7237.kxcdn.com\/de\/files\/2022\/09\/Torabdichtung-van-Wijk-2-960x609.jpg\" alt width=\"960\" height=\"609\" srcset=\"https:\/\/ebmpapst-7237.kxcdn.com\/de\/files\/2022\/09\/Torabdichtung-van-Wijk-2-960x609.jpg 960w, https:\/\/ebmpapst-7237.kxcdn.com\/de\/files\/2022\/09\/Torabdichtung-van-Wijk-2-660x419.jpg 660w, https:\/\/ebmpapst-7237.kxcdn.com\/de\/files\/2022\/09\/Torabdichtung-van-Wijk-2-260x165.jpg 260w, https:\/\/ebmpapst-7237.kxcdn.com\/de\/files\/2022\/09\/Torabdichtung-van-Wijk-2-768x488.jpg 768w, https:\/\/ebmpapst-7237.kxcdn.com\/de\/files\/2022\/09\/Torabdichtung-van-Wijk-2-450x286.jpg 450w, https:\/\/ebmpapst-7237.kxcdn.com\/de\/files\/2022\/09\/Torabdichtung-van-Wijk-2-300x190.jpg 300w, https:\/\/ebmpapst-7237.kxcdn.com\/de\/files\/2022\/09\/Torabdichtung-van-Wijk-2.jpg 1024w\" sizes=\"auto, (max-width: 960px) 100vw, 960px\"><div class=\"wp-caption-border\"><p class=\"wp-caption-text\">Bei Super\u00admarkt\u00adketten, Online-Versand\u00adriesen und Vertriebs\u00adzen\u00adtren sch\u00fctzen Torab\u00addich\u00adtungen effektiv \u2013 und dank RadiCal jetzt auch effi\u00adzient \u2013 vor Witte\u00adrungs\u00adein\u00adfl\u00fcssen und Tempe\u00adra\u00adtur\u00adschwan\u00adkungen. (Foto | Van Wijk)<\/p><\/div><\/div>\n<p>Das verbrauchte bislang viel Energie, vor allem, wenn der Lade\u00advor\u00adgang l\u00e4nger dauerte. Erik Stoffer, Sourcing Manager bei der nieder\u00adl\u00e4n\u00addi\u00adschen Firma Van Wijk, kennt das Problem. \u201eDer Venti\u00adlator arbei\u00adtete w\u00e4hrend des gesamten Lade\u00advor\u00adgangs mit voller Leis\u00adtung. Auch wenn die Kissen voll\u00adst\u00e4ndig aufge\u00adf\u00fcllt waren. Das war wirk\u00adlich unn\u00f6tig.\u201c<\/p>\n<div id=\"attachment_26193\" class=\"wp-caption alignright\" style=\"width: 450px\"><img loading=\"lazy\" decoding=\"async\" class=\"wp-image-26193 size-article-450\" src=\"https:\/\/ebmpapst-7237.kxcdn.com\/de\/files\/2022\/09\/ebm-papst-RadiCal_Sensoren-450x450.jpg\" alt width=\"450\" height=\"450\" srcset=\"https:\/\/ebmpapst-7237.kxcdn.com\/de\/files\/2022\/09\/ebm-papst-RadiCal_Sensoren-450x450.jpg 450w, https:\/\/ebmpapst-7237.kxcdn.com\/de\/files\/2022\/09\/ebm-papst-RadiCal_Sensoren-660x660.jpg 660w, https:\/\/ebmpapst-7237.kxcdn.com\/de\/files\/2022\/09\/ebm-papst-RadiCal_Sensoren-260x260.jpg 260w, https:\/\/ebmpapst-7237.kxcdn.com\/de\/files\/2022\/09\/ebm-papst-RadiCal_Sensoren-768x768.jpg 768w, https:\/\/ebmpapst-7237.kxcdn.com\/de\/files\/2022\/09\/ebm-papst-RadiCal_Sensoren-300x300.jpg 300w, https:\/\/ebmpapst-7237.kxcdn.com\/de\/files\/2022\/09\/ebm-papst-RadiCal_Sensoren.jpg 800w\" sizes=\"auto, (max-width: 450px) 100vw, 450px\"><div class=\"wp-caption-border\"><p class=\"wp-caption-text\">Der RadiCal im Spiral\u00adge\u00adh\u00e4use passte perfekt ins Konzept der aufblas\u00adbaren Torab\u00addich\u00adtungen. (Foto | ebm-papst)<\/p><\/div><\/div>\n<p>Van Wijk ist einer der f\u00fchrenden Hersteller von \u00dcber\u00adla\u00adde\u00adbr\u00fc\u00adcken und Torab\u00addich\u00adtungen in Europa. Die Firma produ\u00adziert und vertreibt sie unter dem Marken\u00adnamen \u201eLoading Systems\u201c. Ihre Kunden sind auf der ganzen Welt verteilt: Super\u00admarkt\u00adketten, M\u00f6bel\u00adher\u00adsteller, Online-Versan\u00add\u00adriesen und andere gro\u00dfe Vertriebs\u00adzen\u00adtren. Um dem eigenen Quali\u00adt\u00e4ts\u00adan\u00adspruch gerecht zu werden, suchte Van Wijk nach einem Partner, um eine ener\u00adgie\u00adef\u00adfi\u00adzi\u00aden\u00adtere L\u00f6sung f\u00fcr die aufblas\u00adbaren Torab\u00addich\u00adtungen zu finden.<\/p>\n<h2 style=\"clear: none;\">Ein Venti\u00adlator auf Ener\u00adgie\u00adspar-Mission<\/h2>\n<p>So kam es zur Part\u00adner\u00adschaft mit ebm-papst. Die hatten genau den rich\u00adtigen Venti\u00adlator f\u00fcr die aufblas\u00adbaren Torab\u00addich\u00adtungen: den EC-Radi\u00adal\u00adven\u00adti\u00adlator RadiCal im Spiral\u00adge\u00adh\u00e4use. Eigent\u00adlich wurde der f\u00fcr die Wohn\u00adraum\u00adl\u00fcf\u00adtung konzi\u00adpiert. Doch ebm-papst erkannte sein Poten\u00adzial, auch in anderen Berei\u00adchen zu gl\u00e4nzen, erkl\u00e4rt Archi\u00adbald Bakker, Vertriebs\u00adin\u00adge\u00adnieur bei ebm-papst Benelux: \u201eDa Van Wijk eine ener\u00adgie\u00adef\u00adfi\u00adzi\u00adente L\u00f6sung f\u00fcr die aufblas\u00adbaren Torab\u00addich\u00adtungen suchte, passte der RadiCal im Spiral\u00adge\u00adh\u00e4use perfekt ins Konzept.\u201c<\/p>\n<blockquote><p><span class=\"with-quotes\">Der Venti\u00adlator f\u00e4hrt die Leis\u00adtung herunter, sobald die Kissen bef\u00fcllt sind. Der Druck bleibt konstant.<\/span><\/p>\n<p><cite>Erik Stoffer, Sourcing Manager bei Van Wijk<\/cite><\/p><\/blockquote>\n<p>In seinem Spiral\u00adge\u00adh\u00e4use ist ein Fl\u00fcgel\u00adrad\u00adane\u00admo\u00admeter posi\u00adtio\u00adniert. Dieser Sensor misst den tats\u00e4ch\u00adli\u00adchen Volu\u00admen\u00adstrom und \u00fcber\u00admit\u00adtelt die Daten an die inte\u00adgrierte Steu\u00ader\u00adelek\u00adtronik des Venti\u00adla\u00adtors. Die Steu\u00ader\u00adelek\u00adtronik passt die Dreh\u00adzahl des EC-Motors an den gew\u00fcnschten Soll\u00adwert an und regelt so die Luft\u00admenge. Erik Stoffer ist von der neuen L\u00f6sung begeis\u00adtert: \u201eDer Venti\u00adlator f\u00e4hrt die Leis\u00adtung herunter, sobald die Kissen voll\u00adst\u00e4ndig mit Luft bef\u00fcllt sind. Der Druck in den Kissen bleibt w\u00e4hrend des Lade\u00advor\u00adgangs konstant, trotz nied\u00adriger Leis\u00adtung.\u201c Das Ergebnis: Der Ener\u00adgie\u00adver\u00adbrauch der Anwen\u00addung sinkt um 35 Prozent. Das schont nicht nur die Betriebs\u00adkasse, sondern auch die Umwelt.<\/p>\n<div id=\"attachment_26096\" class=\"wp-caption aligncenter\" style=\"width: 660px\"><img loading=\"lazy\" decoding=\"async\" class=\"wp-image-26096 size-medium\" src=\"https:\/\/ebmpapst-7237.kxcdn.com\/de\/files\/2022\/09\/van-wijk-tor-illustration-660x193.jpg\" alt width=\"660\" height=\"193\" srcset=\"https:\/\/ebmpapst-7237.kxcdn.com\/de\/files\/2022\/09\/van-wijk-tor-illustration-660x193.jpg 660w, https:\/\/ebmpapst-7237.kxcdn.com\/de\/files\/2022\/09\/van-wijk-tor-illustration-960x281.jpg 960w, https:\/\/ebmpapst-7237.kxcdn.com\/de\/files\/2022\/09\/van-wijk-tor-illustration-260x76.jpg 260w, https:\/\/ebmpapst-7237.kxcdn.com\/de\/files\/2022\/09\/van-wijk-tor-illustration-768x225.jpg 768w, https:\/\/ebmpapst-7237.kxcdn.com\/de\/files\/2022\/09\/van-wijk-tor-illustration-450x132.jpg 450w, https:\/\/ebmpapst-7237.kxcdn.com\/de\/files\/2022\/09\/van-wijk-tor-illustration-300x88.jpg 300w, https:\/\/ebmpapst-7237.kxcdn.com\/de\/files\/2022\/09\/van-wijk-tor-illustration.jpg 1024w\" sizes=\"auto, (max-width: 660px) 100vw, 660px\"><div class=\"wp-caption-border\"><p class=\"wp-caption-text\">Der RadiCal im Spiral\u00adge\u00adh\u00e4use passte perfekt ins Konzept f\u00fcr eine ener\u00adgie\u00adef\u00adfi\u00adzi\u00adente L\u00f6sung. (Illus\u00adtra\u00adtion | Timo M\u00fcller)<\/p><\/div><\/div>\n<h2>Auf zu besseren Torab\u00addich\u00adtungen<\/h2>\n<p>Doch damit nicht genug. Die aufblas\u00adbaren Torab\u00addich\u00adtungen sollen zuk\u00fcnftig noch umwelt\u00adfreund\u00adli\u00adcher werden. Opti\u00admie\u00adrungs\u00adbe\u00addarf sieht Van Wijk bei den Kissen. Die sind aus verschlei\u00df\u00adfestem und wider\u00adstands\u00adf\u00e4\u00adhigem PVC gefer\u00adtigt, und sollen d\u00fcnner werden. Die Vorteile liegen auf der Hand: \u201eD\u00fcnneres Mate\u00adrial bedeutet gerin\u00adgeren Mate\u00adri\u00adal\u00adver\u00adbrauch. Das spart nicht nur Produk\u00adti\u00adons\u00adkosten, sondern ist auch umwelt\u00adfreund\u00adli\u00adcher\u201c, so Stoffer. \u201eWir sind dann nicht nur beim Ener\u00adgie\u00adver\u00adbrauch Spit\u00adzen\u00adreiter, sondern auch beim Mate\u00adri\u00adal\u00adver\u00adbrauch.\u201c<\/p>\n","protected":false},"excerpt":{"rendered":"<p>Aufblas\u00adbare Torab\u00addich\u00adtungen sind f\u00fcr Logis\u00adtik\u00adun\u00adter\u00adnehmen wichtig. Sie schlie\u00dfen die L\u00fccke zwischen ange\u00addocktem Lkw und Lager\u00adhalle und sch\u00fctzen so den Geb\u00e4u\u00adde\u00adinnen\u00adraum vor \u00e4u\u00dferen Umwelt\u00adein\u00adfl\u00fcssen. Zugluft, Regen und Wind, aber auch Insekten und Staub bleiben drau\u00dfen. Die gew\u00fcnschte Innen\u00adtem\u00adpe\u00adratur bleibt stabil: Weder W\u00e4rme noch K\u00e4lte entwei\u00adchen. Gerade in sensi\u00adblen Berei\u00adchen, wie der Lebens\u00admit\u00adtel\u00adin\u00addus\u00adtrie, ist die Abschot\u00adtung der [\u2026]<\/p>\n","protected":false},"author":12,"featured_media":0,"comment_status":"open","ping_status":"closed","sticky":false,"template":"","format":"standard","meta":{"_acf_changed":false,"wp_typography_post_enhancements_disabled":false,"footnotes":""},"categories":[9,15],"tags":[],"class_list":["post-26046","post","type-post","status-publish","format-standard","hentry","category-maschinen","category-ventilatoren"],"acf":[],"_links":{"self":[{"href":"https:\/\/mag.ebmpapst.com\/de\/wp-json\/wp\/v2\/posts\/26046","targetHints":{"allow":["GET"]}}],"collection":[{"href":"https:\/\/mag.ebmpapst.com\/de\/wp-json\/wp\/v2\/posts"}],"about":[{"href":"https:\/\/mag.ebmpapst.com\/de\/wp-json\/wp\/v2\/types\/post"}],"author":[{"embeddable":true,"href":"https:\/\/mag.ebmpapst.com\/de\/wp-json\/wp\/v2\/users\/12"}],"replies":[{"embeddable":true,"href":"https:\/\/mag.ebmpapst.com\/de\/wp-json\/wp\/v2\/comments?post=26046"}],"version-history":[{"count":18,"href":"https:\/\/mag.ebmpapst.com\/de\/wp-json\/wp\/v2\/posts\/26046\/revisions"}],"predecessor-version":[{"id":38721,"href":"https:\/\/mag.ebmpapst.com\/de\/wp-json\/wp\/v2\/posts\/26046\/revisions\/38721"}],"wp:attachment":[{"href":"https:\/\/mag.ebmpapst.com\/de\/wp-json\/wp\/v2\/media?parent=26046"}],"wp:term":[{"taxonomy":"category","embeddable":true,"href":"https:\/\/mag.ebmpapst.com\/de\/wp-json\/wp\/v2\/categories?post=26046"},{"taxonomy":"post_tag","embeddable":true,"href":"https:\/\/mag.ebmpapst.com\/de\/wp-json\/wp\/v2\/tags?post=26046"}],"curies":[{"name":"wp","href":"https:\/\/api.w.org\/{rel}","templated":true}]}}