{"id":25761,"date":"2022-08-09T11:00:27","date_gmt":"2022-08-09T09:00:27","guid":{"rendered":"https:\/\/mag.ebmpapst.com\/de\/?p=25761"},"modified":"2025-08-19T14:59:14","modified_gmt":"2025-08-19T12:59:14","slug":"kompaktluefter-fuer-die-technologien-der-zukunft","status":"publish","type":"post","link":"https:\/\/mag.ebmpapst.com\/de\/branchen\/elektronik\/kompaktluefter-fuer-die-technologien-der-zukunft_25761\/","title":{"rendered":"Kompakt\u00adl\u00fcfter f\u00fcr die Tech\u00adno\u00adlo\u00adgien der Zukunft"},"content":{"rendered":"\n<p>Die Elek\u00adtronik\u00adk\u00fch\u00adlung basiert heute zum gro\u00dfen Teil auf Axial\u00adl\u00fcf\u00adtern, vor allem weil diese bauform\u00adbe\u00addingt hohe Volu\u00admen\u00adstr\u00f6me liefern und sich konstruktiv leicht inte\u00adgrieren lassen. \u201eNormale\u201c Axial\u00adl\u00fcfter sto\u00dfen jedoch an Grenzen, wenn immer leis\u00adtungs\u00adf\u00e4\u00adhi\u00adgere Elek\u00adtronik auf glei\u00adchem Raum unter\u00adge\u00adbracht oder gar noch kompakter aufge\u00adbaut werden soll, weil die str\u00f6\u00admungs\u00adtech\u00adni\u00adschen Wider\u00adst\u00e4nde mit zuneh\u00admender Ger\u00e4\u00adte\u00adkom\u00adpakt\u00adheit steigen. Um die K\u00fchl\u00adleis\u00adtung zu erh\u00f6hen, k\u00f6nnte man dann einfach zwei gleich- oder gegen\u00adl\u00e4ufig drehende Axial\u00adl\u00fcfter in Reihe schalten. Dadurch ergibt sich dann zwar prin\u00adzi\u00adpiell die gefor\u00adderte Luft\u00adleis\u00adtung. Die L\u00f6sung ben\u00f6\u00adtigt aber gr\u00f6\u00dferen Bauraum und bringt schwin\u00adgungs\u00adme\u00adcha\u00adni\u00adsche Nach\u00adteile mit sich. Au\u00dferdem k\u00f6nnen sich die L\u00fcfter str\u00f6\u00admungs\u00adtech\u00adnisch ung\u00fcnstig beein\u00adflussen, was beispiels\u00adweise in einem erh\u00f6hten Ger\u00e4usch resul\u00adtiert.<\/p>\n\n\n\n<div class=\"wp-block-group alignfull mgznkr-cta-retrofit-banner\"><div class=\"wp-block-group__inner-container is-layout-constrained wp-block-group-is-layout-constrained\">\n<style>\n.mgznkr-cta-retrofit-banner .alignwide.banner-width {\n  max-width: 100%;\n  width: 1240px;\n  margin: 0 auto;\n--mark-bgcolor: #00a633;\n--mark-color: white;\n}\n@media (max-width: 781px) {\n.mgznkr-cta-retrofit-banner .wp-block-cover .wp-block-cover__image-background {\nobject-position: 17% 50%!important;\n}\n\n.mgznkr-column-spacer p {display: none; }\n}\n@media (min-width: 782px) {\n.mgznkr-column-spacer p a {\n  min-height: 290px;\n  min-width: 100%;\n  display: block;\n  border-radius: 50px;\nfont-size: 0;\n}\n}\n\n.mgznkr-cta-retrofit-banner .wp-block-columns .wp-block-column:first-of-type{\n    position:relative;\n}\n.mgznkr-cta-retrofit-banner .wp-block-columns .wp-block-column:first-of-type::before {\n    content: \"\";\n    position: absolute;\n    width: 170%;\n    height: 100%;\n    background: #a2b91e;\n    z-index: 0;\n    top: 0;\n    left: 0;\n}\n.mgznkr-cta-retrofit-banner .wp-block-column{\n    z-index: 10;\n    &:first-of-type{\n        padding-left: 4rem;\n    }\n}\n.mgznkr-cta-retrofit-banner .wp-block-column *{\nposition: relative;\nz-index: 10;\n}\n.mgznkr-cta-retrofit-banner .wp-block-column figure.wp-block-image{\n    margin-bottom: 0;\n}\n@media (width < 782px){\n.mgznkr-cta-retrofit-banner .mgznkr-mobile-hidden{\ndisplay: none;\n}\n.mgznkr-cta-retrofit-banner .wp-block-columns .wp-block-column:first-of-type{\n  padding-right: 4rem;\n}\n.mgznkr-cta-retrofit-banner .wp-block-columns .wp-block-column:first-of-type::before {\n  width: 100%;\n}\n}\n\n<\/style>\n\n\n\n<div style=\"height:32px\" aria-hidden=\"true\" class=\"wp-block-spacer\"><\/div>\n\n\n\n<div class=\"wp-block-cover\" style=\"min-height:350px;aspect-ratio:unset;\"><img loading=\"lazy\" decoding=\"async\" width=\"960\" height=\"400\" class=\"wp-block-cover__image-background wp-image-38370 size-large\" alt src=\"https:\/\/ebmpapst-7237.kxcdn.com\/de\/files\/2025\/08\/L2A-Awareness-Campaign-960x400.webp\" data-object-fit=\"cover\" srcset=\"https:\/\/ebmpapst-7237.kxcdn.com\/de\/files\/2025\/08\/L2A-Awareness-Campaign-960x400.webp 960w, https:\/\/ebmpapst-7237.kxcdn.com\/de\/files\/2025\/08\/L2A-Awareness-Campaign-660x275.webp 660w, https:\/\/ebmpapst-7237.kxcdn.com\/de\/files\/2025\/08\/L2A-Awareness-Campaign-260x108.webp 260w, https:\/\/ebmpapst-7237.kxcdn.com\/de\/files\/2025\/08\/L2A-Awareness-Campaign-768x320.webp 768w, https:\/\/ebmpapst-7237.kxcdn.com\/de\/files\/2025\/08\/L2A-Awareness-Campaign-1536x640.webp 1536w, https:\/\/ebmpapst-7237.kxcdn.com\/de\/files\/2025\/08\/L2A-Awareness-Campaign-450x188.webp 450w, https:\/\/ebmpapst-7237.kxcdn.com\/de\/files\/2025\/08\/L2A-Awareness-Campaign-300x125.webp 300w, https:\/\/ebmpapst-7237.kxcdn.com\/de\/files\/2025\/08\/L2A-Awareness-Campaign.webp 1920w\" sizes=\"auto, (max-width: 960px) 100vw, 960px\"><span aria-hidden=\"true\" class=\"wp-block-cover__background has-background-dim-0 has-background-dim\" style=\"background-color:#e0e6e6\"><\/span><div class=\"wp-block-cover__inner-container is-layout-constrained wp-block-cover-is-layout-constrained\">\n<div class=\"wp-block-columns alignwide banner-width is-layout-flex wp-container-core-columns-is-layout-9d6595d7 wp-block-columns-is-layout-flex\">\n<div class=\"wp-block-column is-vertically-aligned-center is-layout-flow wp-block-column-is-layout-flow\" style=\"flex-basis:50%\">\n<h2 class=\"wp-block-heading mgznkr-click has-white-color has-text-color has-link-color wp-elements-362af95064a04990656ab0ffee238911\" id=\"retrofit-banner-head\" style=\"font-size:1.6em;text-transform:uppercase\"><a href=\"https:\/\/www.ebmpapst.com\/de\/de\/campaigns\/industry-campaigns\/data-center.html#cooling-solutions\" target=\"_blank\" rel=\"noreferrer noopener\">High Perfor\u00admance, Low Carbon:<\/a><\/h2>\n\n\n\n<div style=\"height:10px\" aria-hidden=\"true\" class=\"wp-block-spacer\"><\/div>\n\n\n\n<p>ebm-papst inter\u00adpre\u00adtiert die K\u00fchlung von Rechen-zentren neu. Unsere effi\u00adzi\u00adenten K\u00fchl\u00adl\u00f6\u00adsungen verbinden Ener\u00adgie\u00adef\u00adfi\u00adzienz mit hoher Leis\u00adtungs\u00addichte.<\/p>\n\n\n\n<div class=\"wp-block-buttons is-layout-flex wp-block-buttons-is-layout-flex\">\n<div class=\"wp-block-button is-style-fill mgznkr-click\" id=\"retrofit-banner-button\"><a class=\"wp-block-button__link has-background has-custom-font-size wp-element-button\" href=\"https:\/\/www.ebmpapst.com\/de\/de\/campaigns\/industry-campaigns\/data-center.html#cooling-solutions\" style=\"background-color:#0072bb;font-size:18px\" target=\"_blank\" rel=\"noreferrer noopener\">Jetzt zuver\u00adl\u00e4s\u00adsige K\u00fchlung sicher\u00adstellen <i class=\"mgznkr-icon fa fa-chevron-right fas\"><\/i><\/a><\/div>\n<\/div>\n<\/div>\n\n\n\n<div class=\"wp-block-column is-vertically-aligned-bottom mgznkr-column-spacer mgznkr-mobile-hidden is-layout-flow wp-block-column-is-layout-flow\" style=\"flex-basis:50%\">\n<figure class=\"wp-block-image size-full\"><img loading=\"lazy\" decoding=\"async\" width=\"2560\" height=\"1727\" src=\"https:\/\/ebmpapst-7237.kxcdn.com\/de\/files\/2025\/08\/L2A-Awareness-Campaign-00-scaled.webp\" alt class=\"wp-image-38386\" style=\"object-fit:cover\" srcset=\"https:\/\/ebmpapst-7237.kxcdn.com\/de\/files\/2025\/08\/L2A-Awareness-Campaign-00-scaled.webp 2560w, https:\/\/ebmpapst-7237.kxcdn.com\/de\/files\/2025\/08\/L2A-Awareness-Campaign-00-660x445.webp 660w, https:\/\/ebmpapst-7237.kxcdn.com\/de\/files\/2025\/08\/L2A-Awareness-Campaign-00-960x647.webp 960w, https:\/\/ebmpapst-7237.kxcdn.com\/de\/files\/2025\/08\/L2A-Awareness-Campaign-00-260x175.webp 260w, https:\/\/ebmpapst-7237.kxcdn.com\/de\/files\/2025\/08\/L2A-Awareness-Campaign-00-768x518.webp 768w, https:\/\/ebmpapst-7237.kxcdn.com\/de\/files\/2025\/08\/L2A-Awareness-Campaign-00-1536x1036.webp 1536w, https:\/\/ebmpapst-7237.kxcdn.com\/de\/files\/2025\/08\/L2A-Awareness-Campaign-00-2048x1381.webp 2048w, https:\/\/ebmpapst-7237.kxcdn.com\/de\/files\/2025\/08\/L2A-Awareness-Campaign-00-450x303.webp 450w, https:\/\/ebmpapst-7237.kxcdn.com\/de\/files\/2025\/08\/L2A-Awareness-Campaign-00-300x202.webp 300w\" sizes=\"auto, (max-width: 2560px) 100vw, 2560px\"><\/figure>\n<\/div>\n<\/div>\n<\/div><\/div>\n\n\n\n<div style=\"height:36px\" aria-hidden=\"true\" class=\"wp-block-spacer\"><\/div>\n<\/div><\/div>\n\n\n\n<h2 class=\"wp-block-heading\">Opti\u00admiertes Venti\u00adla\u00adtoren-Paar k\u00fchlt Hoch\u00adleis\u00adtungs\u00adelek\u00adtronik<\/h2>\n\n\n\n<p>F\u00fcr einen Power\u00adl\u00fcfter, der mehr Leis\u00adtung bringt und trotzdem m\u00f6glichst kompakt gebaut ist, w\u00e4hlte ebm-papst deshalb einen neuen Ansatz: Mit dem AxiTwin 100 entwi\u00adckelten die Motoren- und Venti\u00adla\u00adto\u00adren\u00adspe\u00adzia\u00adlisten in enger Abstim\u00admung mit einem Unter\u00adnehmen aus der Tele\u00adkom\u00admu\u00adni\u00adka\u00adti\u00adons\u00adbranche einen kompakten L\u00fcfter, der als Gegen\u00adl\u00e4ufer aufge\u00adbaut ist. Bei einem Kantenma\u00df von 10 cm und einer Tiefe von 9 cm passen vier solcher L\u00fcfter in ein 19\u201c-Rack, wie es typi\u00adscher\u00adweise f\u00fcr die K\u00fchlung in Blade-Servern einge\u00adsetzt wird.<\/p>\n\n\n<div class=\"wp-block-image wp-image-25764 size-medium\">\n<figure class=\"aligncenter size-full\"><img loading=\"lazy\" decoding=\"async\" width=\"1920\" height=\"1080\" src=\"https:\/\/ebmpapst-7237.kxcdn.com\/de\/files\/2022\/08\/Bild_2_AxiTwin_Kennlinie.jpg\" alt class=\"wp-image-25764\" srcset=\"https:\/\/ebmpapst-7237.kxcdn.com\/de\/files\/2022\/08\/Bild_2_AxiTwin_Kennlinie.jpg 1920w, https:\/\/ebmpapst-7237.kxcdn.com\/de\/files\/2022\/08\/Bild_2_AxiTwin_Kennlinie-660x371.jpg 660w, https:\/\/ebmpapst-7237.kxcdn.com\/de\/files\/2022\/08\/Bild_2_AxiTwin_Kennlinie-960x540.jpg 960w, https:\/\/ebmpapst-7237.kxcdn.com\/de\/files\/2022\/08\/Bild_2_AxiTwin_Kennlinie-260x146.jpg 260w, https:\/\/ebmpapst-7237.kxcdn.com\/de\/files\/2022\/08\/Bild_2_AxiTwin_Kennlinie-768x432.jpg 768w, https:\/\/ebmpapst-7237.kxcdn.com\/de\/files\/2022\/08\/Bild_2_AxiTwin_Kennlinie-1536x864.jpg 1536w, https:\/\/ebmpapst-7237.kxcdn.com\/de\/files\/2022\/08\/Bild_2_AxiTwin_Kennlinie-450x253.jpg 450w, https:\/\/ebmpapst-7237.kxcdn.com\/de\/files\/2022\/08\/Bild_2_AxiTwin_Kennlinie-300x169.jpg 300w\" sizes=\"auto, (max-width: 1920px) 100vw, 1920px\"><figcaption class=\"wp-element-caption\">Bis zu 536 m\u00b3\/h Luft\u00adleis\u00adtung bei bis zu 1.300 Pa Druck. (Grafik | ebm-papst)<\/figcaption><\/figure>\n<\/div>\n\n\n<p>Das garan\u00adtiert eine zuver\u00adl\u00e4s\u00adsige W\u00e4rme\u00adab\u00adfuhr selbst bei dicht gepackter Elek\u00adtronik, denn jeder L\u00fcfter liefert bis zu 536 m<sup>3<\/sup> Luft pro Stunde und einen maxi\u00admalen stati\u00adschen Druck\u00adaufbau bis 1.300 Pa. Der neue L\u00fcfter f\u00fcr die Elek\u00adtronik\u00adk\u00fch\u00adlung kombi\u00adniert daf\u00fcr nicht einfach zwei Einzel\u00adven\u00adti\u00adla\u00adtoren mitein\u00adander, sondern verwendet eine in simul\u00adtaner nume\u00adri\u00adscher Opti\u00admie\u00adrung, unter Ber\u00fcck\u00adsich\u00adti\u00adgung des str\u00f6\u00admungs\u00adtech\u00adni\u00adschen Arbeits\u00adpunktes, neu entwi\u00adckelte Str\u00f6\u00admungs\u00adgeo\u00adme\u00adtrie der beiden aufein\u00adan\u00adder\u00adfol\u00adgenden Schau\u00adfel\u00adreihen.<\/p>\n\n\n<div class=\"wp-block-image size-medium wp-image-25765\">\n<figure class=\"aligncenter size-full\"><img loading=\"lazy\" decoding=\"async\" width=\"1920\" height=\"1080\" src=\"https:\/\/ebmpapst-7237.kxcdn.com\/de\/files\/2022\/08\/Bild_3_AxiTwin_zweiteStufe.jpg\" alt class=\"wp-image-25765\" srcset=\"https:\/\/ebmpapst-7237.kxcdn.com\/de\/files\/2022\/08\/Bild_3_AxiTwin_zweiteStufe.jpg 1920w, https:\/\/ebmpapst-7237.kxcdn.com\/de\/files\/2022\/08\/Bild_3_AxiTwin_zweiteStufe-660x371.jpg 660w, https:\/\/ebmpapst-7237.kxcdn.com\/de\/files\/2022\/08\/Bild_3_AxiTwin_zweiteStufe-960x540.jpg 960w, https:\/\/ebmpapst-7237.kxcdn.com\/de\/files\/2022\/08\/Bild_3_AxiTwin_zweiteStufe-260x146.jpg 260w, https:\/\/ebmpapst-7237.kxcdn.com\/de\/files\/2022\/08\/Bild_3_AxiTwin_zweiteStufe-768x432.jpg 768w, https:\/\/ebmpapst-7237.kxcdn.com\/de\/files\/2022\/08\/Bild_3_AxiTwin_zweiteStufe-1536x864.jpg 1536w, https:\/\/ebmpapst-7237.kxcdn.com\/de\/files\/2022\/08\/Bild_3_AxiTwin_zweiteStufe-450x253.jpg 450w, https:\/\/ebmpapst-7237.kxcdn.com\/de\/files\/2022\/08\/Bild_3_AxiTwin_zweiteStufe-300x169.jpg 300w\" sizes=\"auto, (max-width: 1920px) 100vw, 1920px\"><figcaption class=\"wp-element-caption\">L\u00fcfterrad der zweiten Stufe: Verwir\u00adbe\u00adlungen und Drall werden redu\u00adziert. Die extreme Sichel\u00adform der Fl\u00fcgel tr\u00e4gt au\u00dferdem zur Ger\u00e4usch\u00adop\u00adti\u00admie\u00adrung bei; durch die vergleichs\u00adweise geringe Ober\u00adfl\u00e4che der Fl\u00fcgel steigt die Effi\u00adzienz. (Grafik | ebm-papst)<\/figcaption><\/figure>\n<\/div>\n\n\n<p>Der Venti\u00adlator besteht dann aus zwei Rotoren, die \u00fcber einen inno\u00adva\u00adtiven Flansch verbunden sind. Der erste Rotor mit seinen f\u00fcnf Fl\u00fcgeln ist ma\u00dfgeb\u00adlich f\u00fcr den Volu\u00admen\u00adstrom verant\u00adwort\u00adlich, der zweite, drei\u00adfl\u00fc\u00adge\u00adlige Rotor haupt\u00ads\u00e4ch\u00adlich f\u00fcr den Druck\u00adaufbau. Etwa zwei Drittel des Drucks werden in der zweiten Stufe erzeugt. Zudem redu\u00adziert die zweite Stufe durch ihre ausge\u00adfeilte Aero\u00addy\u00adnamik mit einer extremen Sichel\u00adform der Fl\u00fcgel die Verwir\u00adbe\u00adlungen und tr\u00e4gt zur Ger\u00e4usch\u00adop\u00adti\u00admie\u00adrung bei; durch die vergleichs\u00adweise geringe Ober\u00adfl\u00e4che der Fl\u00fcgel steigt die Effi\u00adzienz.<\/p>\n\n\n\n<h2 class=\"wp-block-heading\">Ger\u00e4usch\u00admi\u00adni\u00admie\u00adrung dank Flansch<\/h2>\n\n\n\n<p>Ein wesent\u00adli\u00adcher Vorteil des gegen\u00adl\u00e4u\u00adfigen Venti\u00adla\u00adtor\u00adprin\u00adzips ist die Reduk\u00adtion des Geschwin\u00addig\u00adkeits\u00adan\u00adteils des Luft\u00adstroms in Umfangs\u00adrich\u00adtung. Der Flansch zwischen beiden Stufen ist bei dieser Konstruk\u00adtion nicht einfach nur eine Trag\u00adstruktur oder ein Abstand\u00adhalter, sondern eine paten\u00adtierte Engi\u00adnee\u00adring-Leis\u00adtung. Er koppelt beide Stufen schwin\u00adgungs\u00adm\u00e4\u00dfig so, dass jede Stufe die jeweils andere hinsicht\u00adlich Vibra\u00adtionen beru\u00adhigt. Durch das doppel\u00adsei\u00adtige Lager\u00adrohr, das beide Stufen mitein\u00adander verbindet, und die inte\u00adgrierte Leit\u00adschaufel baut er zudem ausge\u00adspro\u00adchen kompakt.<\/p>\n\n\n<div class=\"wp-block-image wp-image-25766 size-medium\">\n<figure class=\"aligncenter size-full\"><img loading=\"lazy\" decoding=\"async\" width=\"1920\" height=\"1080\" src=\"https:\/\/ebmpapst-7237.kxcdn.com\/de\/files\/2022\/08\/Bild_4_AxiTwin_Flansch.jpg\" alt class=\"wp-image-25766\" srcset=\"https:\/\/ebmpapst-7237.kxcdn.com\/de\/files\/2022\/08\/Bild_4_AxiTwin_Flansch.jpg 1920w, https:\/\/ebmpapst-7237.kxcdn.com\/de\/files\/2022\/08\/Bild_4_AxiTwin_Flansch-660x371.jpg 660w, https:\/\/ebmpapst-7237.kxcdn.com\/de\/files\/2022\/08\/Bild_4_AxiTwin_Flansch-960x540.jpg 960w, https:\/\/ebmpapst-7237.kxcdn.com\/de\/files\/2022\/08\/Bild_4_AxiTwin_Flansch-260x146.jpg 260w, https:\/\/ebmpapst-7237.kxcdn.com\/de\/files\/2022\/08\/Bild_4_AxiTwin_Flansch-768x432.jpg 768w, https:\/\/ebmpapst-7237.kxcdn.com\/de\/files\/2022\/08\/Bild_4_AxiTwin_Flansch-1536x864.jpg 1536w, https:\/\/ebmpapst-7237.kxcdn.com\/de\/files\/2022\/08\/Bild_4_AxiTwin_Flansch-450x253.jpg 450w, https:\/\/ebmpapst-7237.kxcdn.com\/de\/files\/2022\/08\/Bild_4_AxiTwin_Flansch-300x169.jpg 300w\" sizes=\"auto, (max-width: 1920px) 100vw, 1920px\"><figcaption class=\"wp-element-caption\">Der Flansch ist mehr als ein Abstands\u00adhalter. Er verrin\u00adgert durch seine opti\u00admierte Geome\u00adtrie Wirbel\u00adbil\u00addung und Ger\u00e4usch\u00adent\u00adste\u00adhung an der zweiten Stufe. (Grafik | ebm-papst)<\/figcaption><\/figure>\n<\/div>\n\n\n<p>Auch die Geome\u00adtrie der Leit\u00adschau\u00adfeln des Flanschs wurde unter Verwen\u00addung des simu\u00adlierten Str\u00f6\u00admungs\u00adfelds zwischen den beiden Rotoren im vorge\u00adse\u00adhenen Ger\u00e4\u00adte\u00adar\u00adbeits\u00adpunkt ermit\u00adtelt, was die Wirbel\u00ader\u00adzeu\u00adgung an den Leit\u00adschau\u00adfeln und die Inter\u00adak\u00adtion dieser Wirbel mit der zweiten Schau\u00adfel\u00adreihe mini\u00admiert und so eben\u00adfalls zur Ger\u00e4usch\u00adop\u00adti\u00admie\u00adrung beitr\u00e4gt. Der Flansch ist aus Alumi\u00adnium gefer\u00adtigt, was eine hohe Stei\u00adfig\u00adkeit garan\u00adtiert und gleich\u00adzeitig f\u00fcr eine gute W\u00e4rme\u00adab\u00adlei\u00adtung sorgt.<\/p>\n\n\n\n<h2 class=\"wp-block-heading\">Leis\u00adtungs\u00adstarke EC-Antriebe mit neuer Elek\u00adtronik<\/h2>\n\n\n\n<p>Trei\u00adbende Kraft der L\u00fcfter\u00adr\u00e4der sind ener\u00adgie\u00adef\u00adfi\u00adzi\u00adente Green\u00adTech EC-Antriebe mit einer Motor\u00adleis\u00adtung von bis zu 180 W. Die drei\u00adstr\u00e4n\u00adgigen Motoren sind eben\u00adfalls sehr kompakt konstru\u00adiert, arbeiten sowohl im meist \u00fcbli\u00adchen Teil\u00adlast\u00adbe\u00adtrieb als auch bei Voll\u00adlast mit hohem Wirkungs\u00adgrad und sind durch die elek\u00adtro\u00adni\u00adsche Kommu\u00adtie\u00adrung f\u00fcr den Dauer\u00adbe\u00adtrieb ausge\u00adlegt. Auch die neu entwi\u00adckelte 300-W-Elek\u00adtronik hat einiges zu bieten. Sie ist nicht im Motor inte\u00adgriert, sondern wurde f\u00fcr eine umso bessere Entw\u00e4r\u00admung und damit verbunden eine noch h\u00f6here Lebens\u00addauer in den Geh\u00e4u\u00adse\u00adecken unter\u00adge\u00adbracht. So kann zus\u00e4tz\u00adlich die Ober\u00adfl\u00e4che des Flanschs zu ihrer K\u00fchlung beitragen.<\/p>\n\n\n\n<p>Die einzelnen Stufen ben\u00f6\u00adtigen am Motor nur eine kleine Anschluss\u00adpla\u00adtine f\u00fcr die Wick\u00adlung. Stan\u00addar\u00addi\u00adsierte Signal-Eing\u00e4nge wie PWM-Eingang oder Analog\u00adsteu\u00ader\u00adein\u00adgang, sowie Tacho-\/Alarm-Ausgangs\u00adsi\u00adgnale k\u00f6nnen je nach Anfor\u00adde\u00adrung indi\u00advi\u00adduell inte\u00adgriert werden. In der Stan\u00addard-Ausf\u00fch\u00adrung verf\u00fcgt der L\u00fcfter \u00fcber einen PWM-Eingang und einen Open-Coll\u00adector-Tacho-Ausgang. F\u00fcr anspruchs\u00advolle Umge\u00adbungen ist optional auch ein Feuch\u00adtig\u00adkeits\u00adschutz verf\u00fcgbar.<\/p>\n\n\n<div class=\"wp-block-image size-medium wp-image-25767\">\n<figure class=\"aligncenter size-full\"><img loading=\"lazy\" decoding=\"async\" width=\"1920\" height=\"1080\" src=\"https:\/\/ebmpapst-7237.kxcdn.com\/de\/files\/2022\/08\/Bild_5_AxiTwin_Explosion.jpg\" alt class=\"wp-image-25767\" srcset=\"https:\/\/ebmpapst-7237.kxcdn.com\/de\/files\/2022\/08\/Bild_5_AxiTwin_Explosion.jpg 1920w, https:\/\/ebmpapst-7237.kxcdn.com\/de\/files\/2022\/08\/Bild_5_AxiTwin_Explosion-660x371.jpg 660w, https:\/\/ebmpapst-7237.kxcdn.com\/de\/files\/2022\/08\/Bild_5_AxiTwin_Explosion-960x540.jpg 960w, https:\/\/ebmpapst-7237.kxcdn.com\/de\/files\/2022\/08\/Bild_5_AxiTwin_Explosion-260x146.jpg 260w, https:\/\/ebmpapst-7237.kxcdn.com\/de\/files\/2022\/08\/Bild_5_AxiTwin_Explosion-768x432.jpg 768w, https:\/\/ebmpapst-7237.kxcdn.com\/de\/files\/2022\/08\/Bild_5_AxiTwin_Explosion-1536x864.jpg 1536w, https:\/\/ebmpapst-7237.kxcdn.com\/de\/files\/2022\/08\/Bild_5_AxiTwin_Explosion-450x253.jpg 450w, https:\/\/ebmpapst-7237.kxcdn.com\/de\/files\/2022\/08\/Bild_5_AxiTwin_Explosion-300x169.jpg 300w\" sizes=\"auto, (max-width: 1920px) 100vw, 1920px\"><figcaption class=\"wp-element-caption\">Der Flansch koppelt beide Stufen schwin\u00adgungs\u00adm\u00e4\u00dfig so, dass jede Stufe die jeweils andere beru\u00adhigt. (Grafik | ebm-papst)<\/figcaption><\/figure>\n<\/div>\n\n\n<p>Durch den zwei\u00adstu\u00adfigen Aufbau des Gegen\u00adl\u00e4u\u00adfers ist zudem bei Anwen\u00addungen mit kriti\u00adscher 24\/7-Verf\u00fcg\u00adbar\u00adkeits\u00adan\u00adfor\u00adde\u00adrung, wie z. B. Rechner von Gro\u00df\u00adbanken, f\u00fcr die notwen\u00addige Redun\u00addanz gesorgt. Beim Ausfall eines einzelnen Rotors gibt es keine R\u00fcck\u00adstr\u00f6\u00admungen, da sich der andere Rotor weiterhin dreht. Jede Stufe l\u00e4sst sich getrennt, aber immer aufein\u00adander abge\u00adstimmt ansteuern. Das Dreh\u00adzahl\u00adver\u00adh\u00e4ltnis ist defi\u00adniert, kann aber im Einzel\u00adfall indi\u00advi\u00adduell ver\u00e4n\u00addert werden, um etwa Effi\u00adzienz oder Ger\u00e4usch\u00adver\u00adhalten in gewissen Berei\u00adchen der Leis\u00adtungs\u00adh\u00f6he zu opti\u00admieren.<\/p>\n\n\n\n<p>Mit dem AxiTwin 100 steht Anwen\u00addungen, bei denen es gilt viel Rechen\u00adleis\u00adtung bei wenig Platz zu k\u00fchlen, ein \u00e4u\u00dferst leis\u00adtungs\u00adf\u00e4\u00adhiger Kompakt\u00adl\u00fcfter mit geringen Einbau\u00adma\u00dfen zur Verf\u00fc\u00adgung. Sein Einsatz\u00adge\u00adbiet reicht quer durch alle Zukunfts\u00adtech\u00adno\u00adlo\u00adgien, ange\u00adfangen von der Rack-K\u00fchlung von Blade-Servern \u00fcber die unter\u00adschied\u00adlichsten Infor\u00adma\u00adti\u00adons\u00adtech\u00adno\u00adlo\u00adgien bis hin zu den Super-Compu\u00adtern im Bereich der Block\u00adchain-Tech\u00adno\u00adlogie. Auch anwen\u00addungs\u00adspe\u00adzi\u00adfi\u00adsche Anpas\u00adsungen sind m\u00f6glich, denn das Design l\u00e4sst sich auf andere Baugr\u00f6\u00dfen \u00fcber\u00adtragen.<\/p>\n","protected":false},"excerpt":{"rendered":"<p>Die Elek\u00adtronik\u00adk\u00fch\u00adlung basiert heute zum gro\u00dfen Teil auf Axial\u00adl\u00fcf\u00adtern, vor allem weil diese bauform\u00adbe\u00addingt hohe Volu\u00admen\u00adstr\u00f6me liefern und sich konstruktiv leicht inte\u00adgrieren lassen. \u201eNormale\u201c Axial\u00adl\u00fcfter sto\u00dfen jedoch an Grenzen, wenn immer leis\u00adtungs\u00adf\u00e4\u00adhi\u00adgere Elek\u00adtronik auf glei\u00adchem Raum unter\u00adge\u00adbracht oder gar noch kompakter aufge\u00adbaut werden soll, weil die str\u00f6\u00admungs\u00adtech\u00adni\u00adschen Wider\u00adst\u00e4nde mit zuneh\u00admender Ger\u00e4\u00adte\u00adkom\u00adpakt\u00adheit steigen. Um die K\u00fchl\u00adleis\u00adtung [\u2026]<\/p>\n","protected":false},"author":36,"featured_media":0,"comment_status":"open","ping_status":"closed","sticky":false,"template":"","format":"standard","meta":{"_acf_changed":false,"wp_typography_post_enhancements_disabled":false,"footnotes":""},"categories":[5,14,15],"tags":[],"class_list":["post-25761","post","type-post","status-publish","format-standard","hentry","category-elektronik","category-telekommunikation","category-ventilatoren"],"acf":[],"_links":{"self":[{"href":"https:\/\/mag.ebmpapst.com\/de\/wp-json\/wp\/v2\/posts\/25761","targetHints":{"allow":["GET"]}}],"collection":[{"href":"https:\/\/mag.ebmpapst.com\/de\/wp-json\/wp\/v2\/posts"}],"about":[{"href":"https:\/\/mag.ebmpapst.com\/de\/wp-json\/wp\/v2\/types\/post"}],"author":[{"embeddable":true,"href":"https:\/\/mag.ebmpapst.com\/de\/wp-json\/wp\/v2\/users\/36"}],"replies":[{"embeddable":true,"href":"https:\/\/mag.ebmpapst.com\/de\/wp-json\/wp\/v2\/comments?post=25761"}],"version-history":[{"count":23,"href":"https:\/\/mag.ebmpapst.com\/de\/wp-json\/wp\/v2\/posts\/25761\/revisions"}],"predecessor-version":[{"id":38443,"href":"https:\/\/mag.ebmpapst.com\/de\/wp-json\/wp\/v2\/posts\/25761\/revisions\/38443"}],"wp:attachment":[{"href":"https:\/\/mag.ebmpapst.com\/de\/wp-json\/wp\/v2\/media?parent=25761"}],"wp:term":[{"taxonomy":"category","embeddable":true,"href":"https:\/\/mag.ebmpapst.com\/de\/wp-json\/wp\/v2\/categories?post=25761"},{"taxonomy":"post_tag","embeddable":true,"href":"https:\/\/mag.ebmpapst.com\/de\/wp-json\/wp\/v2\/tags?post=25761"}],"curies":[{"name":"wp","href":"https:\/\/api.w.org\/{rel}","templated":true}]}}