{"id":25220,"date":"2022-02-28T06:30:24","date_gmt":"2022-02-28T05:30:24","guid":{"rendered":"https:\/\/mag.ebmpapst.com\/de\/?p=25220"},"modified":"2026-02-24T14:32:45","modified_gmt":"2026-02-24T13:32:45","slug":"die-luftmenge-ist-in-beide-drehrichtungen-identisch","status":"publish","type":"post","link":"https:\/\/mag.ebmpapst.com\/de\/branchen\/kaelte-klima\/die-luftmenge-ist-in-beide-drehrichtungen-identisch_25220\/","title":{"rendered":"\u201eDie Luft\u00admenge ist in beide Dreh\u00adrich\u00adtungen iden\u00adtisch\u201c"},"content":{"rendered":"<h3>Herr Sieger, wozu braucht es den AxiRev\u200a?<\/h3>\n<p>Mit stei\u00adgenden Anfor\u00adde\u00adrungen an Umwelt\u00adschutz und Ener\u00adgie\u00adef\u00adfi\u00adzienz werden immer mehr Geb\u00e4ude ged\u00e4mmt, R\u00e4ume dabei luft\u00addicht verschlossen. Um trotzdem ein gesundes, ange\u00adnehmes Raum\u00adklima zu erm\u00f6g\u00adli\u00adchen, braucht es eine andere Form des Luft\u00adaus\u00adtauschs. Daf\u00fcr kommen immer h\u00e4ufiger dezen\u00adtrale Wohn\u00adraum\u00adbe\u00adl\u00fcf\u00adtungs\u00adge\u00adr\u00e4te zum Einsatz. Denn sie lassen sich auch in Bestand\u00adge\u00adb\u00e4uden unkom\u00adpli\u00adziert in der Fassade instal\u00adlieren. F\u00fcr die einge\u00adsetzten Venti\u00adla\u00adtoren ergeben sich aller\u00addings mehrere Heraus\u00adfor\u00adde\u00adrungen. Die l\u00f6st der AxiRev auf opti\u00admale Weise.<\/p>\n<h3>Was sind das f\u00fcr Heraus\u00adfor\u00adde\u00adrungen\u200a?<\/h3>\n<div id=\"attachment_25225\" class=\"wp-caption alignright\" style=\"width: 260px\"><img loading=\"lazy\" decoding=\"async\" class=\"wp-image-25225 size-thumbnail\" src=\"https:\/\/ebmpapst-7237.kxcdn.com\/de\/files\/2022\/02\/AxiRev_3-260x165.jpg\" alt width=\"260\" height=\"165\" srcset=\"https:\/\/ebmpapst-7237.kxcdn.com\/de\/files\/2022\/02\/AxiRev_3-260x165.jpg 260w, https:\/\/ebmpapst-7237.kxcdn.com\/de\/files\/2022\/02\/AxiRev_3-660x419.jpg 660w, https:\/\/ebmpapst-7237.kxcdn.com\/de\/files\/2022\/02\/AxiRev_3-960x609.jpg 960w, https:\/\/ebmpapst-7237.kxcdn.com\/de\/files\/2022\/02\/AxiRev_3-768x488.jpg 768w, https:\/\/ebmpapst-7237.kxcdn.com\/de\/files\/2022\/02\/AxiRev_3-450x286.jpg 450w, https:\/\/ebmpapst-7237.kxcdn.com\/de\/files\/2022\/02\/AxiRev_3-300x190.jpg 300w, https:\/\/ebmpapst-7237.kxcdn.com\/de\/files\/2022\/02\/AxiRev_3.jpg 1024w\" sizes=\"auto, (max-width: 260px) 100vw, 260px\"><div class=\"wp-caption-border\"><p class=\"wp-caption-text\">Tobias Sieger, verant\u00adwort\u00adlich f\u00fcr die L\u00fcfter\u00adaus\u00adle\u00adgung und die Str\u00f6\u00admungs\u00adsi\u00admu\u00adla\u00adtion bei der Entwick\u00adlung des AxiRev. (Foto | ebm-papst)<\/p><\/div><\/div>\n<p>Zum einen m\u00fcssen die Venti\u00adla\u00adtoren in beiden Dreh\u00adrich\u00adtungen einen gleich\u00adblei\u00adbenden Volu\u00admen\u00adstrom liefern, auch bei wech\u00adselnder Wind\u00adlast. Zum anderen sollten sie sehr leise arbeiten\u2009\u2014\u2009und dabei so wenig Strom wie m\u00f6glich verbrau\u00adchen.<\/p>\n<h3 style=\"clear: none;\">Und das alles erf\u00fcllt der AxiRev\u200a?<\/h3>\n<p>Ja, den neuen Rever\u00adsier\u00adven\u00adti\u00adlator AxiRev haben wir speziell f\u00fcr diese soge\u00adnannten Push-Pull-Anwen\u00addungen entwi\u00adckelt. In einer solchen Anwen\u00addung \u00e4ndert der Venti\u00adlator jede Minute seine Dreh\u00adrich\u00adtung. Wir haben ihn daf\u00fcr mit neuer ger\u00e4usch\u00adarmer Moto\u00adren\u00adtech\u00adno\u00adlogie und einem inno\u00adva\u00adtiven aero\u00addy\u00adna\u00admi\u00adschen Design ausge\u00adstattet. Das Ergebnis ist ein gleich\u00adm\u00e4\u00ad\u00dfiger Luft\u00adstrom, ein ange\u00adnehmes Ger\u00e4usch und h\u00f6chste Ener\u00adgie\u00adef\u00adfi\u00adzienz.<\/p>\n<h3>Wie haben Sie ihn wind\u00adfest gemacht\u200a?<\/h3>\n<p>Die Kenn\u00adlinie verl\u00e4uft sehr steil, dadurch gibt es auch bei st\u00fcr\u00admi\u00adscher Wetter\u00adlage nur geringe Schwan\u00adkungen beim Volu\u00admen\u00adstrom. Wind und Sturm haben so wenig Einfluss auf die Effi\u00adzienz und die Funk\u00adti\u00adons\u00adweise der dezen\u00adtralen Wohn\u00adraum\u00adbe\u00adl\u00fcf\u00adtungs\u00adein\u00adheit. Das nahezu symme\u00adtri\u00adsche Fl\u00fcgel\u00adde\u00adsign sorgt daf\u00fcr, dass die Kenn\u00adlinie und damit auch die gef\u00f6r\u00adderte Luft\u00admenge in beiden Dreh\u00adrich\u00adtungen iden\u00adtisch sind.<\/p>\n<p><img loading=\"lazy\" decoding=\"async\" class=\"aligncenter size-medium wp-image-25224\" src=\"https:\/\/ebmpapst-7237.kxcdn.com\/de\/files\/2022\/02\/AxiRev_2-660x419.jpg\" alt width=\"660\" height=\"419\" srcset=\"https:\/\/ebmpapst-7237.kxcdn.com\/de\/files\/2022\/02\/AxiRev_2-660x419.jpg 660w, https:\/\/ebmpapst-7237.kxcdn.com\/de\/files\/2022\/02\/AxiRev_2-960x609.jpg 960w, https:\/\/ebmpapst-7237.kxcdn.com\/de\/files\/2022\/02\/AxiRev_2-260x165.jpg 260w, https:\/\/ebmpapst-7237.kxcdn.com\/de\/files\/2022\/02\/AxiRev_2-768x488.jpg 768w, https:\/\/ebmpapst-7237.kxcdn.com\/de\/files\/2022\/02\/AxiRev_2-450x286.jpg 450w, https:\/\/ebmpapst-7237.kxcdn.com\/de\/files\/2022\/02\/AxiRev_2-300x190.jpg 300w, https:\/\/ebmpapst-7237.kxcdn.com\/de\/files\/2022\/02\/AxiRev_2.jpg 1024w\" sizes=\"auto, (max-width: 660px) 100vw, 660px\"><\/p>\n<h3>Wie haben Sie die Ger\u00e4usch\u00adop\u00adti\u00admie\u00adrung erreicht\u200a?<\/h3>\n<p>Die Grund\u00adlage daf\u00fcr liefern viele konstruk\u00adtive und str\u00f6\u00admungs\u00adtech\u00adni\u00adsche Details. Die markanten Schau\u00adfel\u00adspitzen und die \u00d6ffnungen an den Fl\u00fcgel\u00adenden mini\u00admieren durch Kopf\u00adspalt\u00adwirbel indu\u00adzierte Ger\u00e4usch\u00adan\u00adteile und senken dadurch die Ger\u00e4usch\u00ademis\u00adsion. Auch die 13 Stege mit einem aero\u00addy\u00adna\u00admi\u00adschen Profil redu\u00adzieren turbu\u00adlente Nach\u00adl\u00e4ufe. Das sorgt f\u00fcr eine sehr gute psycho\u00adakus\u00adti\u00adsche Ger\u00e4usch\u00adqua\u00adlit\u00e4t.<\/p>\n<p>Das hei\u00dft, der Venti\u00adlator ist nicht nur leise, sondern sein Betriebs\u00adge\u00adr\u00e4usch wird als ange\u00adnehm empfunden. Auch der eigens f\u00fcr diesen Anwen\u00addungs\u00adbe\u00adreich entwi\u00adckelte hoch\u00adef\u00adfi\u00adzi\u00adente EC-Motor arbeitet ohne l\u00e4stige Kommu\u00adtie\u00adrungs- oder Umschalt\u00adge\u00adr\u00e4u\u00adsche\u2009\u2014\u2009und das selbst bei extrem nied\u00adrigen Dreh\u00adzahlen. Str\u00f6\u00admungs\u00adde\u00adsign und Moto\u00adren\u00adtech\u00adno\u00adlogie erm\u00f6g\u00adli\u00adchen im \u00dcbrigen auch den sehr geringen Ener\u00adgie\u00adver\u00adbrauch.\u2002<\/p>\n","protected":false},"excerpt":{"rendered":"<p>Herr Sieger, wozu braucht es den AxiRev\u200a? Mit stei\u00adgenden Anfor\u00adde\u00adrungen an Umwelt\u00adschutz und Ener\u00adgie\u00adef\u00adfi\u00adzienz werden immer mehr Geb\u00e4ude ged\u00e4mmt, R\u00e4ume dabei luft\u00addicht verschlossen. Um trotzdem ein gesundes, ange\u00adnehmes Raum\u00adklima zu erm\u00f6g\u00adli\u00adchen, braucht es eine andere Form des Luft\u00adaus\u00adtauschs. Daf\u00fcr kommen immer h\u00e4ufiger dezen\u00adtrale Wohn\u00adraum\u00adbe\u00adl\u00fcf\u00adtungs\u00adge\u00adr\u00e4te zum Einsatz. Denn sie lassen sich auch in Bestand\u00adge\u00adb\u00e4uden unkom\u00adpli\u00adziert in [\u2026]<\/p>\n","protected":false},"author":12,"featured_media":0,"comment_status":"open","ping_status":"closed","sticky":false,"template":"","format":"standard","meta":{"_acf_changed":false,"wp_typography_post_enhancements_disabled":false,"footnotes":""},"categories":[8,15],"tags":[],"class_list":["post-25220","post","type-post","status-publish","format-standard","hentry","category-kaelte-klima","category-ventilatoren"],"acf":[],"_links":{"self":[{"href":"https:\/\/mag.ebmpapst.com\/de\/wp-json\/wp\/v2\/posts\/25220","targetHints":{"allow":["GET"]}}],"collection":[{"href":"https:\/\/mag.ebmpapst.com\/de\/wp-json\/wp\/v2\/posts"}],"about":[{"href":"https:\/\/mag.ebmpapst.com\/de\/wp-json\/wp\/v2\/types\/post"}],"author":[{"embeddable":true,"href":"https:\/\/mag.ebmpapst.com\/de\/wp-json\/wp\/v2\/users\/12"}],"replies":[{"embeddable":true,"href":"https:\/\/mag.ebmpapst.com\/de\/wp-json\/wp\/v2\/comments?post=25220"}],"version-history":[{"count":12,"href":"https:\/\/mag.ebmpapst.com\/de\/wp-json\/wp\/v2\/posts\/25220\/revisions"}],"predecessor-version":[{"id":40300,"href":"https:\/\/mag.ebmpapst.com\/de\/wp-json\/wp\/v2\/posts\/25220\/revisions\/40300"}],"wp:attachment":[{"href":"https:\/\/mag.ebmpapst.com\/de\/wp-json\/wp\/v2\/media?parent=25220"}],"wp:term":[{"taxonomy":"category","embeddable":true,"href":"https:\/\/mag.ebmpapst.com\/de\/wp-json\/wp\/v2\/categories?post=25220"},{"taxonomy":"post_tag","embeddable":true,"href":"https:\/\/mag.ebmpapst.com\/de\/wp-json\/wp\/v2\/tags?post=25220"}],"curies":[{"name":"wp","href":"https:\/\/api.w.org\/{rel}","templated":true}]}}