{"id":25166,"date":"2022-02-28T06:45:03","date_gmt":"2022-02-28T05:45:03","guid":{"rendered":"https:\/\/mag.ebmpapst.com\/de\/?p=25166"},"modified":"2024-02-21T10:54:16","modified_gmt":"2024-02-21T09:54:16","slug":"keimfreier-abwasch-in-der-medizintechnik","status":"publish","type":"post","link":"https:\/\/mag.ebmpapst.com\/de\/branchen\/medizin\/keimfreier-abwasch-in-der-medizintechnik_25166\/","title":{"rendered":"Keim\u00adfreier Abwasch in der Medi\u00adzin\u00adtechnik"},"content":{"rendered":"<p>In Kran\u00adken\u00adh\u00e4u\u00adsern und Laboren sind die Anfor\u00adde\u00adrungen an die Hygiene enorm. Es reicht nicht, wenn Opera\u00adti\u00adons\u00adbe\u00adsteck wie Scheren, Pinzetten und Klam\u00admern oder Reagenz\u00adgl\u00e4ser und Pipetten einfach nur sauber sind. Denn die gr\u00f6\u00dfte Gefahr ist f\u00fcr das blo\u00dfe Auge unsichtbar: Bakte\u00adrien, Viren oder chemi\u00adsche R\u00fcck\u00adst\u00e4nde k\u00f6nnen in Laboren die Mess\u00adergeb\u00adnisse verf\u00e4l\u00adschen oder im schlimmsten Fall Menschen\u00adleben kosten. Ezio Gobbi tr\u00e4gt mit seiner Arbeit dazu bei, dass genau das nicht passiert. Seit \u00fcber 30 Jahren entwi\u00adckelt der Inge\u00adnieur bei Smeg und seit 2009 in der Produk\u00adti\u00adons\u00adein\u00adheit von Bonfer\u00adraro soge\u00adnannte Ther\u00admo\u00addes\u00adin\u00adfek\u00adtoren. Diese spezi\u00adellen Sp\u00fcl\u00adma\u00adschinen sorgen zum Beispiel in Kran\u00adken\u00adh\u00e4u\u00adsern, Praxen sowie in Laboren von Forschungs\u00adein\u00adrich\u00adtungen f\u00fcr perfekt gerei\u00adnigte Uten\u00adsi\u00adlien.<\/p>\n<p>Bonfer\u00adraro mit Sitz in der gleich\u00adna\u00admigen Gemeinde in der \u00aditalie\u00adni\u00adschen Provinz Verona ist Tochter des Haus\u00adge\u00adr\u00e4\u00adte\u00adher\u00adstel\u00adlers Smeg. Seit 1987 fertigt das Unter\u00adnehmen Ther\u00admo\u00addes\u00adin\u00adfek\u00adtoren. \u201eWelt\u00adweit gibt es nur rund zehn Hersteller, die solche Ger\u00e4te bauen\u201c, so Gobbi. Zuletzt hatte er die Aufgabe, drei Ger\u00e4\u00adte\u00adtypen mit Wasch\u00adkam\u00admer\u00advo\u00adlumen von 250 bis 450 Litern zu entwi\u00adckeln. Hoch\u00adleis\u00adtungs\u00adge\u00adr\u00e4te also, die absolut zuver\u00adl\u00e4ssig arbeiten m\u00fcssen. Nicht nur, was das Reini\u00adgungs\u00ader\u00adgebnis angeht: \u201eF\u00e4llt eine Sp\u00fcl\u00adma\u00adschine zu Hause f\u00fcr ein paar Tage aus, ist das zwar \u00e4rger\u00adlich, aber nicht weiter tragisch. In Kran\u00adken\u00adh\u00e4u\u00adsern oder Laboren wird der Betrieb jedoch empfind\u00adlich gest\u00f6rt\u201c, verdeut\u00adlicht Gobbi. Auf die verbaute Technik muss deshalb hundert\u00adpro\u00adzentig Verlass sein.<\/p>\n<h2>Desin\u00adfek\u00adtion in der High\u00adtech-Sp\u00fcl\u00adma\u00adschine<\/h2>\n<div id=\"attachment_25180\" class=\"wp-caption alignright\" style=\"width: 300px\"><img loading=\"lazy\" decoding=\"async\" class=\"wp-image-25180 size-article-300\" src=\"https:\/\/ebmpapst-7237.kxcdn.com\/de\/files\/2022\/02\/Bonferraro-medizintechnik-1-300x473.png\" alt width=\"300\" height=\"473\" srcset=\"https:\/\/ebmpapst-7237.kxcdn.com\/de\/files\/2022\/02\/Bonferraro-medizintechnik-1-300x473.png 300w, https:\/\/ebmpapst-7237.kxcdn.com\/de\/files\/2022\/02\/Bonferraro-medizintechnik-1-260x410.png 260w, https:\/\/ebmpapst-7237.kxcdn.com\/de\/files\/2022\/02\/Bonferraro-medizintechnik-1-450x709.png 450w, https:\/\/ebmpapst-7237.kxcdn.com\/de\/files\/2022\/02\/Bonferraro-medizintechnik-1.png 650w\" sizes=\"auto, (max-width: 300px) 100vw, 300px\"><div class=\"wp-caption-border\"><p class=\"wp-caption-text\">Funk\u00adtio\u00adniert wie die Sp\u00fcl\u00adma\u00adschine zu Hause \u2014 nur viel pr\u00e4ziser: der Ther\u00admo\u00addes\u00adin\u00adfektor von Bonfer\u00adraro. (Foto | Bonfer\u00adraro S.p.A.)<\/p><\/div><\/div>\n<p>Ein Ther\u00admo\u00addes\u00adin\u00adfektor funk\u00adtio\u00adniert \u00e4hnlich wie eine Sp\u00fcl\u00adma\u00adschine im Haus\u00adhalt. Nach den Wasch- und Sp\u00fcl\u00adphasen steht am Ende des Programms die Trock\u00adnung an. Doch es gibt gravie\u00adrende Unter\u00adschiede. Die Ger\u00e4te m\u00fcssen deut\u00adlich pr\u00e4ziser arbeiten als die in der heimi\u00adschen K\u00fcche. So fordern es die strengen Vorgaben f\u00fcr medi\u00adzi\u00adni\u00adsche Produkte. Das betrifft bereits die Besei\u00adti\u00adgung von gr\u00f6berem Schmutz. \u201eBleiben R\u00fcck\u00adst\u00e4nde zur\u00fcck, ist der Steri\u00adli\u00adsator im Anschluss selbst bei 140 Grad nicht in der Lage, Bakte\u00adrien g\u00e4nz\u00adlich abzu\u00adt\u00f6ten\u201c, so Gobbi.<\/p>\n<p>Gar nicht so einfach, da die Formen\u00adviel\u00adfalt der zu reini\u00adgenden Objekte deut\u00adlich gr\u00f6\u00dfer ist als zum Beispiel bei T\u00f6pfen, Geschirr oder Besteck in der K\u00fcche zu Hause. Von der Schere \u00fcber Reagenz\u00adgl\u00e4ser bis zu Schl\u00e4u\u00adchen ist alles dabei. Daher bedarf es spezi\u00adeller Trage\u00adsys\u00adteme, damit das Wasser \u00fcberall hinkommt. Auch die Zufuhr des Wassers und der spezi\u00adellen Reini\u00adgungs\u00adche\u00admi\u00adka\u00adlien muss exakt dosiert und die Tempe\u00adratur pr\u00e4zise gere\u00adgelt werden. Ein Ther\u00admo\u00addes\u00adin\u00adfektor hat daher eine zus\u00e4tz\u00adliche Desin\u00adfek\u00adti\u00adons\u00adphase, in der die Tempe\u00adratur exakt zwischen 90 und 93 Grad Celsius liegen muss.<\/p>\n<h2>Zuver\u00adl\u00e4ssig trocken<\/h2>\n<p>Ist die Desin\u00adfek\u00adtion abge\u00adschlossen, beginnt die Trock\u00adnung. Entschei\u00addend bei dieser Phase ist, dass kein Tr\u00f6pf\u00adchen Wasser auf den Gegen\u00adst\u00e4nden zur\u00fcck\u00adbleibt, denn nur dann k\u00f6nnen sie anschlie\u00ad\u00dfend sofort einge\u00adschwei\u00dft werden und in den Steri\u00adli\u00adsator kommen. Je nach Form und Mate\u00adrial dauert dieser Vorgang zwischen 15 und 30 Minuten. \u201ePlastik ist zum Beispiel deut\u00adlich schwerer zu trocknen als Glas\u201c, erkl\u00e4rt Gobbi. Auch hier gibt es eine fein abge\u00adstimmte Choreo\u00adgrafie: Zun\u00e4chst wird mit nied\u00adrigen Dr\u00fccken Luft in die Wasch\u00adkammer geblasen, damit der Dampf langsam entweicht, dann folgt die Zufuhr von bis zu 120 Grad Celsius hei\u00dfer Luft in unter\u00adschied\u00adli\u00adchen Geschwin\u00addig\u00adkeits\u00adstufen. \u201eWir haben hier einen Trock\u00adnungs\u00adkreis\u00adlauf entwi\u00adckelt, der m\u00f6glichst schnell und effi\u00adzient funk\u00adtio\u00adniert\u201c, so Gobbi. Die entschei\u00addende Kompo\u00adnente f\u00fcr diesen Vorgang ist das Gebl\u00e4se. Und das musste f\u00fcr \u00adGobbis drei neue Ger\u00e4\u00adte\u00adtypen beson\u00adders leis\u00adtungs\u00adstark sein\u2009\u2013\u2009auch weil es gegen den Wider\u00adstand der soge\u00adnannten \u201eHigh Effi\u00adci\u00adency Parti\u00adcu\u00adlate Air\u201c\u2009\u2014\u2009oder kurz HEPA-Filter ankommen muss, die verhin\u00addern, dass Keime und Staub\u00adpar\u00adtikel von au\u00dfen in die Wasch\u00adkammer gelangen.<\/p>\n<blockquote>\n<p><span class=\"with-quotes\">Wir haben hier einen Trock\u00adnungs\u00adkreis\u00adlauf entwi\u00adckelt, der m\u00f6glichst schnell und effi\u00adzient funk\u00adtio\u00adniert.<\/span><\/p>\n<p><cite>Ezio Gobbi, Inge\u00adnieur bei Bonfer\u00adraro<\/cite><\/p>\n<\/blockquote>\n<p>Gobbi wandte sich an ebm-papst: \u201eDas war f\u00fcr mich der logi\u00adsche Schritt. Wir arbeiten schon seit \u00fcber 30 Jahren bei anderen Projekten zusammen.\u201c Mit anderen Projekten meint Gobbi gew\u00f6hn\u00adliche Haus\u00adhalts\u00adge\u00adschirr\u00adsp\u00fcler, die das Unter\u00adnehmen eben\u00adfalls herstellt. Doch die Gebl\u00e4\u00adse\u00adl\u00f6\u00adsungen, die f\u00fcr diese Ger\u00e4te im Einsatz sind, reichten f\u00fcr Gobbis Anfor\u00adde\u00adrungen nicht aus oder w\u00e4ren bei der gefor\u00adderten Leis\u00adtung zu gro\u00df gewesen f\u00fcr den zur Verf\u00fc\u00adgung stehenden Bauraum. Und eine ma\u00dfge\u00adschnei\u00adderte L\u00f6sung kam nicht infrage: \u201eDas ist kein Massen\u00admarkt wie bei den Haus\u00adhalts\u00adge\u00adschirr\u00adsp\u00fc\u00adlern. Unsere St\u00fcck\u00adzahlen sind einfach zu niedrig, das w\u00fcrde sich nicht rechnen. Wir ben\u00f6\u00adtigten ein bereits fertig entwi\u00adckeltes Produkt.\u201c<\/p>\n<h2>Die L\u00f6sung aus der Therme<\/h2>\n<p>Fabio Milani, Key-Account-Manager und Gobbis Ansprech\u00adpartner bei ebm-papst Italien, musste mit den Experten in Landshut also einen anderen Weg suchen. \u201eDie Leis\u00adtungs\u00adan\u00adfor\u00adde\u00adrungen, die Gobbi beschrieb, passten ziem\u00adlich genau zu den Gebl\u00e4sen, die wir sonst in Brenn\u00adwert\u00adthermen einsetzen: den VGR\u2009118 und den VGR\u2009148\u201c, sagt Milani und erg\u00e4nzt: \u201eDen VGR\u2009118 haben wir mit einen Hoch\u00adleis\u00adtungs\u00admotor ausge\u00adstattet, damit sich das Gebl\u00e4se f\u00fcr alle drei Ger\u00e4\u00adte\u00adtypen eignet.\u201c Dank EC-Tech\u00adno\u00adlogie sind mit den Gebl\u00e4\u00adse\u00adtypen hohe Dreh\u00adzahlen und damit hohe Dr\u00fccke m\u00f6glich, die den HEPA-Filter \u00fcber\u00adwinden\u2009\u2014\u2009und das in einer kompakten Bauweise. Zudem sind sie stufenlos regelbar, sodass die Geschwin\u00addig\u00adkeit pr\u00e4zise an die unter\u00adschied\u00adli\u00adchen Trock\u00adnungs\u00adphasen ange\u00adpasst werden kann. Die perfekte L\u00f6sung also? Fast. W\u00e4re da nicht das Venturi, das seri\u00aden\u00adm\u00e4\u00dfig an den Gebl\u00e4sen ange\u00adbracht wird. In der Brenn\u00adwert\u00adtherme ist es f\u00fcr die Rege\u00adlung der Gaszu\u00adfuhr essen\u00adziell, in den Ther\u00admo\u00addes\u00adin\u00adfek\u00adtoren von Bonfer\u00adraro w\u00fcrde es nur st\u00f6ren.<\/p>\n<p>Das Aus f\u00fcr die Stan\u00addard\u00adl\u00f6\u00adsung und doch die teure Indi\u00advi\u00addu\u00adal\u00adl\u00f6\u00adsung? Es kommt anders. Milani erkl\u00e4rt: \u201eWie es der Zufall will, wurden zeit\u00adgleich dieselben Gebl\u00e4se als Vari\u00adanten ohne Venturi erstellt.\u201c Gobbi profi\u00adtiert hiervon als Erster. Er kann diese eben\u00adfalls f\u00fcr seine drei Ger\u00e4\u00adte\u00adtypen einsetzen. \u201eLeis\u00adtungs\u00admerk\u00admale und Geome\u00adtrie passten nun perfekt zu unseren Anfor\u00adde\u00adrungen\u201c, sagt Gobbi. Die drei neuen Ther\u00admo\u00addes\u00adin\u00adfek\u00adtoren werden ab Juli 2022 produ\u00adziert. Die Nach\u00adfrage nach den Ger\u00e4ten von Bonfer\u00adraro w\u00e4chst. \u201eDurch die Corona-Pandemie ist die Sensi\u00adbi\u00adlit\u00e4t f\u00fcr Hygiene deut\u00adlich gestiegen, das hat sich auch bei uns bemerkbar gemacht\u201c, schlie\u00dft er.<\/p>\n<div class=\"box box-middle\">\n<h3>Wie ein Ther\u00admo\u00addes\u00adin\u00adfektor arbeitet\u200a\u2014\u200aBeispiel Kran\u00adken\u00adhaus<\/h3>\n<p>W\u00e4hrend einer Opera\u00adtion verwendet ein Chirurg zahl\u00adreiche Instru\u00admente: Skal\u00adpelle, Scheren, Pinzetten und viele weitere unter\u00adschied\u00adliche Opera\u00adti\u00adons\u00adbe\u00adstecke. Manche werden direkt nach Gebrauch wegge\u00adworfen, die anderen m\u00fcssen gerei\u00adnigt, desin\u00adfi\u00adziert und steri\u00adli\u00adsiert werden, bevor sie wieder in den OP-Saal kommen.<\/p>\n<div class=\"special-box\">\n<p><img loading=\"lazy\" decoding=\"async\" class=\"size-thumbnail wp-image-25181 alignleft\" src=\"https:\/\/ebmpapst-7237.kxcdn.com\/de\/files\/2022\/02\/Bonferraro-start-260x347.jpg\" alt width=\"260\" height=\"347\" srcset=\"https:\/\/ebmpapst-7237.kxcdn.com\/de\/files\/2022\/02\/Bonferraro-start-260x347.jpg 260w, https:\/\/ebmpapst-7237.kxcdn.com\/de\/files\/2022\/02\/Bonferraro-start-300x400.jpg 300w, https:\/\/ebmpapst-7237.kxcdn.com\/de\/files\/2022\/02\/Bonferraro-start.jpg 450w\" sizes=\"auto, (max-width: 260px) 100vw, 260px\"><\/p>\n<div class=\"special-text\">\n<h4><strong>01<\/strong> Die Reini\u00adgung beginnt<\/h4>\n<p>In Kran\u00adken\u00adh\u00e4u\u00adsern steht der Ther\u00admo\u00addes\u00adin\u00adfektor zwischen einem unreinen Raum, von dem aus er beladen wird, und dem Rein\u00adraum, wo die gerei\u00adnigten Instru\u00admente entnommen werden. Daher hat er zwei T\u00fcren. Vor der Bela\u00addung werden die Instru\u00admente von einer Fach\u00adkraft manuell vorge\u00adr\u00adei\u00adnigt.<\/p>\n<\/div>\n<\/div>\n<div class=\"special-box\">\n<div class=\"special-text\">\n<h4><strong>02<\/strong> Das Wasch\u00adpro\u00adgramm<\/h4>\n<p>Wie bei einer normalen Haushalts\u00adsp\u00fclmaschine auch, wech\u00adseln sich Wasch- und Sp\u00fcl\u00adphasen ab. Aller\u00addings werden in einem Ther\u00admo\u00addes\u00adin\u00adfektor Prozesse wie die Zufuhr der Reinigungs\u00adchemikalien viel genauer gesteuert.<\/p>\n<\/div>\n<\/div>\n<div class=\"special-box\">\n<div class=\"special-text\">\n<h4><strong>03<\/strong> Die Desin\u00adfek\u00adtion<\/h4>\n<p>In der Desinfektions\u00adphase wird f\u00fcr den Wasch\u00advor\u00adgang demi\u00adne\u00adra\u00adli\u00adsiertes Wasser verwendet. Im normalen Leitungs\u00adwasser sind zu viele Fremd\u00adk\u00f6rper wie zum Beispiel Mine\u00adra\u00adlien enthalten, die auf den Objekten zur\u00fcck\u00adbleiben k\u00f6nnten. Die Tempe\u00adratur muss w\u00e4hrend der Desin\u00adfek\u00adtion konstant 90 bis 93 Grad Celsius betragen.<\/p>\n<\/div>\n<\/div>\n<div class=\"special-box\">\n<div class=\"special-text\">\n<h4><strong>04<\/strong> Die Trock\u00adnung<\/h4>\n<p>Am Ende des Programms steht die Trock\u00adnung an, f\u00fcr die Bonfer\u00adraro ein fein austa\u00adriertes System entwi\u00adckelt hat. Dabei hilft das Gebl\u00e4se, das mit hohem Druck die Luft durch den HEPA-Filter presst.<\/p>\n<\/div>\n<p><img loading=\"lazy\" decoding=\"async\" class=\"size-thumbnail wp-image-25178 alignright\" src=\"https:\/\/ebmpapst-7237.kxcdn.com\/de\/files\/2022\/02\/Bonferraro-end-260x347.jpg\" alt width=\"260\" height=\"347\" srcset=\"https:\/\/ebmpapst-7237.kxcdn.com\/de\/files\/2022\/02\/Bonferraro-end-260x347.jpg 260w, https:\/\/ebmpapst-7237.kxcdn.com\/de\/files\/2022\/02\/Bonferraro-end-300x400.jpg 300w, https:\/\/ebmpapst-7237.kxcdn.com\/de\/files\/2022\/02\/Bonferraro-end.jpg 450w\" sizes=\"auto, (max-width: 260px) 100vw, 260px\"><\/p>\n<\/div>\n<p>Je nach gew\u00e4hltem Programm dauert der gesamte Sp\u00fcl\u00adpro\u00adzess zwischen 25 Minuten und knapp zwei Stunden. Von der Rein\u00adraum\u00adseite her werden die desin\u00adfi\u00adzierten Instru\u00admente entnommen, einge\u00adt\u00fctet und dann in den Steri\u00adli\u00adsator gesteckt. Erst danach sind sie wieder f\u00fcr die n\u00e4chste Opera\u00adtion einsatz\u00adbe\u00adreit.<\/p>\n<\/div>\n","protected":false},"excerpt":{"rendered":"<p>In Kran\u00adken\u00adh\u00e4u\u00adsern und Laboren sind die Anfor\u00adde\u00adrungen an die Hygiene enorm. Es reicht nicht, wenn Opera\u00adti\u00adons\u00adbe\u00adsteck wie Scheren, Pinzetten und Klam\u00admern oder Reagenz\u00adgl\u00e4ser und Pipetten einfach nur sauber sind. Denn die gr\u00f6\u00dfte Gefahr ist f\u00fcr das blo\u00dfe Auge unsichtbar: Bakte\u00adrien, Viren oder chemi\u00adsche R\u00fcck\u00adst\u00e4nde k\u00f6nnen in Laboren die Mess\u00adergeb\u00adnisse verf\u00e4l\u00adschen oder im schlimmsten Fall Menschen\u00adleben [\u2026]<\/p>\n","protected":false},"author":12,"featured_media":0,"comment_status":"open","ping_status":"closed","sticky":false,"template":"","format":"standard","meta":{"_acf_changed":false,"wp_typography_post_enhancements_disabled":false,"footnotes":""},"categories":[18,10],"tags":[],"class_list":["post-25166","post","type-post","status-publish","format-standard","hentry","category-geblaese","category-medizin"],"acf":[],"_links":{"self":[{"href":"https:\/\/mag.ebmpapst.com\/de\/wp-json\/wp\/v2\/posts\/25166","targetHints":{"allow":["GET"]}}],"collection":[{"href":"https:\/\/mag.ebmpapst.com\/de\/wp-json\/wp\/v2\/posts"}],"about":[{"href":"https:\/\/mag.ebmpapst.com\/de\/wp-json\/wp\/v2\/types\/post"}],"author":[{"embeddable":true,"href":"https:\/\/mag.ebmpapst.com\/de\/wp-json\/wp\/v2\/users\/12"}],"replies":[{"embeddable":true,"href":"https:\/\/mag.ebmpapst.com\/de\/wp-json\/wp\/v2\/comments?post=25166"}],"version-history":[{"count":17,"href":"https:\/\/mag.ebmpapst.com\/de\/wp-json\/wp\/v2\/posts\/25166\/revisions"}],"predecessor-version":[{"id":25206,"href":"https:\/\/mag.ebmpapst.com\/de\/wp-json\/wp\/v2\/posts\/25166\/revisions\/25206"}],"wp:attachment":[{"href":"https:\/\/mag.ebmpapst.com\/de\/wp-json\/wp\/v2\/media?parent=25166"}],"wp:term":[{"taxonomy":"category","embeddable":true,"href":"https:\/\/mag.ebmpapst.com\/de\/wp-json\/wp\/v2\/categories?post=25166"},{"taxonomy":"post_tag","embeddable":true,"href":"https:\/\/mag.ebmpapst.com\/de\/wp-json\/wp\/v2\/tags?post=25166"}],"curies":[{"name":"wp","href":"https:\/\/api.w.org\/{rel}","templated":true}]}}