{"id":23878,"date":"2021-06-01T07:23:10","date_gmt":"2021-06-01T05:23:10","guid":{"rendered":"https:\/\/mag.ebmpapst.com\/de\/?p=23878"},"modified":"2024-02-21T10:54:32","modified_gmt":"2024-02-21T09:54:32","slug":"plug-play-axialventilatoren-fuer-anwendungen-mit-hohem-gegendruck","status":"publish","type":"post","link":"https:\/\/mag.ebmpapst.com\/de\/branchen\/kaelte-klima\/plug-play-axialventilatoren-fuer-anwendungen-mit-hohem-gegendruck_23878\/","title":{"rendered":"Plug &amp; Play Axial\u00adven\u00adti\u00adla\u00adtoren f\u00fcr Anwen\u00addungen mit hohem Gegen\u00addruck"},"content":{"rendered":"<p>Bereits Anfang 2020 hat ebm-papst die AxiEco Protect Axial\u00adven\u00adti\u00adla\u00adtoren mit Schutz\u00adgitter vorge\u00adstellt, die hohen Gegen\u00addruck \u00fcber\u00adwinden. Jetzt geht der Venti\u00adla\u00adtoren- und Moto\u00adren\u00adspe\u00adzia\u00adlist noch einen Schritt weiter und erg\u00e4nzt die bestehende AxiEco Baureihe um die AxiEco Perform (Bild 1). Einem Axial\u00adven\u00adti\u00adla\u00adtoren mit einem monta\u00adge\u00adfreund\u00adli\u00adchen Geh\u00e4use aus Verbund\u00adwerk\u00adstoff, bei denen Effi\u00adzienz und Druck\u00adsta\u00adbi\u00adlit\u00e4t noch weiter erh\u00f6ht wurden.<\/p>\n<div id=\"attachment_23887\" class=\"wp-caption alignright\" style=\"width: 450px\"><img loading=\"lazy\" decoding=\"async\" class=\"size-article-450 wp-image-23887\" src=\"https:\/\/ebmpapst-7237.kxcdn.com\/de\/files\/2021\/05\/AxiEco_W-Typ_BG350_EC-450x450.jpg\" alt width=\"450\" height=\"450\" srcset=\"https:\/\/ebmpapst-7237.kxcdn.com\/de\/files\/2021\/05\/AxiEco_W-Typ_BG350_EC-450x450.jpg 450w, https:\/\/ebmpapst-7237.kxcdn.com\/de\/files\/2021\/05\/AxiEco_W-Typ_BG350_EC-660x660.jpg 660w, https:\/\/ebmpapst-7237.kxcdn.com\/de\/files\/2021\/05\/AxiEco_W-Typ_BG350_EC-960x960.jpg 960w, https:\/\/ebmpapst-7237.kxcdn.com\/de\/files\/2021\/05\/AxiEco_W-Typ_BG350_EC-260x260.jpg 260w, https:\/\/ebmpapst-7237.kxcdn.com\/de\/files\/2021\/05\/AxiEco_W-Typ_BG350_EC-768x768.jpg 768w, https:\/\/ebmpapst-7237.kxcdn.com\/de\/files\/2021\/05\/AxiEco_W-Typ_BG350_EC-300x300.jpg 300w, https:\/\/ebmpapst-7237.kxcdn.com\/de\/files\/2021\/05\/AxiEco_W-Typ_BG350_EC.jpg 1024w\" sizes=\"auto, (max-width: 450px) 100vw, 450px\"><div class=\"wp-caption-border\"><p class=\"wp-caption-text\">Bild 1: Auszug aus der Baureihe: Neuer EC-Axial\u00adven\u00adti\u00adlator AxiEco Perform in Baugr\u00f6\u00dfe 350 mit einem Geh\u00e4use aus Verbund\u00adwerk\u00adstoff (Foto | ebm-papst)<\/p><\/div><\/div>\n<p>Die Luft\u00adleis\u00adtungs\u00adkenn\u00adlinie verl\u00e4uft deut\u00adlich steiler als bei vergleich\u00adbaren Axial\u00adven\u00adti\u00adla\u00adtoren und auch bei stei\u00adgendem Gegen\u00addruck bleibt der Wirkungs\u00adgrad hoch (Bild 2). Als kompakte Plug &amp; Play L\u00f6sung mit CE Kenn\u00adzeich\u00adnung lassen sich die Venti\u00adla\u00adtoren gut in die Anwen\u00addungen inte\u00adgrieren. Der Anwender muss sich damit keine Gedanken zu D\u00fcsen oder Abst\u00e4nden zum Laufrad machen und sich auch um keine eigene ErP-Bewer\u00adtung k\u00fcmmern.<\/p>\n<p>Mit der erwei\u00adterten AxiEco Baureihe lassen sich nun sehr unter\u00adschied\u00adliche Anwen\u00addungs\u00adan\u00adfor\u00adde\u00adrungen abde\u00adcken. Die Schutz\u00adgit\u00adter\u00adaus\u00adf\u00fch\u00adrung AxiEco Protect beispiels\u00adweise ist durch die geringe Ger\u00e4usch\u00ademis\u00adsion gut f\u00fcr Anwen\u00addungen in l\u00e4rm\u00adsen\u00adsi\u00adblen Berei\u00adchen geeignet. Die Vari\u00adante AxiEco Perform mit Geh\u00e4use hingegen empfiehlt sich immer dann, wenn ein einbau\u00adfer\u00adtiger Venti\u00adlator gebraucht wird. Mit Volu\u00admen\u00adstr\u00f6men bis zu 12.000 m\u00b3\/h und Dr\u00fccken bis knapp 500 Pa ist ihr Einsatz\u00adbe\u00adreich breit gef\u00e4\u00adchert und reicht von W\u00e4rme\u00adpumpen und Verdamp\u00adfern bis hin zu indus\u00adtri\u00adellen L\u00fcftungs\u00adan\u00adlagen oder der K\u00fchlung von Luft\u00adkom\u00adpres\u00adsoren. Die neuen Venti\u00adla\u00adtoren im Geh\u00e4use gibt es in den Baugr\u00f6\u00dfen 300, 350, 400, 450 und 500 sowohl in EC- als auch in AC-Ausf\u00fch\u00adrung. Auch bei dieser Baureihe erf\u00fcllen sowohl die EC- als auch die AC-Vari\u00adanten die Anfor\u00adde\u00adrungen der zuk\u00fcnf\u00adtigen ErP-Richt\u00adlinie und sie k\u00f6nnen wahl\u00adweise dr\u00fcckend oder saugend einge\u00adsetzt werden.<\/p>\n<div id=\"attachment_23888\" class=\"wp-caption aligncenter\" style=\"width: 660px\"><img loading=\"lazy\" decoding=\"async\" class=\"wp-image-23888 size-medium\" src=\"https:\/\/ebmpapst-7237.kxcdn.com\/de\/files\/2021\/05\/Bild_2_AxiEco_Perform_HyBlade-660x451.jpg\" alt width=\"660\" height=\"451\" srcset=\"https:\/\/ebmpapst-7237.kxcdn.com\/de\/files\/2021\/05\/Bild_2_AxiEco_Perform_HyBlade-660x451.jpg 660w, https:\/\/ebmpapst-7237.kxcdn.com\/de\/files\/2021\/05\/Bild_2_AxiEco_Perform_HyBlade-960x656.jpg 960w, https:\/\/ebmpapst-7237.kxcdn.com\/de\/files\/2021\/05\/Bild_2_AxiEco_Perform_HyBlade-260x178.jpg 260w, https:\/\/ebmpapst-7237.kxcdn.com\/de\/files\/2021\/05\/Bild_2_AxiEco_Perform_HyBlade-768x525.jpg 768w, https:\/\/ebmpapst-7237.kxcdn.com\/de\/files\/2021\/05\/Bild_2_AxiEco_Perform_HyBlade-450x308.jpg 450w, https:\/\/ebmpapst-7237.kxcdn.com\/de\/files\/2021\/05\/Bild_2_AxiEco_Perform_HyBlade-300x205.jpg 300w, https:\/\/ebmpapst-7237.kxcdn.com\/de\/files\/2021\/05\/Bild_2_AxiEco_Perform_HyBlade.jpg 1024w\" sizes=\"auto, (max-width: 660px) 100vw, 660px\"><div class=\"wp-caption-border\"><p class=\"wp-caption-text\">Bild 2: Die Luft\u00adleis\u00adtungs\u00adkenn\u00adlinie des AxiEco Perform verl\u00e4uft deut\u00adlich steiler als beim HyBlade und das bei hohem Wirkungs\u00adgrad. (Grafik| ebm-papst)<\/p><\/div><\/div>\n<h2>Str\u00f6\u00admungs\u00adtech\u00adni\u00adsches Konzept erh\u00f6ht Effi\u00adzienz und Wurf\u00adweite<\/h2>\n<p>Die Basis f\u00fcr die Effi\u00adzi\u00adenz\u00adstei\u00adge\u00adrung und den hohen Druck\u00adaufbau liefern str\u00f6\u00admungs\u00adtech\u00adni\u00adsche Opti\u00admie\u00adrungen: Laufrad, Schleu\u00adder\u00adring sowie Nabe bilden eine kompakte Einheit und die Schau\u00adfel\u00adspitzen gehen direkt in den Schleu\u00adder\u00adring \u00fcber. Dadurch gibt es keinen Kopf\u00adspalt zwischen D\u00fcse und Laufrad und folg\u00adlich auch keine \u00dcber\u00adstr\u00f6\u00admung der Schau\u00adfel\u00adspitzen wie bei herk\u00f6mm\u00adli\u00adchen Axial\u00adven\u00adti\u00adla\u00adtoren. Das stei\u00adgert die Effi\u00adzienz und redu\u00adziert gleich\u00adzeitig die Ger\u00e4usch\u00adent\u00adwick\u00adlung. Zus\u00e4tz\u00adlich \u00fcber\u00adnimmt der Schleu\u00adder\u00adring die Funk\u00adtion eines Diffu\u00adsors, welcher somit direkt im Laufrad inte\u00adgriert ist. Durch seine druck\u00adstei\u00adgernde Wirkung verrin\u00adgert er die Austritts\u00adver\u00adluste und tr\u00e4gt so eben\u00adfalls zur Ger\u00e4usch\u00admin\u00adde\u00adrung bei. Dank der ins Laufrad eintau\u00adchenden Einstr\u00f6m\u00add\u00fcse und der gr\u00f6\u00dferen Austritts\u00ad\u00f6ff\u00adnung wird der Venti\u00adlator optimal durch\u00adstr\u00f6mt (Bild 3).<\/p>\n<div id=\"attachment_23889\" class=\"wp-caption xxtra alignleft\"><img loading=\"lazy\" decoding=\"async\" class=\"xxtra wp-image-23889 size-large\" src=\"https:\/\/ebmpapst-7237.kxcdn.com\/de\/files\/2021\/05\/Bild_3_Stroemungsprofil_HyBlade_AxiEcoPerform-960x328.jpg\" alt width=\"960\" height=\"328\" srcset=\"https:\/\/ebmpapst-7237.kxcdn.com\/de\/files\/2021\/05\/Bild_3_Stroemungsprofil_HyBlade_AxiEcoPerform-960x328.jpg 960w, https:\/\/ebmpapst-7237.kxcdn.com\/de\/files\/2021\/05\/Bild_3_Stroemungsprofil_HyBlade_AxiEcoPerform-660x226.jpg 660w, https:\/\/ebmpapst-7237.kxcdn.com\/de\/files\/2021\/05\/Bild_3_Stroemungsprofil_HyBlade_AxiEcoPerform-260x89.jpg 260w, https:\/\/ebmpapst-7237.kxcdn.com\/de\/files\/2021\/05\/Bild_3_Stroemungsprofil_HyBlade_AxiEcoPerform-768x263.jpg 768w, https:\/\/ebmpapst-7237.kxcdn.com\/de\/files\/2021\/05\/Bild_3_Stroemungsprofil_HyBlade_AxiEcoPerform-450x154.jpg 450w, https:\/\/ebmpapst-7237.kxcdn.com\/de\/files\/2021\/05\/Bild_3_Stroemungsprofil_HyBlade_AxiEcoPerform-300x103.jpg 300w, https:\/\/ebmpapst-7237.kxcdn.com\/de\/files\/2021\/05\/Bild_3_Stroemungsprofil_HyBlade_AxiEcoPerform.jpg 1024w\" sizes=\"auto, (max-width: 960px) 100vw, 960px\"><div class=\"wp-caption-border\"><p class=\"wp-caption-text\">Bild 3: Dank der ins Laufrad eintau\u00adchenden Einstr\u00f6m\u00add\u00fcse, der gr\u00f6\u00dferen Austritts\u00ad\u00f6ff\u00adnung und der Geh\u00e4u\u00adse\u00adkon\u00adstruk\u00adtion wird der Venti\u00adlator AxiEco Perform optimal durch\u00adstr\u00f6mt. (Grafik| ebm-papst)<\/p><\/div><\/div>\n<p>Hinzu kommt das eben\u00adfalls nach str\u00f6\u00admungs\u00adtech\u00adni\u00adschen Krite\u00adrien opti\u00admierte Geh\u00e4use mit inte\u00adgriertem Schutz\u00adgitter und Nach\u00adleit\u00adschau\u00adfeln. Hohl\u00adr\u00e4ume an den Geh\u00e4u\u00adse\u00adecken verbes\u00adsern die Durch\u00adstr\u00f6\u00admung; die Nach\u00adleit\u00adschau\u00adfeln sorgen daf\u00fcr, dass der Drall im Abstr\u00f6m\u00adfeld des Venti\u00adla\u00adtors und damit der dyna\u00admi\u00adsche Verlust\u00adan\u00adteil auf ein Minimum redu\u00adziert werden. Au\u00dferdem erh\u00f6ht sich die Wurf\u00adweite gegen\u00ad\u00fcber herk\u00f6mm\u00adli\u00adchen Axial\u00adven\u00adti\u00adla\u00adtoren (Bild 4). Dadurch wird beispiels\u00adweise in gro\u00dfen K\u00fchl\u00adh\u00e4u\u00adsern eine gleich\u00adm\u00e4\u00ad\u00dfige K\u00e4lte\u00adver\u00adtei\u00adlung erreicht und man kommt even\u00adtuell mit weniger Venti\u00adla\u00adtoren aus.<\/p>\n<h2>Anwen\u00addungs\u00adge\u00adrechte Konstruk\u00adti\u00adons\u00adde\u00adtails<\/h2>\n<div id=\"attachment_23890\" class=\"wp-caption alignright\" style=\"width: 450px\"><img loading=\"lazy\" decoding=\"async\" class=\"size-article-450 wp-image-23890\" src=\"https:\/\/ebmpapst-7237.kxcdn.com\/de\/files\/2021\/05\/Bild_4_AxiEco_Perform_Wurfweite-450x396.jpg\" alt width=\"450\" height=\"396\" srcset=\"https:\/\/ebmpapst-7237.kxcdn.com\/de\/files\/2021\/05\/Bild_4_AxiEco_Perform_Wurfweite-450x396.jpg 450w, https:\/\/ebmpapst-7237.kxcdn.com\/de\/files\/2021\/05\/Bild_4_AxiEco_Perform_Wurfweite-660x580.jpg 660w, https:\/\/ebmpapst-7237.kxcdn.com\/de\/files\/2021\/05\/Bild_4_AxiEco_Perform_Wurfweite-960x844.jpg 960w, https:\/\/ebmpapst-7237.kxcdn.com\/de\/files\/2021\/05\/Bild_4_AxiEco_Perform_Wurfweite-260x229.jpg 260w, https:\/\/ebmpapst-7237.kxcdn.com\/de\/files\/2021\/05\/Bild_4_AxiEco_Perform_Wurfweite-768x675.jpg 768w, https:\/\/ebmpapst-7237.kxcdn.com\/de\/files\/2021\/05\/Bild_4_AxiEco_Perform_Wurfweite-300x264.jpg 300w, https:\/\/ebmpapst-7237.kxcdn.com\/de\/files\/2021\/05\/Bild_4_AxiEco_Perform_Wurfweite.jpg 1024w\" sizes=\"auto, (max-width: 450px) 100vw, 450px\"><div class=\"wp-caption-border\"><p class=\"wp-caption-text\">Bild 4: Die Wurf\u00adweite beim AxiEco Perform ist deut\u00adlich besser im Vergleich zum HyBlade (Grafik| ebm-papst)<\/p><\/div><\/div>\n<p>F\u00fcr dr\u00fcckende Anwen\u00addungen l\u00e4sst sich auf der Saug\u00adseite des Geh\u00e4uses ein optio\u00adnales Schutz\u00adgitter befes\u00adtigen. Werden die Venti\u00adla\u00adtoren bei Verdamp\u00adfern einge\u00adsetzt, kann ein Luft\u00adsack, der beim Abtauen und abge\u00adschal\u00adtetem Venti\u00adlator die Luft\u00adaus\u00adtritts\u00ad\u00f6ff\u00adnung verschlie\u00dft, einfach montiert werden. Er wird mit dem \u00fcbli\u00adchen Spann\u00adband am zylin\u00adder\u00adf\u00f6r\u00admigen Geh\u00e4use fixiert.<\/p>\n<p>Durch den Luft\u00adsack wird die Stau\u00adw\u00e4rme w\u00e4hrend des Abtau\u00adpro\u00adzesses im Verdamp\u00adfer\u00adge\u00adh\u00e4use gehalten. Das redu\u00adziert die Abtau\u00adzeit deut\u00adlich und erm\u00f6g\u00adlicht eine nied\u00adrige Abtau\u00adend\u00adtem\u00adpe\u00adratur, was zu einer erheb\u00adli\u00adchen Ener\u00adgie\u00adein\u00adspa\u00adrung f\u00fchrt.<\/p>\n<p>Das Str\u00f6\u00admungs\u00adprofil am Austritt des Venti\u00adla\u00adtors AxiEco Perform f\u00fchrt dazu, dass das inte\u00adgrierte Schutz\u00adgitter nicht so schnell vereist, da selbst bei hohen Gegen\u00addr\u00fc\u00adcken keine R\u00fcck\u00adstr\u00f6\u00admung auftritt. Zus\u00e4tz\u00adlich wurde das Laufrad mit dem Schleu\u00adder\u00adring aus wider\u00adstands\u00adf\u00e4\u00adhigem Verbund\u00adwerk\u00adstoff gefer\u00adtigt, einem Mate\u00adrial, an dem von vorn\u00adherein wenig Eisan\u00adsatz entsteht. Rillen auf der R\u00fcck\u00adseite der Venti\u00adla\u00adtor\u00adschau\u00adfeln sorgen einer\u00adseits f\u00fcr die n\u00f6tige mecha\u00adni\u00adsche Festig\u00adkeit, um die hohen Lauf\u00adrad\u00addreh\u00adzahlen f\u00fcr die beacht\u00adli\u00adchen Dr\u00fccke zu errei\u00adchen. Ande\u00adrer\u00adseits sorgen sie bei Anwen\u00addungen, bei denen der Venti\u00adlator mit verti\u00adkaler Motor\u00adwelle einge\u00adbaut ist daf\u00fcr, dass even\u00adtuell vorhan\u00addenes Wasser problemlos ablaufen kann.<\/p>\n<div id=\"attachment_23882\" class=\"wp-caption aligncenter\" style=\"width: 660px\"><img loading=\"lazy\" decoding=\"async\" class=\"wp-image-23882 size-medium\" src=\"https:\/\/ebmpapst-7237.kxcdn.com\/de\/files\/2021\/05\/Bild_5_AxiEco_Perform_Einbaumoeglichkeiten-660x400.jpg\" alt width=\"660\" height=\"400\" srcset=\"https:\/\/ebmpapst-7237.kxcdn.com\/de\/files\/2021\/05\/Bild_5_AxiEco_Perform_Einbaumoeglichkeiten-660x400.jpg 660w, https:\/\/ebmpapst-7237.kxcdn.com\/de\/files\/2021\/05\/Bild_5_AxiEco_Perform_Einbaumoeglichkeiten-960x581.jpg 960w, https:\/\/ebmpapst-7237.kxcdn.com\/de\/files\/2021\/05\/Bild_5_AxiEco_Perform_Einbaumoeglichkeiten-260x157.jpg 260w, https:\/\/ebmpapst-7237.kxcdn.com\/de\/files\/2021\/05\/Bild_5_AxiEco_Perform_Einbaumoeglichkeiten-768x465.jpg 768w, https:\/\/ebmpapst-7237.kxcdn.com\/de\/files\/2021\/05\/Bild_5_AxiEco_Perform_Einbaumoeglichkeiten-450x272.jpg 450w, https:\/\/ebmpapst-7237.kxcdn.com\/de\/files\/2021\/05\/Bild_5_AxiEco_Perform_Einbaumoeglichkeiten-300x182.jpg 300w, https:\/\/ebmpapst-7237.kxcdn.com\/de\/files\/2021\/05\/Bild_5_AxiEco_Perform_Einbaumoeglichkeiten.jpg 1024w\" sizes=\"auto, (max-width: 660px) 100vw, 660px\"><div class=\"wp-caption-border\"><p class=\"wp-caption-text\">Bild 5: Variable Monta\u00adge\u00adm\u00f6g\u00adlich\u00adkeiten bei saugendem und dr\u00fcckendem Betrieb. (Grafik| ebm-papst)<\/p><\/div><\/div>\n<h2>Variable Monta\u00adge\u00adm\u00f6g\u00adlich\u00adkeiten und bedarfs\u00adge\u00adrechte Rege\u00adlung<\/h2>\n<p>Die durch\u00addachte Geh\u00e4u\u00adse\u00adkon\u00adstruk\u00adtion verein\u00adfacht die Montage und bietet unter\u00adschied\u00adliche M\u00f6glich\u00adkeiten (Bild 5). Bei saugendem Betrieb lassen sich die Venti\u00adla\u00adtoren beispiels\u00adweise \u201eon top\u201c, also auf dem Kunden\u00adger\u00e4t, oder \u201esemi top\u201c (ins Ger\u00e4t eintau\u00adchend) einbauen. F\u00fcr dr\u00fcckenden Betrieb wird die komplette Venti\u00adla\u00adtor\u00adein\u00adheit mit Hilfe des Mittel\u00adflan\u00adsches einfach anders\u00adherum im Kunden\u00adger\u00e4t einge\u00adbaut und mit dem saug\u00adsei\u00adtigen Schutz\u00adgitter versehen. Beim Einsatz in L\u00fcftungs\u00adrohren erleich\u00adtert der Mittel\u00adflansch die Montage direkt am Rohr\u00adsystem. Die Venti\u00adla\u00adtoren lassen sich dadurch gut in luft\u00adtech\u00adni\u00adsche Anwen\u00addungen inte\u00adgrieren.<\/p>\n<div id=\"attachment_23884\" class=\"wp-caption aligncenter\" style=\"width: 660px\"><img loading=\"lazy\" decoding=\"async\" class=\"wp-image-23884 size-medium\" src=\"https:\/\/ebmpapst-7237.kxcdn.com\/de\/files\/2021\/05\/Bild_6_Kennlinienschar-AxiEco-Perform-660x342.jpg\" alt width=\"660\" height=\"342\" srcset=\"https:\/\/ebmpapst-7237.kxcdn.com\/de\/files\/2021\/05\/Bild_6_Kennlinienschar-AxiEco-Perform-660x342.jpg 660w, https:\/\/ebmpapst-7237.kxcdn.com\/de\/files\/2021\/05\/Bild_6_Kennlinienschar-AxiEco-Perform-960x497.jpg 960w, https:\/\/ebmpapst-7237.kxcdn.com\/de\/files\/2021\/05\/Bild_6_Kennlinienschar-AxiEco-Perform-260x135.jpg 260w, https:\/\/ebmpapst-7237.kxcdn.com\/de\/files\/2021\/05\/Bild_6_Kennlinienschar-AxiEco-Perform-768x398.jpg 768w, https:\/\/ebmpapst-7237.kxcdn.com\/de\/files\/2021\/05\/Bild_6_Kennlinienschar-AxiEco-Perform-450x233.jpg 450w, https:\/\/ebmpapst-7237.kxcdn.com\/de\/files\/2021\/05\/Bild_6_Kennlinienschar-AxiEco-Perform-300x155.jpg 300w, https:\/\/ebmpapst-7237.kxcdn.com\/de\/files\/2021\/05\/Bild_6_Kennlinienschar-AxiEco-Perform.jpg 1024w\" sizes=\"auto, (max-width: 660px) 100vw, 660px\"><div class=\"wp-caption-border\"><p class=\"wp-caption-text\">Bild 6: Die Venti\u00adla\u00adtoren gibt es in den Baugr\u00f6\u00dfen 300, 350, 400, 450 und 500 sowohl in EC- als auch in AC-Ausf\u00fch\u00adrung. Mit Volu\u00admen\u00adstr\u00f6men bis zu 12.000 m\u00b3\/h und Dr\u00fccken bis knapp 500 Pa eignen sie sich f\u00fcr viele Anwen\u00addungen in der K\u00e4lte-, Klima- und Luft\u00adtechnik sowie im Maschi\u00adnenbau. (Grafik| ebm-papst)<\/p><\/div><\/div>\n<p>Die neuen AxiEco Perform Venti\u00adla\u00adtoren erf\u00fcllen unab\u00adh\u00e4ngig von der einge\u00adsetzten Moto\u00adren\u00adtech\u00adno\u00adlogie die Anfor\u00adde\u00adrungen der n\u00e4chsten ErP-Stufe, aller\u00addings bieten die Venti\u00adla\u00adtoren mit EC-Motoren noch viele weitere Vorteile. Im Vergleich zu AC-Motoren arbeiten EC-Motoren mit deut\u00adlich besseren Wirkungs\u00adgraden. Es entsteht weniger Abw\u00e4rme, ein wich\u00adtiger Vorteil bei K\u00fchl\u00adan\u00adwen\u00addungen. Zudem ist eine bedarfs\u00adge\u00adrechte Steue\u00adrung und \u00dcber\u00adwa\u00adchung der Venti\u00adla\u00adtoren \u00fcber ein 0-10 V-Signal oder MODBUS m\u00f6glich. Dadurch arbeiten die EC-Venti\u00adla\u00adtoren gerade im Teil\u00adlast\u00adbe\u00adreich sehr effi\u00adzient und der Ener\u00adgie\u00adver\u00adbrauch wird deut\u00adlich redu\u00adziert. Indi\u00advi\u00addu\u00adelle Anpas\u00adsungen bei beson\u00adderen K\u00fchl\u00adan\u00adfor\u00adde\u00adrungen werden dadurch erleich\u00adtert.<\/p>\n<p>Typi\u00adsche Beispiele hierf\u00fcr sind Reife\u00adpro\u00adzesse bei der Lage\u00adrung von K\u00e4se, empfind\u00adli\u00adchem Obst oder Gem\u00fcse, oder abwei\u00adchender Tag- und Nacht\u00adbe\u00adtrieb. In der L\u00fcftungs\u00adtechnik lassen sich hier\u00addurch bedarfs\u00adab\u00adh\u00e4n\u00adgige Volu\u00admen\u00adstr\u00f6me einfach einstellen. Dar\u00fcber hinaus erm\u00f6g\u00adli\u00adchen die hohen Dreh\u00adzahlen der EC-Motoren weitaus h\u00f6here Luft\u00adleis\u00adtungen, die bei vielen Indus\u00adtrie\u00adan\u00adwen\u00addungen sehr will\u00adkommen sind (Bild 6).<\/p>\n","protected":false},"excerpt":{"rendered":"<p>Bereits Anfang 2020 hat ebm-papst die AxiEco Protect Axial\u00adven\u00adti\u00adla\u00adtoren mit Schutz\u00adgitter vorge\u00adstellt, die hohen Gegen\u00addruck \u00fcber\u00adwinden. Jetzt geht der Venti\u00adla\u00ad\u00adtoren- und Moto\u00adren\u00adspe\u00adzia\u00adlist noch einen Schritt weiter und erg\u00e4nzt die bestehende AxiEco Baureihe um die AxiEco Perform (Bild 1). Einem Axial\u00adven\u00adti\u00adla\u00adtoren mit einem monta\u00adge\u00adfreund\u00adli\u00adchen Geh\u00e4use aus Verbund\u00adwerk\u00adstoff, bei denen Effi\u00adzienz und Druck\u00adsta\u00adbi\u00adlit\u00e4t noch weiter erh\u00f6ht wurden. [\u2026]<\/p>\n","protected":false},"author":12,"featured_media":0,"comment_status":"open","ping_status":"closed","sticky":false,"template":"","format":"standard","meta":{"_acf_changed":false,"wp_typography_post_enhancements_disabled":false,"footnotes":""},"categories":[91,8,15],"tags":[],"class_list":["post-23878","post","type-post","status-publish","format-standard","hentry","category-erp","category-kaelte-klima","category-ventilatoren"],"acf":[],"_links":{"self":[{"href":"https:\/\/mag.ebmpapst.com\/de\/wp-json\/wp\/v2\/posts\/23878","targetHints":{"allow":["GET"]}}],"collection":[{"href":"https:\/\/mag.ebmpapst.com\/de\/wp-json\/wp\/v2\/posts"}],"about":[{"href":"https:\/\/mag.ebmpapst.com\/de\/wp-json\/wp\/v2\/types\/post"}],"author":[{"embeddable":true,"href":"https:\/\/mag.ebmpapst.com\/de\/wp-json\/wp\/v2\/users\/12"}],"replies":[{"embeddable":true,"href":"https:\/\/mag.ebmpapst.com\/de\/wp-json\/wp\/v2\/comments?post=23878"}],"version-history":[{"count":11,"href":"https:\/\/mag.ebmpapst.com\/de\/wp-json\/wp\/v2\/posts\/23878\/revisions"}],"predecessor-version":[{"id":25986,"href":"https:\/\/mag.ebmpapst.com\/de\/wp-json\/wp\/v2\/posts\/23878\/revisions\/25986"}],"wp:attachment":[{"href":"https:\/\/mag.ebmpapst.com\/de\/wp-json\/wp\/v2\/media?parent=23878"}],"wp:term":[{"taxonomy":"category","embeddable":true,"href":"https:\/\/mag.ebmpapst.com\/de\/wp-json\/wp\/v2\/categories?post=23878"},{"taxonomy":"post_tag","embeddable":true,"href":"https:\/\/mag.ebmpapst.com\/de\/wp-json\/wp\/v2\/tags?post=23878"}],"curies":[{"name":"wp","href":"https:\/\/api.w.org\/{rel}","templated":true}]}}