{"id":23858,"date":"2021-05-18T08:58:59","date_gmt":"2021-05-18T06:58:59","guid":{"rendered":"https:\/\/mag.ebmpapst.com\/de\/?p=23858"},"modified":"2025-07-22T15:40:07","modified_gmt":"2025-07-22T13:40:07","slug":"luft-volumenstrom-bestimmen-und-regeln","status":"publish","type":"post","link":"https:\/\/mag.ebmpapst.com\/de\/branchen\/kaelte-klima\/luft-volumenstrom-bestimmen-und-regeln_23858\/","title":{"rendered":"Luft-Volu\u00admen\u00adstrom bestimmen und regeln"},"content":{"rendered":"<p>Die Rege\u00adlung des Volu\u00admen\u00adstroms auf einen vorge\u00adge\u00adbenen Soll\u00adwert bietet in vielen Anwen\u00addungen die M\u00f6glich\u00adkeit, den Ener\u00adgie\u00adver\u00adbrauch und die Ger\u00e4usch\u00ademis\u00adsionen wesent\u00adlich zu redu\u00adzieren (Bild 1). Zun\u00e4chst betrifft dies den Venti\u00adlator selbst; in vielen Anwen\u00addungen wie z. B. RLT-Anlagen wirkt sich dies zudem positiv auf den Ener\u00adgie\u00adbe\u00addarf anderer Anla\u00adgen\u00adkom\u00adpo\u00adnenten wie Erhitzer, K\u00fchler oder Befeuchter aus. Dar\u00fcber hinaus sind oft anwen\u00addungs\u00adspe\u00adzi\u00adfi\u00adsche und regio\u00adnale gesetz\u00adliche Vorgaben einzu\u00adhalten, z. B. bei der Bel\u00fcf\u00adtung von Wohn\u00adge\u00adb\u00e4uden.<\/p>\n<div id=\"attachment_23861\" class=\"wp-caption aligncenter\" style=\"width: 660px\"><img loading=\"lazy\" decoding=\"async\" class=\"size-medium wp-image-23861\" src=\"https:\/\/ebmpapst-7237.kxcdn.com\/de\/files\/2021\/05\/Bild-1-Anpassung-Volumenstrom-per-Drehzahlregelung-Ventilator-660x317.jpg\" alt width=\"660\" height=\"317\" srcset=\"https:\/\/ebmpapst-7237.kxcdn.com\/de\/files\/2021\/05\/Bild-1-Anpassung-Volumenstrom-per-Drehzahlregelung-Ventilator-660x317.jpg 660w, https:\/\/ebmpapst-7237.kxcdn.com\/de\/files\/2021\/05\/Bild-1-Anpassung-Volumenstrom-per-Drehzahlregelung-Ventilator-960x461.jpg 960w, https:\/\/ebmpapst-7237.kxcdn.com\/de\/files\/2021\/05\/Bild-1-Anpassung-Volumenstrom-per-Drehzahlregelung-Ventilator-260x125.jpg 260w, https:\/\/ebmpapst-7237.kxcdn.com\/de\/files\/2021\/05\/Bild-1-Anpassung-Volumenstrom-per-Drehzahlregelung-Ventilator-768x369.jpg 768w, https:\/\/ebmpapst-7237.kxcdn.com\/de\/files\/2021\/05\/Bild-1-Anpassung-Volumenstrom-per-Drehzahlregelung-Ventilator-450x216.jpg 450w, https:\/\/ebmpapst-7237.kxcdn.com\/de\/files\/2021\/05\/Bild-1-Anpassung-Volumenstrom-per-Drehzahlregelung-Ventilator-300x144.jpg 300w, https:\/\/ebmpapst-7237.kxcdn.com\/de\/files\/2021\/05\/Bild-1-Anpassung-Volumenstrom-per-Drehzahlregelung-Ventilator.jpg 1024w\" sizes=\"auto, (max-width: 660px) 100vw, 660px\"><div class=\"wp-caption-border\"><p class=\"wp-caption-text\">Bild 1: Die bedarfs\u00adge\u00adrechte Anpas\u00adsung des Volu\u00admen\u00adstroms erm\u00f6g\u00adlicht eine deut\u00adliche Ener\u00adgie\u00adein\u00adspa\u00adrung und Ger\u00e4usch\u00adre\u00adduk\u00adtion. (Foto: ebm-papst)<\/p><\/div><\/div>\n<h2>Vorgaben bei Wohn\u00adge\u00adb\u00e4uden<\/h2>\n<p>F\u00fcr Abluft\u00adven\u00adti\u00adla\u00adtoren in fens\u00adter\u00adlosen B\u00e4dern und Toiletten gilt beispiels\u00adweise die DIN 18017-3. Nach dieser darf sich der Abluft\u00advo\u00adlu\u00admen\u00adstrom bei einer Druck\u00addif\u00adfe\u00adrenz von +\/-40 Pa bzw. +\/-60 Pa um maximal 15 % \u00e4ndern. Bei Einzel\u00adl\u00fcf\u00adtungs\u00adan\u00adlagen mit gemein\u00adsamer Abluft\u00adlei\u00adtung ist eine Verrin\u00adge\u00adrung des Abluft\u00advo\u00adlu\u00admen\u00adstroms des untersten Ger\u00e4ts bei Betrieb aller Ger\u00e4te um h\u00f6chs\u00adtens 10 % erlaubt. Damit soll sicher\u00adge\u00adstellt werden, dass sich der Abluft\u00advo\u00adlu\u00admen\u00adstrom bei \u00e4u\u00dferen Wind\u00adlasten, die auf die Geb\u00e4u\u00adde\u00adh\u00fclle wirken, m\u00f6glichst wenig \u00e4ndert.<\/p>\n<p>\u00c4hnliche gesetz\u00adliche Vorgaben gibt es f\u00fcr die dezen\u00adtrale L\u00fcftung einzelner R\u00e4ume oder f\u00fcr zentrale Wohnungs\u00adl\u00fcf\u00adtungs\u00adge\u00adr\u00e4te mit W\u00e4rme\u00adr\u00fcck\u00adge\u00adwin\u00adnung (WRG). Bei dezen\u00adtralen Systemen greift die DIN EN 13141-8. Hier sind die Ger\u00e4te abh\u00e4ngig von der sich einstel\u00adlenden \u00c4nde\u00adrung des Volu\u00admen\u00adstroms bei einer Druck\u00addif\u00adfe\u00adrenz von +\/-20 Pa in drei G\u00fcte\u00adklassen unter\u00adteilt (Bild 2).<\/p>\n<div id=\"attachment_23862\" class=\"wp-caption aligncenter\" style=\"width: 660px\"><img loading=\"lazy\" decoding=\"async\" class=\"size-medium wp-image-23862\" src=\"https:\/\/ebmpapst-7237.kxcdn.com\/de\/files\/2021\/05\/Bild-2-Vorgaben-Lueftungssysteme-660x378.jpg\" alt width=\"660\" height=\"378\" srcset=\"https:\/\/ebmpapst-7237.kxcdn.com\/de\/files\/2021\/05\/Bild-2-Vorgaben-Lueftungssysteme-660x378.jpg 660w, https:\/\/ebmpapst-7237.kxcdn.com\/de\/files\/2021\/05\/Bild-2-Vorgaben-Lueftungssysteme-960x550.jpg 960w, https:\/\/ebmpapst-7237.kxcdn.com\/de\/files\/2021\/05\/Bild-2-Vorgaben-Lueftungssysteme-260x149.jpg 260w, https:\/\/ebmpapst-7237.kxcdn.com\/de\/files\/2021\/05\/Bild-2-Vorgaben-Lueftungssysteme-768x440.jpg 768w, https:\/\/ebmpapst-7237.kxcdn.com\/de\/files\/2021\/05\/Bild-2-Vorgaben-Lueftungssysteme-450x258.jpg 450w, https:\/\/ebmpapst-7237.kxcdn.com\/de\/files\/2021\/05\/Bild-2-Vorgaben-Lueftungssysteme-300x172.jpg 300w, https:\/\/ebmpapst-7237.kxcdn.com\/de\/files\/2021\/05\/Bild-2-Vorgaben-Lueftungssysteme.jpg 1024w\" sizes=\"auto, (max-width: 660px) 100vw, 660px\"><div class=\"wp-caption-border\"><p class=\"wp-caption-text\">Bild 2: Vorgaben der DIN EN 13141-8 f\u00fcr dezen\u00adtrale L\u00fcftungs\u00adsys\u00adteme mit WRG. (Foto: ebm-papst)<\/p><\/div><\/div>\n<p>Bei zentralen L\u00fcftungs\u00adsys\u00adtemen muss der Abluft-Volu\u00admen\u00adstrom gem\u00e4\u00df der DIBT-Zulas\u00adsung (Deut\u00adsches Institut f\u00fcr Bautechnik) stets h\u00f6her sein als der Zuluft-Volu\u00admen\u00adstrom; der Abluft\u00ad\u00fcber\u00adschuss darf aber maximal 10 % betragen. Zufrie\u00adden\u00adstel\u00adlende Werte lassen sich hier nur errei\u00adchen, wenn der Volu\u00admen\u00adstrom der einge\u00adsetzten Venti\u00adla\u00adtoren in der Anwen\u00addung genau bestimmt und \u00fcber eine Anpas\u00adsung der Dreh\u00adzahl bedarfs\u00adge\u00adrecht gere\u00adgelt werden kann.<\/p>\n<h2>Methoden im Vergleich<\/h2>\n<p>Grund\u00ads\u00e4tz\u00adlich gibt es verschie\u00addenste physi\u00adka\u00adli\u00adsche Mess\u00adver\u00adfahren, um einen Volumen- oder Massen\u00addurch\u00adfluss zu bestimmen; aller\u00addings sind nicht alle f\u00fcr Gase und somit f\u00fcr Venti\u00adla\u00adtoren geeignet. Magne\u00adtisch-induk\u00adtive Mess\u00adver\u00adfahren oder solche, die auf der Corio\u00adlis\u00adkraft basieren, scheiden beispiels\u00adweise aus, da sie entweder nur bei elek\u00adtrisch leit\u00adf\u00e4\u00adhigen Medien funk\u00adtio\u00adnieren bzw. die entste\u00adhenden Kr\u00e4fte bei Gasen viel zu klein sind. Massen\u00addurch\u00adfluss-Mess\u00adver\u00adfahren mit ther\u00admi\u00adschen Sensoren eignen sich zwar prin\u00adzi\u00adpiell f\u00fcr Venti\u00adla\u00adtoren, aller\u00addings nur unter Labor\u00adbe\u00addin\u00adgungen, da die d\u00fcnnen Mess\u00addr\u00e4hte sehr empfind\u00adlich sind.<\/p>\n<blockquote><p><span class=\"with-quotes\">Nicht alle Mess\u00adver\u00adfahren die m\u00f6glich sind, erweisen sich zwangs\u00adl\u00e4ufig als prak\u00adti\u00adkabel.<\/span><\/p><\/blockquote>\n<p>Andere Mess\u00adver\u00adfahren sind hoch\u00adgenau und robust, aber relativ teuer in der Umset\u00adzung und deshalb eher f\u00fcr Pr\u00fcf\u00adst\u00e4nde geeignet. Bei einem Ultra\u00adschall-Durch\u00adfluss\u00admesser erfassen zwei versetzt ange\u00adord\u00adnete Detek\u00adtoren die zur mitt\u00adleren Flie\u00df\u00adge\u00adschwin\u00addig\u00adkeit propor\u00adtio\u00adnale Lauf\u00adzeit\u00addif\u00adfe\u00adrenz zweier Ultra\u00adschall\u00adwellen (Bild 3 links).<\/p>\n<p>Alter\u00adnativ k\u00f6nnen Str\u00f6\u00admungs\u00adge\u00adschwin\u00addig\u00adkeiten mit einem Fl\u00fcgelrad-Anemo\u00admeter oder nach dem Vortex-Prinzip mit einem Wirbel\u00adge\u00adne\u00adrator erfasst werden (Bild 3 rechts). Bei einem Vortex-Gene\u00adrator wird die zur Str\u00f6\u00admungs\u00adge\u00adschwin\u00addig\u00adkeit propor\u00adtio\u00adnale Abl\u00f6\u00adse\u00adfre\u00adquenz der Wirbel detek\u00adtiert. Beim Anemo\u00admeter verhalten sich Dreh\u00adzahl und Volu\u00admen\u00adstrom propor\u00adtional.<\/p>\n<div id=\"attachment_23863\" class=\"wp-caption aligncenter\" style=\"width: 660px\"><img loading=\"lazy\" decoding=\"async\" class=\"size-medium wp-image-23863\" src=\"https:\/\/ebmpapst-7237.kxcdn.com\/de\/files\/2021\/05\/Bild-3-Volumenstrommessung-ultraschall-vs-vortex-wirbelgenerator-660x302.jpg\" alt width=\"660\" height=\"302\" srcset=\"https:\/\/ebmpapst-7237.kxcdn.com\/de\/files\/2021\/05\/Bild-3-Volumenstrommessung-ultraschall-vs-vortex-wirbelgenerator-660x302.jpg 660w, https:\/\/ebmpapst-7237.kxcdn.com\/de\/files\/2021\/05\/Bild-3-Volumenstrommessung-ultraschall-vs-vortex-wirbelgenerator-960x439.jpg 960w, https:\/\/ebmpapst-7237.kxcdn.com\/de\/files\/2021\/05\/Bild-3-Volumenstrommessung-ultraschall-vs-vortex-wirbelgenerator-260x119.jpg 260w, https:\/\/ebmpapst-7237.kxcdn.com\/de\/files\/2021\/05\/Bild-3-Volumenstrommessung-ultraschall-vs-vortex-wirbelgenerator-768x351.jpg 768w, https:\/\/ebmpapst-7237.kxcdn.com\/de\/files\/2021\/05\/Bild-3-Volumenstrommessung-ultraschall-vs-vortex-wirbelgenerator-450x206.jpg 450w, https:\/\/ebmpapst-7237.kxcdn.com\/de\/files\/2021\/05\/Bild-3-Volumenstrommessung-ultraschall-vs-vortex-wirbelgenerator-300x137.jpg 300w, https:\/\/ebmpapst-7237.kxcdn.com\/de\/files\/2021\/05\/Bild-3-Volumenstrommessung-ultraschall-vs-vortex-wirbelgenerator.jpg 1024w\" sizes=\"auto, (max-width: 660px) 100vw, 660px\"><div class=\"wp-caption-border\"><p class=\"wp-caption-text\">Bild 3: Links: Geschwin\u00addig\u00adkeits\u00admes\u00adsung mittels Ultra\u00adschall; rechts: Vortex-Wirbel\u00adge\u00adne\u00adrator. (Foto: ebm-papst)<\/p><\/div><\/div>\n<h2>Was ist prak\u00adti\u00adkabel?<\/h2>\n<p>Was prin\u00adzi\u00adpiell m\u00f6glich ist, erweist sich nicht zwangs\u00adl\u00e4ufig als prak\u00adti\u00adkabel. So sind Geschwin\u00addig\u00adkeits\u00admes\u00adsungen in der Zu- oder Abstr\u00f6\u00admung eines Venti\u00adla\u00adtors zwar bei allen Venti\u00adla\u00adtor\u00adtypen anwendbar und die relativ kleinen Sensoren verur\u00adsa\u00adchen keine rele\u00advanten Druck\u00adver\u00adluste. Wesent\u00adliche Hemm\u00adnisse ergeben sich in vielen Anwen\u00addungen aber durch die Zusatz\u00adkosten f\u00fcr die Sensoren, deren Instal\u00adla\u00adtion sowie durch Alte\u00adrungs- oder Verschmut\u00adzungs\u00adef\u00adfekte.<\/p>\n<p>Zudem erfor\u00addern \u201elokal\u201c \u2013 also an einer Stelle \u2013 gemes\u00adsene Str\u00f6\u00admungs\u00adge\u00adschwin\u00addig\u00adkeiten zur Bestim\u00admung des Volu\u00admen\u00adstroms eine genaue Kenntnis der betriebs\u00adpunkt- oder instal\u00adla\u00adti\u00adons\u00adab\u00adh\u00e4n\u00adgigen Geschwin\u00addig\u00adkeits\u00adver\u00adtei\u00adlung in der durch\u00adstr\u00f6mten Quer\u00adschnitts\u00adfl\u00e4che oder eine entspre\u00adchende ger\u00e4\u00adte\u00adspe\u00adzi\u00adfi\u00adsche Kali\u00adbrie\u00adrung.<\/p>\n<blockquote><p><span class=\"with-quotes\">Die Mess\u00adge\u00adnau\u00adig\u00adkeit bei kleinen Volu\u00admen\u00adstr\u00f6men wird bei Diffe\u00adrenz- und Wirk\u00addruck-Verfahren sehr stark redu\u00adziert.<\/span><\/p><\/blockquote>\n<p>Demge\u00adgen\u00ad\u00fcber findet man Volu\u00admen\u00adstrom\u00adre\u00adge\u00adlungen, die auf der Messung des Diffe\u00adrenz- oder Wirk\u00addrucks basieren, heute relativ h\u00e4ufig in RLT-Anlagen oder L\u00fcftungs\u00adge\u00adr\u00e4ten (Bild 4). Auch hier wird ein Sensor zur Druck\u00admes\u00adsung ben\u00f6\u00adtigt. Die Mess\u00adstellen k\u00f6nnen jedoch in vielen F\u00e4llen so appli\u00adziert werden, dass keine rein lokale Geschwin\u00addig\u00adkeits\u00admes\u00adsung erfolgt, sondern \u00fcber das Druck\u00adsi\u00adgnal wenigs\u00adtens ann\u00e4\u00adhernd eine \u201einte\u00adgrale\u201c Messung des Volu\u00admen\u00adstroms m\u00f6glich ist.<\/p>\n<p>Zudem entstehen in der Regel keine zus\u00e4tz\u00adli\u00adchen Druck\u00adver\u00adluste und die Verfahren sind relativ unab\u00adh\u00e4ngig von der Zu- und Abstr\u00f6\u00admung und vom Betriebs\u00adpunkt. Gr\u00f6\u00dfter Nach\u00adteil der Diffe\u00adrenz- und Wirk\u00addruck-Verfahren ist, dass die Mess\u00adge\u00adnau\u00adig\u00adkeit bei kleinen Volu\u00admen\u00adstr\u00f6men durch den quadra\u00adti\u00adschen Zusam\u00admen\u00adhang zwischen Volu\u00admen\u00adstrom und Druck sehr stark redu\u00adziert wird. Dazu kommen anwen\u00addungs\u00adspe\u00adzi\u00adfi\u00adsche Schwie\u00adrig\u00adkeiten: Nutzt man z. B. in einem Wohnungs\u00adl\u00fcf\u00adtungs\u00adger\u00e4t die Druck\u00addif\u00adfe\u00adrenz \u00fcber einen W\u00e4rme\u00adtau\u00adscher oder Filter, h\u00e4ngt das Mess\u00adsi\u00adgnal stark von Verschmut\u00adzungen und Bypass\u00adstr\u00f6men ab.<\/p>\n<div id=\"attachment_23864\" class=\"wp-caption aligncenter\" style=\"width: 660px\"><img loading=\"lazy\" decoding=\"async\" class=\"size-medium wp-image-23864\" src=\"https:\/\/ebmpapst-7237.kxcdn.com\/de\/files\/2021\/05\/Bild-4-RLT-Wohnungslueftungsgeraet-Volumenstrom-660x257.jpg\" alt width=\"660\" height=\"257\" srcset=\"https:\/\/ebmpapst-7237.kxcdn.com\/de\/files\/2021\/05\/Bild-4-RLT-Wohnungslueftungsgeraet-Volumenstrom-660x257.jpg 660w, https:\/\/ebmpapst-7237.kxcdn.com\/de\/files\/2021\/05\/Bild-4-RLT-Wohnungslueftungsgeraet-Volumenstrom-960x374.jpg 960w, https:\/\/ebmpapst-7237.kxcdn.com\/de\/files\/2021\/05\/Bild-4-RLT-Wohnungslueftungsgeraet-Volumenstrom-260x101.jpg 260w, https:\/\/ebmpapst-7237.kxcdn.com\/de\/files\/2021\/05\/Bild-4-RLT-Wohnungslueftungsgeraet-Volumenstrom-768x299.jpg 768w, https:\/\/ebmpapst-7237.kxcdn.com\/de\/files\/2021\/05\/Bild-4-RLT-Wohnungslueftungsgeraet-Volumenstrom-450x175.jpg 450w, https:\/\/ebmpapst-7237.kxcdn.com\/de\/files\/2021\/05\/Bild-4-RLT-Wohnungslueftungsgeraet-Volumenstrom-300x117.jpg 300w, https:\/\/ebmpapst-7237.kxcdn.com\/de\/files\/2021\/05\/Bild-4-RLT-Wohnungslueftungsgeraet-Volumenstrom.jpg 1024w\" sizes=\"auto, (max-width: 660px) 100vw, 660px\"><div class=\"wp-caption-border\"><p class=\"wp-caption-text\">Bild 4: Links: Wirk\u00addruck\u00admes\u00adsung an der Einlauf\u00add\u00fcse eines Radi\u00adal\u00adrades in einer RLT-Anlage; rechts: Diffe\u00adrenz\u00addruck\u00admes\u00adsung in einem Wohnungs\u00adl\u00fcf\u00adtungs\u00adger\u00e4t. (Foto: ebm-papst)<\/p><\/div><\/div>\n<h2>Sensorlos regeln<\/h2>\n<p>Besteht bei konstanter Dreh\u00adzahl ein eindeu\u00adtiger Zusam\u00admen\u00adhang zwischen Aufnah\u00adme\u00adleis\u00adtung und Volu\u00admen\u00adstrom, kann eine Betriebs\u00adpunkt\u00adbe\u00adstim\u00admung \u00fcber die Messung des Motor\u00adstroms und der Dreh\u00adzahl reali\u00adsiert werden. Diese Kenn\u00adli\u00adnien-Charak\u00adte\u00adristik findet man nur bei vorw\u00e4rts\u00adge\u00adkr\u00fcmmten Radi\u00adal\u00adlauf\u00adr\u00e4\u00addern. Bei elek\u00adtro\u00adnisch kommu\u00adtierten Gebl\u00e4sen spricht man in diesem Zusam\u00admen\u00adhang oft von \u201esensor\u00adloser\u201c Rege\u00adlung, weil nur interne Motor\u00adgr\u00f6\u00dfen verwendet werden und keine externen Druck- oder Geschwin\u00addig\u00adkeits-Sensoren erfor\u00adder\u00adlich sind.<\/p>\n<p>Verschie\u00addene ebm-papst Gebl\u00e4se nutzen zur Volu\u00admen\u00adkon\u00adstanz-Rege\u00adlung eine auf der Elek\u00adtronik inte\u00adgrierte sensor\u00adlose Rege\u00adlung (Bild 5). Diese greift zur Betriebs\u00adpunkt\u00adbe\u00adstim\u00admung auf ein gebl\u00e4se- und in manchen F\u00e4llen auch ger\u00e4\u00adte\u00adspe\u00adzi\u00adfi\u00adsches Kali\u00adbrier\u00adpo\u00adlynom zur\u00fcck. Der in erster N\u00e4he\u00adrung kubi\u00adsche Zusam\u00admen\u00adhang zwischen Aufnah\u00adme\u00adleis\u00adtung und Luft\u00adleis\u00adtung f\u00fchrt aller\u00addings auch bei diesem Ansatz bei kleinen Luft\u00adleis\u00adtungen zu stark anstei\u00adgenden Rege\u00adlun\u00adge\u00adnau\u00adig\u00adkeiten. Zudem bewirkt eine \u00c4nde\u00adrung der Luft\u00addichte einen Fehler bei der Volu\u00admen\u00adstrom\u00adbe\u00adstim\u00admung.<\/p>\n<div id=\"attachment_23865\" class=\"wp-caption aligncenter\" style=\"width: 660px\"><img loading=\"lazy\" decoding=\"async\" class=\"size-medium wp-image-23865\" src=\"https:\/\/ebmpapst-7237.kxcdn.com\/de\/files\/2021\/05\/Bild-5-Sensorlose-Volumenkonstanz-Regelung-vwgk-660x438.jpg\" alt width=\"660\" height=\"438\" srcset=\"https:\/\/ebmpapst-7237.kxcdn.com\/de\/files\/2021\/05\/Bild-5-Sensorlose-Volumenkonstanz-Regelung-vwgk-660x438.jpg 660w, https:\/\/ebmpapst-7237.kxcdn.com\/de\/files\/2021\/05\/Bild-5-Sensorlose-Volumenkonstanz-Regelung-vwgk-960x638.jpg 960w, https:\/\/ebmpapst-7237.kxcdn.com\/de\/files\/2021\/05\/Bild-5-Sensorlose-Volumenkonstanz-Regelung-vwgk-260x173.jpg 260w, https:\/\/ebmpapst-7237.kxcdn.com\/de\/files\/2021\/05\/Bild-5-Sensorlose-Volumenkonstanz-Regelung-vwgk-768x510.jpg 768w, https:\/\/ebmpapst-7237.kxcdn.com\/de\/files\/2021\/05\/Bild-5-Sensorlose-Volumenkonstanz-Regelung-vwgk-450x299.jpg 450w, https:\/\/ebmpapst-7237.kxcdn.com\/de\/files\/2021\/05\/Bild-5-Sensorlose-Volumenkonstanz-Regelung-vwgk-300x199.jpg 300w, https:\/\/ebmpapst-7237.kxcdn.com\/de\/files\/2021\/05\/Bild-5-Sensorlose-Volumenkonstanz-Regelung-vwgk.jpg 1024w\" sizes=\"auto, (max-width: 660px) 100vw, 660px\"><div class=\"wp-caption-border\"><p class=\"wp-caption-text\">Bild 5: Sensor\u00adlose Volu\u00admen\u00adkon\u00adstanz-Rege\u00adlung eines vorw\u00e4rts\u00adge\u00adkr\u00fcmmten ebm-papst Radi\u00adal\u00adven\u00adti\u00adla\u00adtors. (Foto: ebm-papst)<\/p><\/div><\/div>\n<h2>Effi\u00adzi\u00adente L\u00f6sung f\u00fcr r\u00fcck\u00adw\u00e4rts\u00adge\u00adkr\u00fcmmte Radi\u00adal\u00adven\u00adti\u00adla\u00adtoren<\/h2>\n<p>Bei r\u00fcck\u00adw\u00e4rts\u00adge\u00adkr\u00fcmmten Radi\u00adal\u00adven\u00adti\u00adla\u00adtoren ist aufgrund ihrer Kenn\u00adli\u00adni\u00aden\u00adcha\u00adrak\u00adte\u00adristik eine sensor\u00adlose Volu\u00admen\u00adstrom\u00adbe\u00adstim\u00admung nicht m\u00f6glich. F\u00fcr diese sehr effi\u00adzi\u00adente Venti\u00adla\u00adtor\u00adbauart haben die Str\u00f6\u00admungs\u00adspe\u00adzia\u00adlisten von ebm-papst eine einbau\u00adfer\u00adtige Plug &amp; Play L\u00f6sung entwi\u00adckelt: Ein im Ausblas\u00adstutzen des Spiral\u00adge\u00adh\u00e4uses posi\u00adtio\u00adniertes Fl\u00fcgelrad-Anemo\u00admeter (Bild 6). Es erfasst konti\u00adnu\u00adier\u00adlich den tats\u00e4ch\u00adli\u00adchen Volu\u00admen\u00adstrom ohne nennens\u00adwerte Druck\u00adver\u00adluste oder Zusatz\u00adge\u00adr\u00e4u\u00adsche zu erzeugen.<\/p>\n<p>Die Daten werden an die inte\u00adgrierte zentrale Steu\u00ader\u00adelek\u00adtronik des Venti\u00adla\u00adtors \u00fcber\u00admit\u00adtelt. Diese passt die Dreh\u00adzahl des EC-Motors dem gew\u00fcnschten Soll\u00adwert an und regelt die Luft\u00admenge des Gebl\u00e4ses unab\u00adh\u00e4ngig von Luft\u00addich\u00adte\u00adein\u00adfl\u00fcssen auf den vorge\u00adge\u00adbenen Soll\u00adwert.<\/p>\n<p>Da die Dreh\u00adzahl des Fl\u00fcgelrad-Anemo\u00adme\u00adters nicht mehr quadra\u00adtisch, sondern nur noch linear vom Volu\u00admen\u00adstrom abh\u00e4ngt, und die Dreh\u00adzahl des EC-Motors als zus\u00e4tz\u00adliche interne Korrek\u00adtur\u00adgr\u00f6\u00dfe verwendet wird, k\u00f6nnen auch bei kleinen Volu\u00admen\u00adstr\u00f6men noch sehr hohe Regel\u00adge\u00adnau\u00adig\u00adkeiten erreicht werden. Zudem wird die Betriebs\u00adpunkt\u00adbe\u00adstim\u00admung durch die Erfas\u00adsung des kompletten Volu\u00admen\u00adstroms kaum negativ von Einbau\u00adef\u00adfekten beein\u00adflusst.<\/p>\n<div id=\"attachment_23866\" class=\"wp-caption aligncenter\" style=\"width: 660px\"><img loading=\"lazy\" decoding=\"async\" class=\"size-medium wp-image-23866\" src=\"https:\/\/ebmpapst-7237.kxcdn.com\/de\/files\/2021\/05\/Bild-6-Volumenkonstanz-Regelung-ebm-papst-Radialventilator-660x300.jpg\" alt width=\"660\" height=\"300\" srcset=\"https:\/\/ebmpapst-7237.kxcdn.com\/de\/files\/2021\/05\/Bild-6-Volumenkonstanz-Regelung-ebm-papst-Radialventilator-660x300.jpg 660w, https:\/\/ebmpapst-7237.kxcdn.com\/de\/files\/2021\/05\/Bild-6-Volumenkonstanz-Regelung-ebm-papst-Radialventilator-960x436.jpg 960w, https:\/\/ebmpapst-7237.kxcdn.com\/de\/files\/2021\/05\/Bild-6-Volumenkonstanz-Regelung-ebm-papst-Radialventilator-260x118.jpg 260w, https:\/\/ebmpapst-7237.kxcdn.com\/de\/files\/2021\/05\/Bild-6-Volumenkonstanz-Regelung-ebm-papst-Radialventilator-768x349.jpg 768w, https:\/\/ebmpapst-7237.kxcdn.com\/de\/files\/2021\/05\/Bild-6-Volumenkonstanz-Regelung-ebm-papst-Radialventilator-450x204.jpg 450w, https:\/\/ebmpapst-7237.kxcdn.com\/de\/files\/2021\/05\/Bild-6-Volumenkonstanz-Regelung-ebm-papst-Radialventilator-300x136.jpg 300w, https:\/\/ebmpapst-7237.kxcdn.com\/de\/files\/2021\/05\/Bild-6-Volumenkonstanz-Regelung-ebm-papst-Radialventilator.jpg 1024w\" sizes=\"auto, (max-width: 660px) 100vw, 660px\"><div class=\"wp-caption-border\"><p class=\"wp-caption-text\">Bild 6: Volu\u00admen\u00adkon\u00adstanz-Rege\u00adlung eines r\u00fcck\u00adw\u00e4rts\u00adge\u00adkr\u00fcmmten ebm-papst Radi\u00adal\u00adven\u00adti\u00adla\u00adtors mit Fl\u00fcgelrad-Anemo\u00admeter. (Foto: ebm-papst)<\/p><\/div><\/div>\n<p>Mit dieser sehr robusten und voll\u00adst\u00e4ndig inte\u00adgrierten Volu\u00admen\u00adkon\u00adstanz-Rege\u00adlung l\u00e4sst sich \u00fcber den kompletten Regel\u00adbe\u00adreich eine sehr genaue und effi\u00adzi\u00adente L\u00f6sung reali\u00adsieren. F\u00fcr Wohn\u00adraum\u00adl\u00fcf\u00adtungs\u00adge\u00adr\u00e4te bedeutet das z. B. ganz\u00adj\u00e4hrig ausge\u00adgli\u00adchene Zu- und Abluft\u00adstr\u00f6me. Zum einen l\u00e4sst sich dadurch die uner\u00adw\u00fcnschte Zufuhr kalter Au\u00dfen\u00adluft vermeiden, zum anderen l\u00e4sst sich damit verhin\u00addern, dass im Winter warme Raum\u00adluft \u00fcber Undich\u00adtig\u00adkeiten durch die Geb\u00e4u\u00adde\u00adh\u00fclle nach au\u00dfen str\u00f6mt, sich abk\u00fchlt und so in den Au\u00dfen\u00adw\u00e4nden Kondens\u00adwasser entsteht.<\/p>\n<p>Dabei entstehen durch das zus\u00e4tz\u00adliche Fl\u00fcgelrad weder Einbu\u00dfen bei der Luft\u00adleis\u00adtung noch st\u00f6rende Ger\u00e4u\u00adsche, sodass die Gesamt\u00adper\u00adfor\u00admance des Venti\u00adla\u00adtors unver\u00ad\u00e4n\u00addert bleibt. Auch Verschmut\u00adzungen sind kein Problem, wie Tests unter extremen Bedin\u00adgungen mit Staub und erh\u00f6hter Luft\u00adfeuch\u00adtig\u00adkeit bewiesen haben.<\/p>\n","protected":false},"excerpt":{"rendered":"<p>Die Rege\u00adlung des Volu\u00admen\u00adstroms auf einen vorge\u00adge\u00adbenen Soll\u00adwert bietet in vielen Anwen\u00addungen die M\u00f6glich\u00adkeit, den Ener\u00adgie\u00adver\u00adbrauch und die Ger\u00e4usch\u00ademis\u00adsionen wesent\u00adlich zu redu\u00adzieren (Bild 1). Zun\u00e4chst betrifft dies den Venti\u00adlator selbst; in vielen Anwen\u00addungen wie z. B. RLT-Anlagen wirkt sich dies zudem positiv auf den Ener\u00adgie\u00adbe\u00addarf anderer Anla\u00adgen\u00adkom\u00adpo\u00adnenten wie Erhitzer, K\u00fchler oder Befeuchter aus. Dar\u00fcber hinaus [\u2026]<\/p>\n","protected":false},"author":28,"featured_media":0,"comment_status":"open","ping_status":"closed","sticky":false,"template":"","format":"standard","meta":{"_acf_changed":false,"wp_typography_post_enhancements_disabled":false,"footnotes":""},"categories":[18,8,15],"tags":[],"class_list":["post-23858","post","type-post","status-publish","format-standard","hentry","category-geblaese","category-kaelte-klima","category-ventilatoren"],"acf":[],"_links":{"self":[{"href":"https:\/\/mag.ebmpapst.com\/de\/wp-json\/wp\/v2\/posts\/23858","targetHints":{"allow":["GET"]}}],"collection":[{"href":"https:\/\/mag.ebmpapst.com\/de\/wp-json\/wp\/v2\/posts"}],"about":[{"href":"https:\/\/mag.ebmpapst.com\/de\/wp-json\/wp\/v2\/types\/post"}],"author":[{"embeddable":true,"href":"https:\/\/mag.ebmpapst.com\/de\/wp-json\/wp\/v2\/users\/28"}],"replies":[{"embeddable":true,"href":"https:\/\/mag.ebmpapst.com\/de\/wp-json\/wp\/v2\/comments?post=23858"}],"version-history":[{"count":8,"href":"https:\/\/mag.ebmpapst.com\/de\/wp-json\/wp\/v2\/posts\/23858\/revisions"}],"predecessor-version":[{"id":38067,"href":"https:\/\/mag.ebmpapst.com\/de\/wp-json\/wp\/v2\/posts\/23858\/revisions\/38067"}],"wp:attachment":[{"href":"https:\/\/mag.ebmpapst.com\/de\/wp-json\/wp\/v2\/media?parent=23858"}],"wp:term":[{"taxonomy":"category","embeddable":true,"href":"https:\/\/mag.ebmpapst.com\/de\/wp-json\/wp\/v2\/categories?post=23858"},{"taxonomy":"post_tag","embeddable":true,"href":"https:\/\/mag.ebmpapst.com\/de\/wp-json\/wp\/v2\/tags?post=23858"}],"curies":[{"name":"wp","href":"https:\/\/api.w.org\/{rel}","templated":true}]}}