{"id":23409,"date":"2021-03-08T05:00:20","date_gmt":"2021-03-08T04:00:20","guid":{"rendered":"https:\/\/mag.ebmpapst.com\/de\/?p=23409"},"modified":"2025-11-11T14:28:51","modified_gmt":"2025-11-11T13:28:51","slug":"diaforce-diagonalluefter-kombiniert-axial-und-radial-in-einem-luefter","status":"publish","type":"post","link":"https:\/\/mag.ebmpapst.com\/de\/branchen\/elektronik\/diaforce-diagonalluefter-kombiniert-axial-und-radial-in-einem-luefter_23409\/","title":{"rendered":"\u201eAxial und radial in einem L\u00fcfter\u201c"},"content":{"rendered":"\n<h3 class=\"wp-block-heading\">Herr Stern, warum braucht es einen neuen Kompakt\u00adl\u00fcfter f\u00fcr die Elek\u00adtronik\u00adk\u00fch\u00adlung?<\/h3>\n\n\n\n<p>In Tele\u00adkom\u00admu\u00adni\u00adka\u00adtion und Auto\u00adma\u00adti\u00adsie\u00adrungs\u00adtechnik nimmt das Daten\u00advo\u00adlumen st\u00e4ndig zu. Die K\u00fchlung entspre\u00adchend leis\u00adtungs\u00adstarker Elek\u00adtro\u00adniken wird dabei zur echten Heraus\u00adfor\u00adde\u00adrung. Denn die Anzahl der Axial\u00adl\u00fcfter l\u00e4sst sich nicht einfach erh\u00f6hen. Dagegen spre\u00adchen der zur Verf\u00fc\u00adgung stehende Bauraum und die L\u00e4rm\u00adschutz\u00adan\u00adfor\u00adde\u00adrungen.<\/p>\n\n\n\n<div class=\"wp-block-group alignfull mgznkr-cta-retrofit-banner\"><div class=\"wp-block-group__inner-container is-layout-constrained wp-block-group-is-layout-constrained\">\n<style>\n.mgznkr-cta-retrofit-banner .alignwide.banner-width {\n  max-width: 100%;\n  width: 1240px;\n  margin: 0 auto;\n--mark-bgcolor: #00a633;\n--mark-color: white;\n}\n@media (max-width: 781px) {\n.mgznkr-cta-retrofit-banner .wp-block-cover .wp-block-cover__image-background {\nobject-position: 17% 50%!important;\n}\n\n.mgznkr-column-spacer p {display: none; }\n}\n@media (min-width: 782px) {\n.mgznkr-column-spacer p a {\n  min-height: 290px;\n  min-width: 100%;\n  display: block;\n  border-radius: 50px;\nfont-size: 0;\n}\n}\n\n.mgznkr-cta-retrofit-banner .wp-block-columns .wp-block-column:first-of-type{\n    position:relative;\n}\n.mgznkr-cta-retrofit-banner .wp-block-columns .wp-block-column:first-of-type::before {\n    content: \"\";\n    position: absolute;\n    width: 170%;\n    height: 100%;\n    background: #a2b91e;\n    z-index: 0;\n    top: 0;\n    left: 0;\n}\n.mgznkr-cta-retrofit-banner .wp-block-column{\n    z-index: 10;\n    &:first-of-type{\n        padding-left: 4rem;\n    }\n}\n.mgznkr-cta-retrofit-banner .wp-block-column *{\nposition: relative;\nz-index: 10;\n}\n.mgznkr-cta-retrofit-banner .wp-block-column figure.wp-block-image{\n    margin-bottom: 0;\n}\n@media (width < 782px){\n.mgznkr-cta-retrofit-banner .mgznkr-mobile-hidden{\ndisplay: none;\n}\n.mgznkr-cta-retrofit-banner .wp-block-columns .wp-block-column:first-of-type{\n  padding-right: 4rem;\n}\n.mgznkr-cta-retrofit-banner .wp-block-columns .wp-block-column:first-of-type::before {\n  width: 100%;\n}\n}\n\n<\/style>\n\n\n\n<div style=\"height:32px\" aria-hidden=\"true\" class=\"wp-block-spacer\"><\/div>\n\n\n\n<div class=\"wp-block-cover\" style=\"min-height:350px;aspect-ratio:unset;\"><img loading=\"lazy\" decoding=\"async\" width=\"960\" height=\"400\" class=\"wp-block-cover__image-background wp-image-38370 size-large\" alt src=\"https:\/\/ebmpapst-7237.kxcdn.com\/de\/files\/2025\/08\/L2A-Awareness-Campaign-960x400.webp\" data-object-fit=\"cover\" srcset=\"https:\/\/ebmpapst-7237.kxcdn.com\/de\/files\/2025\/08\/L2A-Awareness-Campaign-960x400.webp 960w, https:\/\/ebmpapst-7237.kxcdn.com\/de\/files\/2025\/08\/L2A-Awareness-Campaign-660x275.webp 660w, https:\/\/ebmpapst-7237.kxcdn.com\/de\/files\/2025\/08\/L2A-Awareness-Campaign-260x108.webp 260w, https:\/\/ebmpapst-7237.kxcdn.com\/de\/files\/2025\/08\/L2A-Awareness-Campaign-768x320.webp 768w, https:\/\/ebmpapst-7237.kxcdn.com\/de\/files\/2025\/08\/L2A-Awareness-Campaign-1536x640.webp 1536w, https:\/\/ebmpapst-7237.kxcdn.com\/de\/files\/2025\/08\/L2A-Awareness-Campaign-450x188.webp 450w, https:\/\/ebmpapst-7237.kxcdn.com\/de\/files\/2025\/08\/L2A-Awareness-Campaign-300x125.webp 300w, https:\/\/ebmpapst-7237.kxcdn.com\/de\/files\/2025\/08\/L2A-Awareness-Campaign.webp 1920w\" sizes=\"auto, (max-width: 960px) 100vw, 960px\"><span aria-hidden=\"true\" class=\"wp-block-cover__background has-background-dim-0 has-background-dim\" style=\"background-color:#e0e6e6\"><\/span><div class=\"wp-block-cover__inner-container is-layout-constrained wp-block-cover-is-layout-constrained\">\n<div class=\"wp-block-columns alignwide banner-width is-layout-flex wp-container-core-columns-is-layout-9d6595d7 wp-block-columns-is-layout-flex\">\n<div class=\"wp-block-column is-vertically-aligned-center is-layout-flow wp-block-column-is-layout-flow\" style=\"flex-basis:50%\">\n<h2 class=\"wp-block-heading mgznkr-click has-white-color has-text-color has-link-color wp-elements-362af95064a04990656ab0ffee238911\" id=\"retrofit-banner-head\" style=\"font-size:1.6em;text-transform:uppercase\"><a href=\"https:\/\/www.ebmpapst.com\/de\/de\/campaigns\/industry-campaigns\/data-center.html#cooling-solutions\" target=\"_blank\" rel=\"noreferrer noopener\">High Perfor\u00admance, Low Carbon:<\/a><\/h2>\n\n\n\n<div style=\"height:10px\" aria-hidden=\"true\" class=\"wp-block-spacer\"><\/div>\n\n\n\n<p>ebm-papst inter\u00adpre\u00adtiert die K\u00fchlung von Rechen-zentren neu. Unsere effi\u00adzi\u00adenten K\u00fchl\u00adl\u00f6\u00adsungen verbinden Ener\u00adgie\u00adef\u00adfi\u00adzienz mit hoher Leis\u00adtungs\u00addichte.<\/p>\n\n\n\n<div class=\"wp-block-buttons is-layout-flex wp-block-buttons-is-layout-flex\">\n<div class=\"wp-block-button is-style-fill mgznkr-click\" id=\"retrofit-banner-button\"><a class=\"wp-block-button__link has-background has-custom-font-size wp-element-button\" href=\"https:\/\/www.ebmpapst.com\/de\/de\/campaigns\/industry-campaigns\/data-center.html#cooling-solutions\" style=\"background-color:#0072bb;font-size:18px\" target=\"_blank\" rel=\"noreferrer noopener\">Jetzt zuver\u00adl\u00e4s\u00adsige K\u00fchlung sicher\u00adstellen <i class=\"mgznkr-icon fa fa-chevron-right fas\"><\/i><\/a><\/div>\n<\/div>\n<\/div>\n\n\n\n<div class=\"wp-block-column is-vertically-aligned-bottom mgznkr-column-spacer mgznkr-mobile-hidden is-layout-flow wp-block-column-is-layout-flow\" style=\"flex-basis:50%\">\n<figure class=\"wp-block-image size-full\"><img loading=\"lazy\" decoding=\"async\" width=\"2560\" height=\"1727\" src=\"https:\/\/ebmpapst-7237.kxcdn.com\/de\/files\/2025\/08\/L2A-Awareness-Campaign-00-scaled.webp\" alt class=\"wp-image-38386\" style=\"object-fit:cover\" srcset=\"https:\/\/ebmpapst-7237.kxcdn.com\/de\/files\/2025\/08\/L2A-Awareness-Campaign-00-scaled.webp 2560w, https:\/\/ebmpapst-7237.kxcdn.com\/de\/files\/2025\/08\/L2A-Awareness-Campaign-00-660x445.webp 660w, https:\/\/ebmpapst-7237.kxcdn.com\/de\/files\/2025\/08\/L2A-Awareness-Campaign-00-960x647.webp 960w, https:\/\/ebmpapst-7237.kxcdn.com\/de\/files\/2025\/08\/L2A-Awareness-Campaign-00-260x175.webp 260w, https:\/\/ebmpapst-7237.kxcdn.com\/de\/files\/2025\/08\/L2A-Awareness-Campaign-00-768x518.webp 768w, https:\/\/ebmpapst-7237.kxcdn.com\/de\/files\/2025\/08\/L2A-Awareness-Campaign-00-1536x1036.webp 1536w, https:\/\/ebmpapst-7237.kxcdn.com\/de\/files\/2025\/08\/L2A-Awareness-Campaign-00-2048x1381.webp 2048w, https:\/\/ebmpapst-7237.kxcdn.com\/de\/files\/2025\/08\/L2A-Awareness-Campaign-00-450x303.webp 450w, https:\/\/ebmpapst-7237.kxcdn.com\/de\/files\/2025\/08\/L2A-Awareness-Campaign-00-300x202.webp 300w\" sizes=\"auto, (max-width: 2560px) 100vw, 2560px\"><\/figure>\n<\/div>\n<\/div>\n<\/div><\/div>\n\n\n\n<div style=\"height:36px\" aria-hidden=\"true\" class=\"wp-block-spacer\"><\/div>\n<\/div><\/div>\n\n\n\n<h3 class=\"wp-block-heading\">Wie haben Sie dieses Problem gel\u00f6st?<\/h3>\n\n\n<div class=\"wp-block-image size-thumbnail wp-image-23415\">\n<figure class=\"alignright size-full is-resized\"><img loading=\"lazy\" decoding=\"async\" width=\"960\" height=\"960\" src=\"https:\/\/ebmpapst-7237.kxcdn.com\/de\/files\/2021\/02\/ebmpapst_christian-stern_diaforce.jpg\" alt class=\"wp-image-23415\" style=\"width:200px\" srcset=\"https:\/\/ebmpapst-7237.kxcdn.com\/de\/files\/2021\/02\/ebmpapst_christian-stern_diaforce.jpg 960w, https:\/\/ebmpapst-7237.kxcdn.com\/de\/files\/2021\/02\/ebmpapst_christian-stern_diaforce-660x660.jpg 660w, https:\/\/ebmpapst-7237.kxcdn.com\/de\/files\/2021\/02\/ebmpapst_christian-stern_diaforce-260x260.jpg 260w, https:\/\/ebmpapst-7237.kxcdn.com\/de\/files\/2021\/02\/ebmpapst_christian-stern_diaforce-768x768.jpg 768w, https:\/\/ebmpapst-7237.kxcdn.com\/de\/files\/2021\/02\/ebmpapst_christian-stern_diaforce-300x300.jpg 300w, https:\/\/ebmpapst-7237.kxcdn.com\/de\/files\/2021\/02\/ebmpapst_christian-stern_diaforce-450x450.jpg 450w\" sizes=\"auto, (max-width: 960px) 100vw, 960px\"><figcaption class=\"wp-element-caption\">Chris\u00adtian Stern, Product Manager bei ebm-papst in St.\u2009Georgen (Foto | ebm-papst)<\/figcaption><\/figure>\n<\/div>\n\n\n<p>Wir haben unsere inter\u00adna\u00adtio\u00adnale Entwick\u00adlungs\u00adkom\u00adpe\u00adtenz geb\u00fcn\u00addelt, um einen neuen Ansatz zu finden. In der engen Zusam\u00admen\u00adar\u00adbeit unserer Stand\u00adorte Mulfingen, St. Georgen und Schanghai ist ein neuer Diago\u00adnal\u00adl\u00fcfter entstanden, der den zuk\u00fcnf\u00adtigen Anfor\u00adde\u00adrungen entspricht und dessen Abmes\u00adsungen dabei denen einer konven\u00adtio\u00adnellen L\u00f6sung entspre\u00adchen: der DiaForce.<\/p>\n\n\n\n<h3 class=\"wp-block-heading\">Was ist das Neue am DiaForce?<\/h3>\n\n\n\n<p>Dass er von seiner Charak\u00adte\u00adristik her zwischen einem Axial- und einem Radi\u00adal\u00adven\u00adti\u00adlator liegt. Um das zu errei\u00adchen, haben wir das L\u00fcfterrad mit einer kegel\u00adf\u00f6r\u00admigen Deck\u00adscheibe versehen, die die Schau\u00adfel\u00adenden umschlie\u00dft. Es gibt keinen Kopf\u00adspalt mehr, der zu Druck\u00adge\u00adf\u00e4lle und Verwir\u00adbe\u00adlungen im Rand\u00adbe\u00adreich f\u00fchren w\u00fcrde. Weil die Austritts\u00ad\u00f6ff\u00adnung des L\u00fcfter\u00adrads gr\u00f6\u00dfer als die Ansaug\u00ad\u00f6ff\u00adnung ist, wird der L\u00fcfter sowohl in axialer als auch in radialer Rich\u00adtung durch\u00adstr\u00f6mt.<\/p>\n\n\n\n<blockquote class=\"wp-block-quote is-layout-flow wp-block-quote-is-layout-flow\">\n<p>\"Der DiaForce ist um sechs dB(A) leiser als ein konven\u00adtio\u00adneller Axial\u00adl\u00fcfter\u2009\u2014\u2009bei bis zu 50 Prozent h\u00f6herer Luft\u00adleis\u00adtung.\"<\/p>\n<\/blockquote>\n\n\n\n<h3 class=\"wp-block-heading\">Welche Vorteile bringt das?<\/h3>\n\n\n<div class=\"wp-block-image size-article-300 wp-image-23414\">\n<figure class=\"alignleft size-full is-resized\"><img loading=\"lazy\" decoding=\"async\" width=\"960\" height=\"960\" src=\"https:\/\/ebmpapst-7237.kxcdn.com\/de\/files\/2021\/02\/ebmpapst_diaforce_diagonalluefter_960.jpg\" alt class=\"wp-image-23414\" style=\"width:200px\" srcset=\"https:\/\/ebmpapst-7237.kxcdn.com\/de\/files\/2021\/02\/ebmpapst_diaforce_diagonalluefter_960.jpg 960w, https:\/\/ebmpapst-7237.kxcdn.com\/de\/files\/2021\/02\/ebmpapst_diaforce_diagonalluefter_960-660x660.jpg 660w, https:\/\/ebmpapst-7237.kxcdn.com\/de\/files\/2021\/02\/ebmpapst_diaforce_diagonalluefter_960-260x260.jpg 260w, https:\/\/ebmpapst-7237.kxcdn.com\/de\/files\/2021\/02\/ebmpapst_diaforce_diagonalluefter_960-768x768.jpg 768w, https:\/\/ebmpapst-7237.kxcdn.com\/de\/files\/2021\/02\/ebmpapst_diaforce_diagonalluefter_960-300x300.jpg 300w, https:\/\/ebmpapst-7237.kxcdn.com\/de\/files\/2021\/02\/ebmpapst_diaforce_diagonalluefter_960-450x450.jpg 450w\" sizes=\"auto, (max-width: 960px) 100vw, 960px\"><figcaption class=\"wp-element-caption\">Der Diago\u00adnal\u00adl\u00fcfter DiaForce vereint Eigen\u00adschaften von Axial- und Radi\u00adal\u00adl\u00fcf\u00adtern. (Foto | ebm-papst, Gernot Walter)<\/figcaption><\/figure>\n<\/div>\n\n\n<p>Diese Bauweise sorgt f\u00fcr einen hohen Druck\u00adaufbau. Zudem erm\u00f6g\u00adlicht sie eine deut\u00adlich gerin\u00adgere Ger\u00e4usch\u00adent\u00adwick\u00adlung. Denn dank den aero\u00addy\u00adna\u00admi\u00adschen Opti\u00admie\u00adrungen ist der DiaForce um sechs dB(A) leiser als ein konven\u00adtio\u00adneller Axial\u00adl\u00fcfter\u2009\u2014\u2009und das bei einer um bis zu 50 Prozent h\u00f6heren Luft\u00adleis\u00adtung. Die f\u00fcr den Einbau g\u00fcns\u00adti\u00adgere axiale Bauweise bleibt trotzdem erhalten.<\/p>\n\n\n\n<h3 class=\"wp-block-heading\">Welche Rolle spielt der Motor bei dieser Leis\u00adtungs\u00adstei\u00adge\u00adrung?<\/h3>\n\n\n\n<p>Der EC-Motor mit einer Leis\u00adtung von 500 Watt baut sehr kompakt und arbeitet mit hohem Wirkungs\u00adgrad. Dazu tr\u00e4gt vor allem seine Elek\u00adtronik bei: Ein leis\u00adtungs\u00adf\u00e4\u00adhiger Mikro\u00adcon\u00adtroller betreibt eine feld\u00adori\u00aden\u00adtierte Rege\u00adlung, die in allen Last\u00adbe\u00adrei\u00adchen f\u00fcr ein h\u00f6chst\u00adm\u00f6g\u00adli\u00adches Dreh\u00admo\u00adment sorgt und zudem Wirkungs\u00adgrad wie K\u00f6rper\u00adschall opti\u00admiert.<\/p>\n\n\n\n<h3 class=\"wp-block-heading\">Wie verh\u00e4lt es sich bei so viel Power mit der Lebens\u00addauer?<\/h3>\n\n\n\n<p>Sehr gut. Und noch besser ist, dass wir mit der optio\u00adnalen Funk\u00adtion FanCheck ein intel\u00adli\u00adgentes Wartungs\u00adkon\u00adzept anbieten. FanCheck berechnet stetig die statis\u00adti\u00adsche Lebens\u00addauer auf der Grund\u00adlage der tats\u00e4ch\u00adli\u00adchen Betriebs\u00adbe\u00addin\u00adgungen. So l\u00e4sst sich der Austausch kosten\u00adop\u00adti\u00admiert planen.<\/p>\n","protected":false},"excerpt":{"rendered":"<p>Herr Stern, warum braucht es einen neuen Kompakt\u00adl\u00fcfter f\u00fcr die Elek\u00adtronik\u00adk\u00fch\u00adlung? In Tele\u00adkom\u00admu\u00adni\u00adka\u00adtion und Auto\u00adma\u00adti\u00adsie\u00adrungs\u00adtechnik nimmt das Daten\u00advo\u00adlumen st\u00e4ndig zu. Die K\u00fchlung entspre\u00adchend leis\u00adtungs\u00adstarker Elek\u00adtro\u00adniken wird dabei zur echten Heraus\u00adfor\u00adde\u00adrung. Denn die Anzahl der Axial\u00adl\u00fcfter l\u00e4sst sich nicht einfach erh\u00f6hen. Dagegen spre\u00adchen der zur Verf\u00fc\u00adgung stehende Bauraum und die L\u00e4rm\u00adschutz\u00adan\u00adfor\u00adde\u00adrungen. Wie haben Sie dieses Problem [\u2026]<\/p>\n","protected":false},"author":6,"featured_media":0,"comment_status":"open","ping_status":"closed","sticky":false,"template":"","format":"standard","meta":{"_acf_changed":false,"wp_typography_post_enhancements_disabled":false,"footnotes":""},"categories":[5,154,14,15],"tags":[199],"class_list":["post-23409","post","type-post","status-publish","format-standard","hentry","category-elektronik","category-interview","category-telekommunikation","category-ventilatoren","tag-compactpower"],"acf":[],"_links":{"self":[{"href":"https:\/\/mag.ebmpapst.com\/de\/wp-json\/wp\/v2\/posts\/23409","targetHints":{"allow":["GET"]}}],"collection":[{"href":"https:\/\/mag.ebmpapst.com\/de\/wp-json\/wp\/v2\/posts"}],"about":[{"href":"https:\/\/mag.ebmpapst.com\/de\/wp-json\/wp\/v2\/types\/post"}],"author":[{"embeddable":true,"href":"https:\/\/mag.ebmpapst.com\/de\/wp-json\/wp\/v2\/users\/6"}],"replies":[{"embeddable":true,"href":"https:\/\/mag.ebmpapst.com\/de\/wp-json\/wp\/v2\/comments?post=23409"}],"version-history":[{"count":23,"href":"https:\/\/mag.ebmpapst.com\/de\/wp-json\/wp\/v2\/posts\/23409\/revisions"}],"predecessor-version":[{"id":39759,"href":"https:\/\/mag.ebmpapst.com\/de\/wp-json\/wp\/v2\/posts\/23409\/revisions\/39759"}],"wp:attachment":[{"href":"https:\/\/mag.ebmpapst.com\/de\/wp-json\/wp\/v2\/media?parent=23409"}],"wp:term":[{"taxonomy":"category","embeddable":true,"href":"https:\/\/mag.ebmpapst.com\/de\/wp-json\/wp\/v2\/categories?post=23409"},{"taxonomy":"post_tag","embeddable":true,"href":"https:\/\/mag.ebmpapst.com\/de\/wp-json\/wp\/v2\/tags?post=23409"}],"curies":[{"name":"wp","href":"https:\/\/api.w.org\/{rel}","templated":true}]}}