{"id":23331,"date":"2021-04-06T08:28:08","date_gmt":"2021-04-06T06:28:08","guid":{"rendered":"https:\/\/mag.ebmpapst.com\/de\/?p=23331"},"modified":"2025-11-11T14:33:13","modified_gmt":"2025-11-11T13:33:13","slug":"gewaechshaeuser-luftzufuhr-luftverteilung-effiziente-loesungen-ventilatoren-ebm-papst","status":"publish","type":"post","link":"https:\/\/mag.ebmpapst.com\/de\/branchen\/kaelte-klima\/gewaechshaeuser-luftzufuhr-luftverteilung-effiziente-loesungen-ventilatoren-ebm-papst_23331\/","title":{"rendered":"Gutes Klima f\u00fcr reiche Ernte"},"content":{"rendered":"<p>Im Super\u00admarkt gibt es l\u00e4ngst keine Jahres\u00adzeiten mehr: Tomaten, Paprika und Co. liegen unab\u00adh\u00e4ngig von der Saison ganz\u00adj\u00e4hrig frisch und knackig in der Gem\u00fc\u00adse\u00adab\u00adtei\u00adlung. M\u00f6glich machen dies auch Gew\u00e4chs\u00adh\u00e4user, die sogar im Winter sommer\u00adliche Bedin\u00adgungen schaffen. Das hat Vorteile f\u00fcr Konsu\u00admenten und Land\u00adwirte. Letz\u00adtere k\u00f6nnen mit Gew\u00e4chs\u00adh\u00e4u\u00adsern mehrere Ernten einfahren und au\u00dferdem so Risiken mini\u00admieren: Ernte\u00adaus\u00adf\u00e4lle durch Unwetter oder besch\u00e4\u00addigte Ware durch Hagel\u00adst\u00fcrme sind unter einem sch\u00fct\u00adzenden Dach kein Thema. Prin\u00adzi\u00adpiell k\u00f6nnen im Gew\u00e4chs\u00adhaus dank intel\u00adli\u00adgenter Bew\u00e4s\u00adse\u00adrungs\u00adsys\u00adteme und Klima\u00adge\u00adr\u00e4te Pflanzen sogar auch dort gedeihen, wo es die Natur eigent\u00adlich gar nicht zul\u00e4sst: etwa in der W\u00fcste oder in kalten Regionen.<\/p>\n<h2>Eine Frage der Vertei\u00adlung<\/h2>\n<p>Aller\u00addings k\u00f6nnen \u00fcber die gesamte Gew\u00e4chs\u00adhaus\u00adfl\u00e4che hinweg kalte oder warme Stellen entstehen, die soge\u00adnannten \u201ecold spots\u201c und \u201ehot spots\u201c. An diesen Stellen wachsen die Pflanzen nur einge\u00adschr\u00e4nkt, zudem sind sie dort empfind\u00adli\u00adcher gegen\u00ad\u00fcber Krank\u00adheiten. Die Foto\u00adsyn\u00adthese und somit das Pflan\u00adzen\u00adwachstum h\u00e4ngt stark von der Tempe\u00adratur ab: Ist es zu kalt, geht die Foto\u00adsyn\u00adthese sehr langsam von statten, ist es zu warm, kommt sie sehr schnell zum Erliegen.<\/p>\n<blockquote><p>AxiCool Venti\u00adla\u00adtoren von ebm-papst erm\u00f6g\u00adli\u00adchen eine pr\u00e4zise Steue\u00adrung des Luft\u00adstroms.<\/p><\/blockquote>\n<p>Das Optimum liegt bei einer f\u00fcr die Pflan\u00adzenart spezi\u00adfi\u00adschen Tempe\u00adratur, die im gesamten Gew\u00e4chs\u00adhaus gleich\u00adm\u00e4\u00dfig erreicht werden soll. Entschei\u00addend f\u00fcr eine gute Ernte sind au\u00dfer der rich\u00adtigen Tempe\u00adratur und Luft\u00adfeuch\u00adtig\u00adkeit auch eine gute Frisch\u00adluft\u00adzu\u00adfuhr und eine gute Luft\u00adzir\u00adku\u00adla\u00adtion. Ziel ist es daher, mit einem wandernden Luft\u00adstrom einheit\u00adliche klima\u00adti\u00adsche Verh\u00e4lt\u00adnisse zu schaffen, indem die Luft mit stetiger Geschwin\u00addig\u00adkeit im gesamten Gew\u00e4chs\u00adhaus gleich\u00adm\u00e4\u00dfig verteilt wird.<\/p>\n<p>Ein g\u00e4ngiges Verfahren f\u00fcr die gleich\u00adm\u00e4\u00ad\u00dfige Luft\u00adver\u00adtei\u00adlung im Gew\u00e4chs\u00adhaus ist dabei die hori\u00adzon\u00adtale Venti\u00adla\u00adtion (Bild 2). Hierbei wird die Luft \u00fcber den Pflanzen in hori\u00adzon\u00adtaler Rich\u00adtung gef\u00fchrt. Die Frisch\u00adluft\u00adzu\u00adfuhr wird in der Regel \u00fcber die Seiten des Gew\u00e4chs\u00adhauses reali\u00adsiert. Ein beson\u00adders inno\u00adva\u00adtives Verfahren f\u00fcr die Luft\u00adzu\u00adfuhr ist die Schlauch\u00adbe\u00adl\u00fcf\u00adtung von unten (Bild 3). Dieses Verfahren sorgt daf\u00fcr, dass ausrei\u00adchend CO<sub>2<\/sub> an die Pflanzen gelangt. Dies ist beson\u00adders wichtig, weil CO<sub>2<\/sub> der Ausgangs\u00adstoff f\u00fcr die Foto\u00adsyn\u00adthese der Pflanze ist.<\/p>\n<div class=\"mgznkr-img-slider slides slider-classic size-medium slider-cropped w-660\" id=\"mgznkr-img-slider-_23339_23342\">\n<div class=\"slide-1\"><div class=\" slide-img-crop\"><img loading=\"lazy\" decoding=\"async\" width=\"660\" height=\"451\" src=\"https:\/\/ebmpapst-7237.kxcdn.com\/de\/files\/2021\/02\/Horizontal-Belueftung-Gewaechshaus-660x451.png\" class=\"attachment-medium size-medium  slide-img-crop\" alt srcset=\"https:\/\/ebmpapst-7237.kxcdn.com\/de\/files\/2021\/02\/Horizontal-Belueftung-Gewaechshaus-660x451.png 660w, https:\/\/ebmpapst-7237.kxcdn.com\/de\/files\/2021\/02\/Horizontal-Belueftung-Gewaechshaus-960x656.png 960w, https:\/\/ebmpapst-7237.kxcdn.com\/de\/files\/2021\/02\/Horizontal-Belueftung-Gewaechshaus-260x178.png 260w, https:\/\/ebmpapst-7237.kxcdn.com\/de\/files\/2021\/02\/Horizontal-Belueftung-Gewaechshaus-768x525.png 768w, https:\/\/ebmpapst-7237.kxcdn.com\/de\/files\/2021\/02\/Horizontal-Belueftung-Gewaechshaus-450x308.png 450w, https:\/\/ebmpapst-7237.kxcdn.com\/de\/files\/2021\/02\/Horizontal-Belueftung-Gewaechshaus-300x205.png 300w, https:\/\/ebmpapst-7237.kxcdn.com\/de\/files\/2021\/02\/Horizontal-Belueftung-Gewaechshaus.png 1024w\" sizes=\"auto, (max-width: 660px) 100vw, 660px\"><\/div><p>Bild 2: Bei der hori\u00adzon\u00adtalen Bel\u00fcf\u00adtung wird die Luft im Gew\u00e4chs\u00adhaus umge\u00adw\u00e4lzt, sodass im Bereich der Pflanzen eine gleich\u00adm\u00e4\u00ad\u00dfige Tempe\u00adratur herrscht. (Grafik | ebm-papst)<\/p><\/div>\n<div class=\"slide-2\"><div class=\" slide-img-crop\"><img loading=\"lazy\" decoding=\"async\" width=\"660\" height=\"451\" src=\"https:\/\/ebmpapst-7237.kxcdn.com\/de\/files\/2021\/02\/Schlauchbelueftung_Gewaechshaus-660x451.png\" class=\"attachment-medium size-medium  slide-img-crop\" alt srcset=\"https:\/\/ebmpapst-7237.kxcdn.com\/de\/files\/2021\/02\/Schlauchbelueftung_Gewaechshaus-660x451.png 660w, https:\/\/ebmpapst-7237.kxcdn.com\/de\/files\/2021\/02\/Schlauchbelueftung_Gewaechshaus-960x656.png 960w, https:\/\/ebmpapst-7237.kxcdn.com\/de\/files\/2021\/02\/Schlauchbelueftung_Gewaechshaus-260x178.png 260w, https:\/\/ebmpapst-7237.kxcdn.com\/de\/files\/2021\/02\/Schlauchbelueftung_Gewaechshaus-768x525.png 768w, https:\/\/ebmpapst-7237.kxcdn.com\/de\/files\/2021\/02\/Schlauchbelueftung_Gewaechshaus-450x308.png 450w, https:\/\/ebmpapst-7237.kxcdn.com\/de\/files\/2021\/02\/Schlauchbelueftung_Gewaechshaus-300x205.png 300w, https:\/\/ebmpapst-7237.kxcdn.com\/de\/files\/2021\/02\/Schlauchbelueftung_Gewaechshaus.png 1024w\" sizes=\"auto, (max-width: 660px) 100vw, 660px\"><\/div><p>Bild 3: Bei der Schlauch\u00adbe\u00adl\u00fcf\u00adtung erfolgt die Luft\u00adzu\u00adfuhr von unten. So sind die Blatt\u00adun\u00adter\u00adseiten optimal mit CO<sub>2<\/sub> versorgt. (Grafik | ebm-papst)<\/p><\/div>\n<\/div>\n<h2>L\u00f6sung aus der K\u00fchl\u00adtechnik<\/h2>\n<p>Gew\u00e4chs\u00adhaus\u00adbe\u00adtreiber haben die M\u00f6glich\u00adkeit, ein Ventila\u00adtions\u00adsystem einzu\u00adsetzen, das alle Anfor\u00adde\u00adrungen der Pflanzen erf\u00fcllt und zudem einfach zu montieren ist. Zum Einsatz kommen daf\u00fcr AxiCool Axial\u00adven\u00adti\u00adla\u00adtoren von ebm-papst (Bild 4).<\/p>\n<div id=\"attachment_23338\" class=\"wp-caption alignright\" style=\"width: 450px\"><img loading=\"lazy\" decoding=\"async\" class=\"wp-image-23338 size-article-450\" src=\"https:\/\/ebmpapst-7237.kxcdn.com\/de\/files\/2021\/02\/AxiCool-Gewaechshaus-450x450.jpg\" alt width=\"450\" height=\"450\" srcset=\"https:\/\/ebmpapst-7237.kxcdn.com\/de\/files\/2021\/02\/AxiCool-Gewaechshaus-450x450.jpg 450w, https:\/\/ebmpapst-7237.kxcdn.com\/de\/files\/2021\/02\/AxiCool-Gewaechshaus-260x260.jpg 260w, https:\/\/ebmpapst-7237.kxcdn.com\/de\/files\/2021\/02\/AxiCool-Gewaechshaus-300x300.jpg 300w, https:\/\/ebmpapst-7237.kxcdn.com\/de\/files\/2021\/02\/AxiCool-Gewaechshaus.jpg 650w\" sizes=\"auto, (max-width: 450px) 100vw, 450px\"><div class=\"wp-caption-border\"><p class=\"wp-caption-text\">Bild 4: Die AxiCool Venti\u00adla\u00adtoren mit Str\u00f6\u00admungs\u00adgleich\u00adrichter auf der Ausblas\u00adseite werden f\u00fcr die hori\u00adzon\u00adtale Venti\u00adla\u00adtion einge\u00adsetzt. Das Geh\u00e4use ist wei\u00df, um den f\u00fcr das Wachstum wich\u00adtigen Licht\u00adein\u00adfall so weit wie m\u00f6glich zu reflek\u00adtieren. (Foto| ebm-papst)<\/p><\/div><\/div>\n<p>Diese wurden urspr\u00fcng\u00adlich f\u00fcr die K\u00e4lte\u00adtechnik entwi\u00adckelt, da auch in K\u00fchl\u00adr\u00e4umen eine gleich\u00adm\u00e4\u00ad\u00dfige Tempe\u00adra\u00adtur\u00adver\u00adtei\u00adlung f\u00fcr die Frische der Waren wichtig ist. Damit sind sie eben\u00adfalls bestens f\u00fcr Gew\u00e4chs\u00adh\u00e4user geeignet. Sie zeichnen sich durch eine hohe Wurf\u00adweite aus und erm\u00f6g\u00adli\u00adchen eine pr\u00e4zise Steue\u00adrung des Luft\u00adstroms.<\/p>\n<p>F\u00fcr einen verbes\u00adserten Wirkungs\u00adgrad ist auch der Str\u00f6\u00admungs\u00adgleich\u00adrichter wesent\u00adlich, der an der Ausblas\u00adseite der AxiCool Venti\u00adla\u00adtoren montiert ist (Bild 5). Das Geh\u00e4use und das Monta\u00adge\u00adge\u00adstell sind wei\u00df, um die auf das Gew\u00e4chs\u00adhaus einwir\u00adkende Sonnen\u00adeinstrahlung so weit wie m\u00f6glich zu reflek\u00adtieren. Um die Anfor\u00adde\u00adrungen hinsicht\u00adlich Lebens\u00addauer zu errei\u00adchen sind die Venti\u00adla\u00adtoren speziell f\u00fcr den Einsatz im sehr feuchten Gew\u00e4chs\u00adhaus ausge\u00adr\u00fcstet und die Kunst\u00adstoff\u00adkom\u00adpo\u00adnenten aus UV-best\u00e4n\u00addigem Mate\u00adrial gefer\u00adtigt, das au\u00dferdem leicht zu reinigen ist. Durch das aero\u00addy\u00adna\u00admi\u00adsche Schau\u00adfel\u00adde\u00adsign arbeitet der Axial\u00adven\u00adti\u00adlator zudem sehr leise, was die Arbeits\u00adbe\u00addin\u00adgungen f\u00fcr die Mitar\u00adbeiter erheb\u00adlich verbes\u00adsert.<\/p>\n<p>F\u00fcr die AxiCool Venti\u00adla\u00adtoren entwi\u00adckelte ebm-papst Inc. in Farmington, USA ein h\u00f6hen\u00adver\u00adstell\u00adbares Befes\u00adti\u00adgungs\u00adsystem, das leicht zu montieren ist. Dadurch l\u00e4sst sich die Posi\u00adtion der Venti\u00adla\u00adtoren entspre\u00adchend der Pflan\u00adzen\u00adh\u00f6he im Verlauf der Aufzucht anpassen. Auf diese Weise soll ein ma\u00dfge\u00adschnei\u00addertes, leis\u00adtungs\u00adf\u00e4\u00adhiges Luft\u00adleit\u00adsystem reali\u00adsiert werden, mit dem die nat\u00fcr\u00adliche Luft\u00adbe\u00adwe\u00adgung best\u00adm\u00f6g\u00adlich simu\u00adliert wird.<\/p>\n<div class=\"mgznkr-img-slider slides slider-classic size-medium slider-cropped w-650\" id=\"mgznkr-img-slider-_23341_23340\">\n<div class=\"slide-1\"><div class=\" slide-img-crop\"><img loading=\"lazy\" decoding=\"async\" width=\"650\" height=\"250\" src=\"https:\/\/ebmpapst-7237.kxcdn.com\/de\/files\/2021\/02\/Luftverteilung_ohne_Gleichrichter.jpg\" class=\"attachment-medium size-medium  slide-img-crop\" alt srcset=\"https:\/\/ebmpapst-7237.kxcdn.com\/de\/files\/2021\/02\/Luftverteilung_ohne_Gleichrichter.jpg 650w, https:\/\/ebmpapst-7237.kxcdn.com\/de\/files\/2021\/02\/Luftverteilung_ohne_Gleichrichter-260x100.jpg 260w, https:\/\/ebmpapst-7237.kxcdn.com\/de\/files\/2021\/02\/Luftverteilung_ohne_Gleichrichter-450x173.jpg 450w, https:\/\/ebmpapst-7237.kxcdn.com\/de\/files\/2021\/02\/Luftverteilung_ohne_Gleichrichter-300x115.jpg 300w\" sizes=\"auto, (max-width: 650px) 100vw, 650px\"><\/div><p>Bild 5: Luft\u00adver\u00adtei\u00adlung beim AxiCool ohne Str\u00f6\u00admungs\u00adgleich\u00adrichter... <\/p><\/div>\n<div class=\"slide-2\"><div class=\" slide-img-crop\"><img loading=\"lazy\" decoding=\"async\" width=\"650\" height=\"250\" src=\"https:\/\/ebmpapst-7237.kxcdn.com\/de\/files\/2021\/02\/Luftverteilung_mit_Gleichrichter.jpg\" class=\"attachment-medium size-medium  slide-img-crop\" alt srcset=\"https:\/\/ebmpapst-7237.kxcdn.com\/de\/files\/2021\/02\/Luftverteilung_mit_Gleichrichter.jpg 650w, https:\/\/ebmpapst-7237.kxcdn.com\/de\/files\/2021\/02\/Luftverteilung_mit_Gleichrichter-260x100.jpg 260w, https:\/\/ebmpapst-7237.kxcdn.com\/de\/files\/2021\/02\/Luftverteilung_mit_Gleichrichter-450x173.jpg 450w, https:\/\/ebmpapst-7237.kxcdn.com\/de\/files\/2021\/02\/Luftverteilung_mit_Gleichrichter-300x115.jpg 300w\" sizes=\"auto, (max-width: 650px) 100vw, 650px\"><\/div><p>...und die opti\u00admierte mit Luft\u00adver\u00adtei\u00adlung mit Str\u00f6\u00admungs\u00adgleich\u00adrichter, mit dem sich die Wurf\u00adweite verdop\u00adpeln l\u00e4sst. (Grafik | ebm-papst)<\/p><\/div>\n<\/div>\n<h2>Inno\u00advativ: Luft\u00adzu\u00adfuhr von unten<\/h2>\n<p>Bei der Schlauch\u00adbe\u00adl\u00fcf\u00adtung werden ener\u00adgie\u00adef\u00adfi\u00adzi\u00adente r\u00fcck\u00adw\u00e4rts\u00adge\u00adkr\u00fcmmte Radi\u00adal\u00adven\u00adti\u00adla\u00adtoren oder beson\u00adders druck\u00adstarke Axial\u00adven\u00adti\u00adla\u00adtoren von ebm-papst einge\u00adsetzt (Bild 6). Die Luft wird \u00fcber einen perfo\u00adrierten Schlauch zuge\u00adf\u00fchrt, der unter den Pflanzen ange\u00adbracht ist. Die Axial\u00adven\u00adti\u00adla\u00adtoren saugen meist kondi\u00adtio\u00adnierte, also tempe\u00adrierte und ggf. be- oder entfeuch\u00adtete Luft aus dem Luft\u00advor\u00adbe\u00adrei\u00adtungs\u00adraum der soge\u00adnannten \u201esemi-closed\u201c Gew\u00e4chs\u00adh\u00e4user an.<\/p>\n<p>Die Luft wird zuerst in den Schlauch gedr\u00fcckt, str\u00f6mt dann durch die L\u00f6cher an den Pflanzen vorbei nach oben, von wo sie wieder in den Zuluft\u00adstrom einge\u00adleitet wird. So entsteht ein defi\u00adnierter Luft\u00adkreis\u00adlauf. Bei dieser Art der Luft\u00adzu\u00adfuhr werden die Blatt\u00adun\u00adter\u00adseiten optimal mit CO<sub>2<\/sub> versorgt. Das ist beson\u00adders effi\u00adzient, da dort die Aufnahme f\u00fcr die Foto\u00adsyn\u00adthese erfolgt. Aufgrund der Leis\u00adtungs\u00adst\u00e4rke lassen sich beson\u00adders lange Schl\u00e4uche reali\u00adsieren. Gerade f\u00fcr gro\u00df dimen\u00adsio\u00adnierte Gew\u00e4chs\u00adhaus\u00adan\u00adlagen wie sie in den USA, aber auch in Europa beispiels\u00adwiese in Spanien und den Nieder\u00adlanden zu finden sind, k\u00f6nnen damit effi\u00adzi\u00adente Bel\u00fcf\u00adtungs\u00adl\u00f6\u00adsungen f\u00fcr maxi\u00admalen Ertrag reali\u00adsiert werden.<\/p>\n<div id=\"attachment_23348\" class=\"wp-caption aligncenter\" style=\"width: 660px\"><img loading=\"lazy\" decoding=\"async\" class=\"wp-image-23348 size-medium\" src=\"https:\/\/ebmpapst-7237.kxcdn.com\/de\/files\/2021\/02\/Schlauchbelueftung_Ventilator-660x322.jpg\" alt width=\"660\" height=\"322\" srcset=\"https:\/\/ebmpapst-7237.kxcdn.com\/de\/files\/2021\/02\/Schlauchbelueftung_Ventilator-660x322.jpg 660w, https:\/\/ebmpapst-7237.kxcdn.com\/de\/files\/2021\/02\/Schlauchbelueftung_Ventilator-960x469.jpg 960w, https:\/\/ebmpapst-7237.kxcdn.com\/de\/files\/2021\/02\/Schlauchbelueftung_Ventilator-260x127.jpg 260w, https:\/\/ebmpapst-7237.kxcdn.com\/de\/files\/2021\/02\/Schlauchbelueftung_Ventilator-768x375.jpg 768w, https:\/\/ebmpapst-7237.kxcdn.com\/de\/files\/2021\/02\/Schlauchbelueftung_Ventilator-450x220.jpg 450w, https:\/\/ebmpapst-7237.kxcdn.com\/de\/files\/2021\/02\/Schlauchbelueftung_Ventilator-300x146.jpg 300w, https:\/\/ebmpapst-7237.kxcdn.com\/de\/files\/2021\/02\/Schlauchbelueftung_Ventilator.jpg 1024w\" sizes=\"auto, (max-width: 660px) 100vw, 660px\"><div class=\"wp-caption-border\"><p class=\"wp-caption-text\">Bild 6: Druck\u00adstarke Axial\u00adven\u00adti\u00adla\u00adtoren f\u00fcr die Schlauch\u00adbe\u00adl\u00fcf\u00adtung, die die Pflanzen von unten mit CO2 versorgt. (Foto | ebm-papst)<\/p><\/div><\/div>\n<h2>Ener\u00adgie\u00adsparen leicht gemacht<\/h2>\n<p>Entschei\u00addend ist zudem, dass die Venti\u00adla\u00adtoren von ener\u00adgie\u00adspa\u00adrenden EC-Motoren ange\u00adtrieben werden. Der netz\u00adge\u00adspeiste, perma\u00adnent erregte Synchron\u00admotor mit elek\u00adtro\u00adni\u00adscher Kommu\u00adtie\u00adrung (auch BLDC- oder PM-Motor genannt) liegt mit seinen Wirkungs\u00adgraden weit \u00fcber der Effi\u00adzi\u00adenz\u00adklasse IE4. Ein inno\u00adva\u00adtives Gew\u00e4chs\u00adh\u00adaus\u00adde\u00adsign in Kanada verwendet ebm-papst AxiCool-Venti\u00adla\u00adtoren mit dem Ergebnis, dass sich die Strom\u00adrech\u00adnung um \u00fcber 70 % gegen\u00ad\u00fcber der vorher einge\u00adsetzten L\u00fcftungs\u00adtechnik redu\u00adziert hat.<\/p>\n<p>Ein weiterer Vorteil der EC-Motoren ist ihre Regel\u00adbar\u00adkeit. Dies ist \u00fcber den gesamten Dreh\u00adzahl\u00adbe\u00adreich m\u00f6glich, wobei der hohe Wirkungs\u00adgrad auch im Teil\u00adlast\u00adbe\u00adtrieb erhalten bleibt. So k\u00f6nnen z. B. Venti\u00adla\u00adtoren an ebenen W\u00e4nden auf eine h\u00f6here Dreh\u00adzahl einge\u00adstellt werden, als Venti\u00adla\u00adtoren an W\u00e4nden mit Vorspr\u00fcngen und Abs\u00e4tzen. Mit dieser pr\u00e4zisen Abstim\u00admung wird die Gleich\u00adf\u00f6r\u00admig\u00adkeit des Luft\u00adstroms opti\u00admiert. F\u00fcr eine bedarfs\u00adge\u00adrechte Rege\u00adlung l\u00e4sst sich die digi\u00adtale MODBUS-RTU, die 4\u201320 mA oder die 0\u201310 V Schnitt\u00adstelle nutzen. \u00dcber die MODBUS Kommu\u00adni\u00adka\u00adti\u00adons\u00adschnitt\u00adstelle k\u00f6nnen die Venti\u00adla\u00adtoren beson\u00adders pr\u00e4zise auf die jewei\u00adligen Gege\u00adben\u00adheiten im Gew\u00e4chs\u00adhaus einge\u00adstellt und \u00fcber\u00adwacht werden.<\/p>\n<div class=\"box box-middle\">\n<h3>Opti\u00admale Luft\u00adl\u00f6\u00adsung<\/h3>\n<p>Luft\u00adzu\u00adfuhr und -durch\u00admi\u00adschung sind wich\u00adtige Wachs\u00adtums\u00adfak\u00adtoren, die mit den ebm-papst Axial\u00adven\u00adti\u00adla\u00adtoren pr\u00e4zise gesteuert werden k\u00f6nnen. Das sind die wich\u00adtigsten Vorteile:<\/p>\n<ul>\n<li>Geh\u00e4use ist in UV-best\u00e4n\u00addigem Wei\u00df f\u00fcr maxi\u00admale Licht\u00adre\u00adfle\u00adxion<\/li>\n<li>Geringer Schat\u00adten\u00adwurf durch platz\u00adspa\u00adrende Dimen\u00adsio\u00adnie\u00adrung<\/li>\n<li>Ener\u00adgie\u00adef\u00adfi\u00adzi\u00adente, wartungs\u00adfreie EC-Motoren<\/li>\n<li>Beson\u00adders leiser Betrieb<\/li>\n<li>Venti\u00adla\u00adtor\u00adsystem mit Elek\u00adtronik an Bord erm\u00f6g\u00adlicht einfachste Inbe\u00adtrieb\u00adnahme \u2013 Plug &amp; Play<\/li>\n<li>Bedarfs\u00adge\u00adrechte Dreh\u00adzahl\u00adsteue\u00adrung \u00fcber MODBUS-RTU, 4\u201320 mA oder 0\u201310 V<\/li>\n<\/ul>\n<\/div>\n","protected":false},"excerpt":{"rendered":"<p>Im Super\u00admarkt gibt es l\u00e4ngst keine Jahres\u00adzeiten mehr: Tomaten, Paprika und Co. liegen unab\u00adh\u00e4ngig von der Saison ganz\u00adj\u00e4hrig frisch und knackig in der Gem\u00fc\u00adse\u00adab\u00adtei\u00adlung. M\u00f6glich machen dies auch Gew\u00e4chs\u00adh\u00e4user, die sogar im Winter sommer\u00adliche Bedin\u00adgungen schaffen. Das hat Vorteile f\u00fcr Konsu\u00admenten und Land\u00adwirte. Letz\u00adtere k\u00f6nnen mit Gew\u00e4chs\u00adh\u00e4u\u00adsern mehrere Ernten einfahren und au\u00dferdem so Risiken mini\u00admieren: [\u2026]<\/p>\n","protected":false},"author":12,"featured_media":0,"comment_status":"open","ping_status":"closed","sticky":false,"template":"","format":"standard","meta":{"_acf_changed":false,"wp_typography_post_enhancements_disabled":false,"footnotes":""},"categories":[8,15],"tags":[],"class_list":["post-23331","post","type-post","status-publish","format-standard","hentry","category-kaelte-klima","category-ventilatoren"],"acf":[],"_links":{"self":[{"href":"https:\/\/mag.ebmpapst.com\/de\/wp-json\/wp\/v2\/posts\/23331","targetHints":{"allow":["GET"]}}],"collection":[{"href":"https:\/\/mag.ebmpapst.com\/de\/wp-json\/wp\/v2\/posts"}],"about":[{"href":"https:\/\/mag.ebmpapst.com\/de\/wp-json\/wp\/v2\/types\/post"}],"author":[{"embeddable":true,"href":"https:\/\/mag.ebmpapst.com\/de\/wp-json\/wp\/v2\/users\/12"}],"replies":[{"embeddable":true,"href":"https:\/\/mag.ebmpapst.com\/de\/wp-json\/wp\/v2\/comments?post=23331"}],"version-history":[{"count":13,"href":"https:\/\/mag.ebmpapst.com\/de\/wp-json\/wp\/v2\/posts\/23331\/revisions"}],"predecessor-version":[{"id":39760,"href":"https:\/\/mag.ebmpapst.com\/de\/wp-json\/wp\/v2\/posts\/23331\/revisions\/39760"}],"wp:attachment":[{"href":"https:\/\/mag.ebmpapst.com\/de\/wp-json\/wp\/v2\/media?parent=23331"}],"wp:term":[{"taxonomy":"category","embeddable":true,"href":"https:\/\/mag.ebmpapst.com\/de\/wp-json\/wp\/v2\/categories?post=23331"},{"taxonomy":"post_tag","embeddable":true,"href":"https:\/\/mag.ebmpapst.com\/de\/wp-json\/wp\/v2\/tags?post=23331"}],"curies":[{"name":"wp","href":"https:\/\/api.w.org\/{rel}","templated":true}]}}