{"id":23097,"date":"2023-04-20T09:52:37","date_gmt":"2023-04-20T07:52:37","guid":{"rendered":"https:\/\/mag.ebmpapst.com\/de\/?p=23097"},"modified":"2024-12-16T10:12:00","modified_gmt":"2024-12-16T09:12:00","slug":"frischer-wind-fuer-nachwuchskicker-rlt-anlage-dfb-fussballakademie","status":"publish","type":"post","link":"https:\/\/mag.ebmpapst.com\/de\/branchen\/kaelte-klima\/frischer-wind-fuer-nachwuchskicker-rlt-anlage-dfb-fussballakademie_23097\/","title":{"rendered":"Frischer Wind f\u00fcr Nach\u00adwuchs\u00adki\u00adcker"},"content":{"rendered":"\n<p>Wenn die Nach\u00adwuchs\u00adki\u00adcker des DFB nach zwei Stunden inten\u00adsivem Trai\u00adning mit gl\u00fchenden K\u00f6pfen in die Kabine gehen, ist an die anschlie\u00ad\u00dfende Taktik\u00adeinheit im Video\u00adraum kaum zu denken. Die jungen Talente m\u00fcssen sich erst einmal akkli\u00admatisieren und etwas durch\u00adschnaufen, ehe sie den kommenden Gegner analy\u00adsieren k\u00f6nnen.<\/p>\n\n\n\n<p>Um diesen \u201eCool\u00addown\u201c zu beschleu\u00adnigen, braucht es nat\u00fcr\u00adlich ein gutes Mann\u00adschaft\u00adklima. Doch auch das rich\u00adtige Raum\u00adklima ist wichtig. Schlie\u00df\u00adlich taktiert es sich mit einem k\u00fchlen Kopf und ausrei\u00adchend Sauer\u00adstoff am besten. Gut, dass der DFB in seiner neuen Fu\u00dfball\u00adakademie auf Raum\u00adluft\u00ad\u00adtechnik-Anlagen der NOVA Appa\u00adrate GmbH setzt. Diese versorgen den gesamten Geb\u00e4ude\u00adkomplex mit ausrei\u00adchend Frisch\u00adluft und regu\u00adlieren die Tempe\u00adratur sowie die Luft\u00adfeuch\u00adtig\u00adkeit. Dabei kommen in der Akademie insge\u00adsamt 22 RLT-Anlagen zum Einsatz \u2013 sei es f\u00fcr die Seminar- und Fitness\u00adr\u00e4ume, f\u00fcr die B\u00fcros und Umkleiden, den Presse\u00adkonferenz\u00adsaal oder das Athle\u00adten\u00adhaus mit seinen 33 Zimmern.<\/p>\n\n\n\n<div class=\"wp-block-group alignfull mgznkr-cta-retrofit-banner\"><div class=\"wp-block-group__inner-container is-layout-constrained wp-block-group-is-layout-constrained\">\n<style>\n.mgznkr-cta-retrofit-banner .alignwide.banner-width {\n  max-width: 100%;\n  width: 1240px;\n  margin: 0 auto;\n--mark-bgcolor: #00a633;\n--mark-color: white;\n}\n@media (max-width: 781px) {\n.mgznkr-cta-retrofit-banner .wp-block-cover .wp-block-cover__image-background {\nobject-position: 17% 50%!important;\n}\n.mgznkr-column-spacer p {display: none; }\n}\n@media (min-width: 782px) {\n.mgznkr-column-spacer p a {\n  min-height: 290px;\n  min-width: 100%;\n  display: block;\n  border-radius: 50px;\nfont-size: 0;\n}\n}\n<\/style>\n\n\n\n<div style=\"height:32px\" aria-hidden=\"true\" class=\"wp-block-spacer\"><\/div>\n\n\n\n<div class=\"wp-block-cover is-light\" style=\"min-height:350px;aspect-ratio:unset;\"><span aria-hidden=\"true\" class=\"wp-block-cover__background has-background-dim-0 has-background-dim\" style=\"background-color:#e0e6e6\"><\/span><img loading=\"lazy\" decoding=\"async\" width=\"1920\" height=\"350\" class=\"wp-block-cover__image-background wp-image-36590\" alt src=\"https:\/\/ebmpapst-7237.kxcdn.com\/de\/files\/2024\/12\/2412_Banner-Retrofit-1.jpg\" data-object-fit=\"cover\" srcset=\"https:\/\/ebmpapst-7237.kxcdn.com\/de\/files\/2024\/12\/2412_Banner-Retrofit-1.jpg 1920w, https:\/\/ebmpapst-7237.kxcdn.com\/de\/files\/2024\/12\/2412_Banner-Retrofit-1-660x120.jpg 660w, https:\/\/ebmpapst-7237.kxcdn.com\/de\/files\/2024\/12\/2412_Banner-Retrofit-1-960x175.jpg 960w, https:\/\/ebmpapst-7237.kxcdn.com\/de\/files\/2024\/12\/2412_Banner-Retrofit-1-260x47.jpg 260w, https:\/\/ebmpapst-7237.kxcdn.com\/de\/files\/2024\/12\/2412_Banner-Retrofit-1-768x140.jpg 768w, https:\/\/ebmpapst-7237.kxcdn.com\/de\/files\/2024\/12\/2412_Banner-Retrofit-1-1536x280.jpg 1536w, https:\/\/ebmpapst-7237.kxcdn.com\/de\/files\/2024\/12\/2412_Banner-Retrofit-1-450x82.jpg 450w, https:\/\/ebmpapst-7237.kxcdn.com\/de\/files\/2024\/12\/2412_Banner-Retrofit-1-300x55.jpg 300w\" sizes=\"auto, (max-width: 1920px) 100vw, 1920px\"><div class=\"wp-block-cover__inner-container is-layout-constrained wp-block-cover-is-layout-constrained\">\n<div class=\"wp-block-columns alignwide banner-width is-layout-flex wp-container-core-columns-is-layout-9d6595d7 wp-block-columns-is-layout-flex\">\n<div class=\"wp-block-column is-layout-flow wp-block-column-is-layout-flow\" style=\"flex-basis:560px\">\n<h2 class=\"wp-block-heading mgznkr-click has-white-color has-text-color has-link-color wp-elements-6387d12b1d16a8bd13546b52a1cf9cb8\" id=\"retrofit-banner-head\" style=\"font-size:1.6em;text-transform:uppercase\"><mark><a href=\"https:\/\/www.ebmpapst.com\/de\/de\/industries\/fanupgrade.html#download\" target=\"_blank\" rel=\"noreferrer noopener\">Mehr Effi\u00adzienz, weniger Kosten: Retrofit<\/a><\/mark><\/h2>\n\n\n\n<div style=\"height:10px\" aria-hidden=\"true\" class=\"wp-block-spacer\"><\/div>\n\n\n\n<h3 class=\"wp-block-heading no-margin-top\" style=\"font-size:1em\">Retrofit von Venti\u00adla\u00adtoren mit ebm-papst<\/h3>\n\n\n\n<p>Ein Retrofit bestehender Venti\u00adla\u00adtoren in raum\u00adluft- und k\u00e4lte\u00adtech\u00adni\u00adschen Anlagen mit effi\u00adzi\u00adenten EC-Venti\u00adla\u00adtoren und bedarfs\u00adge\u00adrechtem Betrieb kann bis zu 60 % Energie und Kosten sparen \u2013 und schont dabei die Umwelt.<\/p>\n\n\n\n<div class=\"wp-block-buttons is-layout-flex wp-block-buttons-is-layout-flex\">\n<div class=\"wp-block-button has-custom-font-size is-style-fill mgznkr-click\" id=\"retrofit-banner-button\" style=\"font-size:18px\"><a class=\"wp-block-button__link has-background wp-element-button\" href=\"https:\/\/www.ebmpapst.com\/de\/de\/industries\/fanupgrade.html#download\" style=\"background-color:#0072bb\" target=\"_blank\" rel=\"noreferrer noopener\">Jetzt Facts\u00adheet herun\u00adter\u00adladen <i class=\"mgznkr-icon fa fa-chevron-right fas\"><\/i><\/a><\/div>\n<\/div>\n<\/div>\n\n\n\n<div class=\"wp-block-column mgznkr-column-spacer is-layout-flow wp-block-column-is-layout-flow\" style=\"flex-basis:55%\">\n<p class=\"mgznkr-click\" id=\"retrofit-banner-img\"><a href=\"https:\/\/www.ebmpapst.com\/de\/de\/industries\/fanupgrade.html#download\" target=\"_blank\" rel=\"noreferrer noopener\">Mehr Effi\u00adzienz, weniger Kosten: Retrofit von Venti\u00adla\u00adtoren mit ebm-papst<\/a><\/p>\n<\/div>\n<\/div>\n<\/div><\/div>\n\n\n\n<div style=\"height:36px\" aria-hidden=\"true\" class=\"wp-block-spacer\"><\/div>\n<\/div><\/div>\n\n\n\n<h2 class=\"wp-block-heading\">Nat\u00fcr\u00adli\u00adches K\u00fchlen mit Wasser<\/h2>\n\n\n\n<p>Das Beson\u00addere an den einge\u00adsetzten RLT-Anlagen ist die Ka2O-Tech\u00adno\u00adlogie \u2013 eine K\u00fchl\u00adme\u00adthode basie\u00adrend auf der indi\u00adrekten Verdunstungs\u00adk\u00fchlung. Dabei wird die verbrauchte Luft aus dem Innen\u00adraum ange\u00adsaugt und mit kleinen Spr\u00fch\u00add\u00fcsen befeuchtet. Das Wasser verdunstet und entzieht der Abluft W\u00e4rme. Das geschieht in den Ka2O-Gegen\u00ad\u00adstrom-W\u00e4rme\u00ad\u00adtau\u00adschern. Dort wird die ange\u00adsaugte warme Au\u00dfen\u00adluft durch die kalte Abluft herun\u00adter\u00adge\u00adk\u00fchlt, ohne sich mit ihr zu vermi\u00adschen. Zum Schluss wird die Au\u00dfen\u00adluft noch gefil\u00adtert und in den Innen\u00adraum geleitet.<\/p>\n\n\n<div class=\"mgznkr-img-slider slides has-nested-images columns-default mgznkr-img-slider slider-cropped\" id=\"mgznkr-img-slider-_27770_27769_27768_27766_27767\">\n<div class=\"slide-1\"><div class=\" slide-img-crop\"><img loading=\"lazy\" decoding=\"async\" width=\"960\" height=\"609\" src=\"https:\/\/ebmpapst-7237.kxcdn.com\/de\/files\/2023\/03\/DFB-Akademie_Nova_ebmpapst_RLT_totale-960x609.jpg\" class=\"attachment-large  slide-img-crop\" alt srcset=\"https:\/\/ebmpapst-7237.kxcdn.com\/de\/files\/2023\/03\/DFB-Akademie_Nova_ebmpapst_RLT_totale-960x609.jpg 960w, https:\/\/ebmpapst-7237.kxcdn.com\/de\/files\/2023\/03\/DFB-Akademie_Nova_ebmpapst_RLT_totale-660x419.jpg 660w, https:\/\/ebmpapst-7237.kxcdn.com\/de\/files\/2023\/03\/DFB-Akademie_Nova_ebmpapst_RLT_totale-260x165.jpg 260w, https:\/\/ebmpapst-7237.kxcdn.com\/de\/files\/2023\/03\/DFB-Akademie_Nova_ebmpapst_RLT_totale-768x488.jpg 768w, https:\/\/ebmpapst-7237.kxcdn.com\/de\/files\/2023\/03\/DFB-Akademie_Nova_ebmpapst_RLT_totale-450x286.jpg 450w, https:\/\/ebmpapst-7237.kxcdn.com\/de\/files\/2023\/03\/DFB-Akademie_Nova_ebmpapst_RLT_totale-300x190.jpg 300w, https:\/\/ebmpapst-7237.kxcdn.com\/de\/files\/2023\/03\/DFB-Akademie_Nova_ebmpapst_RLT_totale.jpg 1024w\" sizes=\"auto, (max-width: 960px) 100vw, 960px\"><\/div><p>In der DfB-Akademie kommen insge\u00adsamt 22 RLT-Anlagen zum Einsatz: (Foto | DFB\/Thomas B\u00f6cker)<\/p><\/div>\n<div class=\"slide-2\"><div class=\" slide-img-crop\"><img loading=\"lazy\" decoding=\"async\" width=\"960\" height=\"609\" src=\"https:\/\/ebmpapst-7237.kxcdn.com\/de\/files\/2023\/03\/DFB-Akademie_Nova_ebmpapst_RLT_pk-960x609.jpg\" class=\"attachment-large  slide-img-crop\" alt srcset=\"https:\/\/ebmpapst-7237.kxcdn.com\/de\/files\/2023\/03\/DFB-Akademie_Nova_ebmpapst_RLT_pk-960x609.jpg 960w, https:\/\/ebmpapst-7237.kxcdn.com\/de\/files\/2023\/03\/DFB-Akademie_Nova_ebmpapst_RLT_pk-660x419.jpg 660w, https:\/\/ebmpapst-7237.kxcdn.com\/de\/files\/2023\/03\/DFB-Akademie_Nova_ebmpapst_RLT_pk-260x165.jpg 260w, https:\/\/ebmpapst-7237.kxcdn.com\/de\/files\/2023\/03\/DFB-Akademie_Nova_ebmpapst_RLT_pk-768x488.jpg 768w, https:\/\/ebmpapst-7237.kxcdn.com\/de\/files\/2023\/03\/DFB-Akademie_Nova_ebmpapst_RLT_pk-450x286.jpg 450w, https:\/\/ebmpapst-7237.kxcdn.com\/de\/files\/2023\/03\/DFB-Akademie_Nova_ebmpapst_RLT_pk-300x190.jpg 300w, https:\/\/ebmpapst-7237.kxcdn.com\/de\/files\/2023\/03\/DFB-Akademie_Nova_ebmpapst_RLT_pk.jpg 1024w\" sizes=\"auto, (max-width: 960px) 100vw, 960px\"><\/div><p>Vom Saal f\u00fcr die Pres\u00adse\u00adkon\u00adfe\u00adrenzen \u2026 (Foto | DFB\/Thomas B\u00f6cker)<\/p><\/div>\n<div class=\"slide-3\"><div class=\" slide-img-crop\"><img loading=\"lazy\" decoding=\"async\" width=\"960\" height=\"609\" src=\"https:\/\/ebmpapst-7237.kxcdn.com\/de\/files\/2023\/03\/DFB-Akademie_Nova_ebmpapst_RLT_kabine-960x609.jpg\" class=\"attachment-large  slide-img-crop\" alt srcset=\"https:\/\/ebmpapst-7237.kxcdn.com\/de\/files\/2023\/03\/DFB-Akademie_Nova_ebmpapst_RLT_kabine-960x609.jpg 960w, https:\/\/ebmpapst-7237.kxcdn.com\/de\/files\/2023\/03\/DFB-Akademie_Nova_ebmpapst_RLT_kabine-660x419.jpg 660w, https:\/\/ebmpapst-7237.kxcdn.com\/de\/files\/2023\/03\/DFB-Akademie_Nova_ebmpapst_RLT_kabine-260x165.jpg 260w, https:\/\/ebmpapst-7237.kxcdn.com\/de\/files\/2023\/03\/DFB-Akademie_Nova_ebmpapst_RLT_kabine-768x488.jpg 768w, https:\/\/ebmpapst-7237.kxcdn.com\/de\/files\/2023\/03\/DFB-Akademie_Nova_ebmpapst_RLT_kabine-450x286.jpg 450w, https:\/\/ebmpapst-7237.kxcdn.com\/de\/files\/2023\/03\/DFB-Akademie_Nova_ebmpapst_RLT_kabine-300x190.jpg 300w, https:\/\/ebmpapst-7237.kxcdn.com\/de\/files\/2023\/03\/DFB-Akademie_Nova_ebmpapst_RLT_kabine.jpg 1024w\" sizes=\"auto, (max-width: 960px) 100vw, 960px\"><\/div><p>\u2026 \u00fcber die Umklei\u00adde\u00adka\u00adbinen \u2026 (Foto | DFB\/Thomas B\u00f6cker)<\/p><\/div>\n<div class=\"slide-4\"><div class=\" slide-img-crop\"><img loading=\"lazy\" decoding=\"async\" width=\"960\" height=\"609\" src=\"https:\/\/ebmpapst-7237.kxcdn.com\/de\/files\/2023\/03\/DFB-Akademie_Nova_ebmpapst_RLT_fitness-960x609.jpg\" class=\"attachment-large  slide-img-crop\" alt srcset=\"https:\/\/ebmpapst-7237.kxcdn.com\/de\/files\/2023\/03\/DFB-Akademie_Nova_ebmpapst_RLT_fitness-960x609.jpg 960w, https:\/\/ebmpapst-7237.kxcdn.com\/de\/files\/2023\/03\/DFB-Akademie_Nova_ebmpapst_RLT_fitness-660x419.jpg 660w, https:\/\/ebmpapst-7237.kxcdn.com\/de\/files\/2023\/03\/DFB-Akademie_Nova_ebmpapst_RLT_fitness-260x165.jpg 260w, https:\/\/ebmpapst-7237.kxcdn.com\/de\/files\/2023\/03\/DFB-Akademie_Nova_ebmpapst_RLT_fitness-768x488.jpg 768w, https:\/\/ebmpapst-7237.kxcdn.com\/de\/files\/2023\/03\/DFB-Akademie_Nova_ebmpapst_RLT_fitness-450x286.jpg 450w, https:\/\/ebmpapst-7237.kxcdn.com\/de\/files\/2023\/03\/DFB-Akademie_Nova_ebmpapst_RLT_fitness-300x190.jpg 300w, https:\/\/ebmpapst-7237.kxcdn.com\/de\/files\/2023\/03\/DFB-Akademie_Nova_ebmpapst_RLT_fitness.jpg 1024w\" sizes=\"auto, (max-width: 960px) 100vw, 960px\"><\/div><p>\u2026 den Fitness\u00adbe\u00adreich \u2026 (Foto | DFB\/Thomas B\u00f6cker)<\/p><\/div>\n<div class=\"slide-5\"><div class=\" slide-img-crop\"><img loading=\"lazy\" decoding=\"async\" width=\"960\" height=\"609\" src=\"https:\/\/ebmpapst-7237.kxcdn.com\/de\/files\/2023\/03\/DFB-Akademie_Nova_ebmpapst_RLT_foyer-960x609.jpg\" class=\"attachment-large  slide-img-crop\" alt srcset=\"https:\/\/ebmpapst-7237.kxcdn.com\/de\/files\/2023\/03\/DFB-Akademie_Nova_ebmpapst_RLT_foyer-960x609.jpg 960w, https:\/\/ebmpapst-7237.kxcdn.com\/de\/files\/2023\/03\/DFB-Akademie_Nova_ebmpapst_RLT_foyer-660x419.jpg 660w, https:\/\/ebmpapst-7237.kxcdn.com\/de\/files\/2023\/03\/DFB-Akademie_Nova_ebmpapst_RLT_foyer-260x165.jpg 260w, https:\/\/ebmpapst-7237.kxcdn.com\/de\/files\/2023\/03\/DFB-Akademie_Nova_ebmpapst_RLT_foyer-768x488.jpg 768w, https:\/\/ebmpapst-7237.kxcdn.com\/de\/files\/2023\/03\/DFB-Akademie_Nova_ebmpapst_RLT_foyer-450x286.jpg 450w, https:\/\/ebmpapst-7237.kxcdn.com\/de\/files\/2023\/03\/DFB-Akademie_Nova_ebmpapst_RLT_foyer-300x190.jpg 300w, https:\/\/ebmpapst-7237.kxcdn.com\/de\/files\/2023\/03\/DFB-Akademie_Nova_ebmpapst_RLT_foyer.jpg 1024w\" sizes=\"auto, (max-width: 960px) 100vw, 960px\"><\/div><p>\u2026 bis zum Foyer. (Foto | DFB\/Thomas B\u00f6cker)<\/p><\/div>\n<\/div>\n\n\n<p>Im Vergleich zu klas\u00adsi\u00adschen K\u00e4lte\u00adma\u00adschinen verzichten die RLT-Anlagen g\u00e4nz\u00adlich auf chemi\u00adsche K\u00e4lte\u00admittel oder eine mecha\u00adni\u00adsche K\u00fchlung. Damit ist die Verdunstungs\u00adk\u00fchlung beson\u00adders umwelt\u00adscho\u00adnend. Schlie\u00df\u00adlich kommt sie nur mit Wasser und etwas elek\u00adtri\u00adschen Strom f\u00fcr die Wasser\u00adpumpen und Venti\u00adla\u00adtoren aus. Dementspre\u00adchend sind die RLT-Anlagen in der DFB-Akademie sehr energie\u00adeffizient und fast voll\u00adst\u00e4ndig CO<sub>2<\/sub>-neutral. Das zeigt, dass immer mehr Unter\u00adnehmen, auf die Ka2O -Tech\u00adno\u00adlogie setzen, um ihren CO<sub>2<\/sub>-Fu\u00dfab\u00addruck zu redu\u00adzieren.<\/p>\n\n\n\n<blockquote class=\"wp-block-quote is-layout-flow wp-block-quote-is-layout-flow\">\n<p>\u201eDas umwelt\u00adfreundliche Konzept der Verduns\u00adtungs\u00adk\u00fchlung hat uns \u00fcber\u00adzeugt, in der neuen Fu\u00dfball\u00adakademie auf die RLT-Anlagen der NOVA Appa\u00adrate GmbH zu setzen.\u201c<\/p>\n<cite>Winfried Na\u00df, Tech\u00adni\u00adscher Projekt\u00adleiter \u2013 Deut\u00adscher Fu\u00dfball-Bund e.V.<\/cite><\/blockquote>\n\n\n\n<p>Einziger Nach\u00adteil der Verdunstungs\u00adk\u00fchlung war bisher aller\u00addings die begrenzte Abk\u00fch\u00adlung um maximal 12 Kelvin. Mit der inno\u00adva\u00adtiven Ka2O-Tech\u00adno\u00adlogie von NOVA wurde dieses Problem jedoch gel\u00f6st. Der Trick: Anstatt einen einzigen gro\u00dfen W\u00e4rme\u00adtauscher zu verwenden, werden viele kleine W\u00e4rme\u00adtau\u00adscher modular mitein\u00adander kombi\u00adniert. Zudem werden die Modul\u00adoberfl\u00e4chen, \u00fcber die die alte Raum\u00adluft ange\u00adsaugt wird, direkt mit Wasser bespr\u00fcht. Dadurch entsteht auf vielen kleinen Fl\u00e4chen ein durch\u00adge\u00adhender Wasser\u00adfilm und insge\u00adsamt eine st\u00e4r\u00adkere Abk\u00fch\u00adlung der Au\u00dfen\u00adluft von bis zu 20 Kelvin. Das hat auch der T\u00dcV S\u00fcd best\u00e4\u00adtigt.<\/p>\n\n\n\n<figure class=\"wp-block-image alignnone baustelle1 wp-image-23101 size-medium\"><img loading=\"lazy\" decoding=\"async\" width=\"660\" height=\"440\" src=\"https:\/\/ebmpapst-7237.kxcdn.com\/de\/files\/2021\/01\/Nova_Ka2O_DFB-Akademie-660x440.jpg\" alt class=\"wp-image-23101\" srcset=\"https:\/\/ebmpapst-7237.kxcdn.com\/de\/files\/2021\/01\/Nova_Ka2O_DFB-Akademie-660x440.jpg 660w, https:\/\/ebmpapst-7237.kxcdn.com\/de\/files\/2021\/01\/Nova_Ka2O_DFB-Akademie-960x640.jpg 960w, https:\/\/ebmpapst-7237.kxcdn.com\/de\/files\/2021\/01\/Nova_Ka2O_DFB-Akademie-260x173.jpg 260w, https:\/\/ebmpapst-7237.kxcdn.com\/de\/files\/2021\/01\/Nova_Ka2O_DFB-Akademie-768x512.jpg 768w, https:\/\/ebmpapst-7237.kxcdn.com\/de\/files\/2021\/01\/Nova_Ka2O_DFB-Akademie-1536x1024.jpg 1536w, https:\/\/ebmpapst-7237.kxcdn.com\/de\/files\/2021\/01\/Nova_Ka2O_DFB-Akademie-450x300.jpg 450w, https:\/\/ebmpapst-7237.kxcdn.com\/de\/files\/2021\/01\/Nova_Ka2O_DFB-Akademie-300x200.jpg 300w, https:\/\/ebmpapst-7237.kxcdn.com\/de\/files\/2021\/01\/Nova_Ka2O_DFB-Akademie.jpg 1920w\" sizes=\"auto, (max-width: 660px) 100vw, 660px\"><figcaption class=\"wp-element-caption\">Im Aufbau: Eine von 12 RLT-Anlagen mit Ka2O-Tech\u00adno\u00adlogie in der neuen DFB-Akademie in Frank\u00adfurt. Quelle: NOVA Appa\u00adrate GmbH<\/figcaption><\/figure>\n\n\n\n<p>Doch wie gelangt die gek\u00fchlte Luft anschlie\u00ad\u00dfend in den Innen\u00adraum? Daf\u00fcr sorgen RadiPac-Radi\u00adal\u00ad\u00adven\u00adti\u00adla\u00adtoren von ebm-papst. Diese besitzen ein sehr robustes und vibra\u00adti\u00adons\u00adarmes Hochleistungs\u00adlaufrad, das hohen Gegen\u00addr\u00fc\u00adcken stand\u00adh\u00e4lt. Au\u00dferdem sind die RadiPac mit Green\u00adTech EC-Motoren ausge\u00adstattet. Dadurch haben sie bei geringem Strom\u00adbe\u00addarf einen beson\u00adders hohen Wirkungs\u00adgrad. So eignen sich die RadiPac perfekt f\u00fcr den Einsatz in den RLT-Anlagen von NOVA. Zum einen wegen der Gegen\u00addr\u00fccke, die der W\u00e4rme\u00adaustausch erzeugt. Und zum anderen wegen des umwelt\u00adschonenden K\u00fchl\u00adkon\u00adzepts, das hinter der Ka2O-Tech\u00adno\u00adlogie steckt.<\/p>\n\n\n\n<h2 class=\"wp-block-heading\">Aero\u00adsole ade<\/h2>\n\n\n\n<p>Neben der Ener\u00adgie\u00adef\u00adfi\u00adzienz und den geringen CO<sub>2<\/sub>-Emis\u00adsionen ist auch die Qualit\u00e4t der verteilten Luft ein wich\u00adtiges Thema. Schlie\u00df\u00adlich erh\u00f6ht schlechtes oder falsches L\u00fcften das Risiko, sich beispiels\u00adweise mit COVID-19 anzu\u00adste\u00adcken. Doch auch hier punkten die RLT-Anlagen von NOVA, da sie allein mit frischer Luft von au\u00dfen arbeiten. Dadurch wird die Luft in Innen\u00adr\u00e4umen stets verd\u00fcnnt und Aero\u00adsole deut\u00adlich redu\u00adziert. Das war dem DFB wichtig und f\u00fcr NOVA schon vor der Pandemie State of the Art.<\/p>\n\n\n\n<figure class=\"wp-block-image size-large ka20tech1 wp-image-23105 size-medium\"><img loading=\"lazy\" decoding=\"async\" width=\"960\" height=\"346\" src=\"https:\/\/ebmpapst-7237.kxcdn.com\/de\/files\/2021\/01\/Ka2O-Technologie_web-960x346.jpg\" alt class=\"wp-image-23105\" srcset=\"https:\/\/ebmpapst-7237.kxcdn.com\/de\/files\/2021\/01\/Ka2O-Technologie_web-960x346.jpg 960w, https:\/\/ebmpapst-7237.kxcdn.com\/de\/files\/2021\/01\/Ka2O-Technologie_web-660x238.jpg 660w, https:\/\/ebmpapst-7237.kxcdn.com\/de\/files\/2021\/01\/Ka2O-Technologie_web-260x94.jpg 260w, https:\/\/ebmpapst-7237.kxcdn.com\/de\/files\/2021\/01\/Ka2O-Technologie_web-768x277.jpg 768w, https:\/\/ebmpapst-7237.kxcdn.com\/de\/files\/2021\/01\/Ka2O-Technologie_web-450x162.jpg 450w, https:\/\/ebmpapst-7237.kxcdn.com\/de\/files\/2021\/01\/Ka2O-Technologie_web-300x108.jpg 300w, https:\/\/ebmpapst-7237.kxcdn.com\/de\/files\/2021\/01\/Ka2O-Technologie_web.jpg 1280w\" sizes=\"auto, (max-width: 960px) 100vw, 960px\"><figcaption class=\"wp-element-caption\">Die Ka2O-Tech\u00adno\u00adlogie inte\u00adgriert im RLT-Ger\u00e4t. [AB: Abluft, ZU: Zuluft, AU: Au\u00dfen\u00adluft und FO: Fort\u00adluft] <br>Quelle: NOVA Appa\u00adrate GmbH<\/figcaption><\/figure>\n\n\n\n<p>So bietet die Fu\u00dfball-Akademie seit ihrer Fertig\u00adstel\u00adlung Ende 2021 f\u00fcr ihre 428 Mitar\u00adbeiter ein opti\u00admales und sicheres Arbeits\u00adklima. Und auch die deut\u00adschen Nachwuchs\u00adkicker k\u00f6nnen sich nach ihren hitzigen Trai\u00adnings\u00addu\u00adellen jetzt schneller abk\u00fchlen \u2013 ganz ohne Eistonne.<\/p>\n","protected":false},"excerpt":{"rendered":"<p>In Frank\u00adfurt am Main baut der Deut\u00adsche Fu\u00dfball-Bund seine neue Fu\u00dfball\u00adaka\u00addemie. F\u00fcr das perfekte Klima in der Talent\u00adschmiede sorgen RLT-Anlagen der NOVA Appa\u00adrate GmbH mit Radi\u00adal\u00adven\u00adti\u00adla\u00adtoren von ebm-papst.<\/p>\n","protected":false},"author":27,"featured_media":23099,"comment_status":"open","ping_status":"closed","sticky":false,"template":"","format":"standard","meta":{"_acf_changed":false,"wp_typography_post_enhancements_disabled":false,"footnotes":""},"categories":[8,15],"tags":[33,41,133,142,239],"class_list":["post-23097","post","type-post","status-publish","format-standard","has-post-thumbnail","hentry","category-kaelte-klima","category-ventilatoren","tag-ec-ventilatoren","tag-greentech","tag-radialventilator","tag-radipac","tag-raumlufttechnik"],"acf":[],"_links":{"self":[{"href":"https:\/\/mag.ebmpapst.com\/de\/wp-json\/wp\/v2\/posts\/23097","targetHints":{"allow":["GET"]}}],"collection":[{"href":"https:\/\/mag.ebmpapst.com\/de\/wp-json\/wp\/v2\/posts"}],"about":[{"href":"https:\/\/mag.ebmpapst.com\/de\/wp-json\/wp\/v2\/types\/post"}],"author":[{"embeddable":true,"href":"https:\/\/mag.ebmpapst.com\/de\/wp-json\/wp\/v2\/users\/27"}],"replies":[{"embeddable":true,"href":"https:\/\/mag.ebmpapst.com\/de\/wp-json\/wp\/v2\/comments?post=23097"}],"version-history":[{"count":54,"href":"https:\/\/mag.ebmpapst.com\/de\/wp-json\/wp\/v2\/posts\/23097\/revisions"}],"predecessor-version":[{"id":36616,"href":"https:\/\/mag.ebmpapst.com\/de\/wp-json\/wp\/v2\/posts\/23097\/revisions\/36616"}],"wp:featuredmedia":[{"embeddable":true,"href":"https:\/\/mag.ebmpapst.com\/de\/wp-json\/wp\/v2\/media\/23099"}],"wp:attachment":[{"href":"https:\/\/mag.ebmpapst.com\/de\/wp-json\/wp\/v2\/media?parent=23097"}],"wp:term":[{"taxonomy":"category","embeddable":true,"href":"https:\/\/mag.ebmpapst.com\/de\/wp-json\/wp\/v2\/categories?post=23097"},{"taxonomy":"post_tag","embeddable":true,"href":"https:\/\/mag.ebmpapst.com\/de\/wp-json\/wp\/v2\/tags?post=23097"}],"curies":[{"name":"wp","href":"https:\/\/api.w.org\/{rel}","templated":true}]}}