{"id":22058,"date":"2020-06-23T09:58:47","date_gmt":"2020-06-23T07:58:47","guid":{"rendered":"https:\/\/mag.ebmpapst.com\/de\/?p=22058"},"modified":"2024-02-21T10:55:12","modified_gmt":"2024-02-21T09:55:12","slug":"robuste-axialventilatoren-fuer-die-kaelte-luft-und-klimatechnik","status":"publish","type":"post","link":"https:\/\/mag.ebmpapst.com\/de\/branchen\/kaelte-klima\/robuste-axialventilatoren-fuer-die-kaelte-luft-und-klimatechnik_22058\/","title":{"rendered":"Robuste Axial\u00adven\u00adti\u00adla\u00adtoren f\u00fcr die K\u00e4lte,- Luft- und Klima\u00adtechnik"},"content":{"rendered":"<p>Damit Venti\u00adla\u00adtoren effi\u00adzient arbeiten, muss ihr opti\u00admaler Betriebs\u00adbe\u00adreich auf die Erfor\u00adder\u00adnisse der Anwen\u00addung abge\u00adstimmt sein. Venti\u00adla\u00adtoren in Verdamp\u00adfern m\u00fcssen einen hohen Gegen\u00addruck \u00fcber\u00adwinden k\u00f6nnen, da sich am W\u00e4rme\u00adtau\u00adscher h\u00e4ufig Eis bildet, was die Luft\u00adwege verengt. Hier hat der Motoren- und Venti\u00adla\u00adto\u00adren\u00adspe\u00adzia\u00adlist ebm-papst ange\u00adsetzt und mit AxiEco Protect (Bild 1) eine neue Axial\u00adven\u00adti\u00adla\u00adto\u00adren\u00adbau\u00adreihe in EC- und AC-Tech\u00adno\u00adlogie entwi\u00adckelt.<\/p>\n<p>Diese bietet bei hoher Effi\u00adzienz gleich\u00adzeitig eine au\u00dfer\u00adge\u00adw\u00f6hn\u00adlich hohe Druck\u00adsta\u00adbi\u00adlit\u00e4t. Die Luft\u00adleis\u00adtungs\u00adkenn\u00adlinie verl\u00e4uft deut\u00adlich steiler als bei vergleich\u00adbaren Axial\u00adven\u00adti\u00adla\u00adtoren. In der Praxis ergeben sich dadurch mehrere Vorteile: Der Venti\u00adlator arbeitet auch bei stei\u00adgendem Gegen\u00addruck mit hohem Wirkungs\u00adgrad (Bild 2). Dadurch errei\u00adchen selbst AC-Ausf\u00fch\u00adrungen die Anfor\u00adde\u00adrungen der zuk\u00fcnf\u00adtigen ErP-Richt\u00adlinie. Somit k\u00f6nnen die Hersteller w\u00e4hlen, auf welche Technik sie setzen m\u00f6chten. Zudem verl\u00e4n\u00adgern sich die Stand\u00adzeiten, also die Inter\u00advalle zwischen den Abtau\u00adzy\u00adklen. Das spart eben\u00adfalls Energie und erh\u00f6ht die Gesamtef\u00adfi\u00adzienz des Ger\u00e4ts.<\/p>\n<div id=\"attachment_22065\" class=\"wp-caption xxtra alignleft\"><img loading=\"lazy\" decoding=\"async\" class=\"xxtra wp-image-22065 size-full\" src=\"https:\/\/ebmpapst-7237.kxcdn.com\/de\/files\/2020\/03\/Axi-Eco-Protect-AC-EC.jpg\" alt width=\"1024\" height=\"578\" srcset=\"https:\/\/ebmpapst-7237.kxcdn.com\/de\/files\/2020\/03\/Axi-Eco-Protect-AC-EC.jpg 1024w, https:\/\/ebmpapst-7237.kxcdn.com\/de\/files\/2020\/03\/Axi-Eco-Protect-AC-EC-660x373.jpg 660w, https:\/\/ebmpapst-7237.kxcdn.com\/de\/files\/2020\/03\/Axi-Eco-Protect-AC-EC-960x542.jpg 960w, https:\/\/ebmpapst-7237.kxcdn.com\/de\/files\/2020\/03\/Axi-Eco-Protect-AC-EC-260x147.jpg 260w, https:\/\/ebmpapst-7237.kxcdn.com\/de\/files\/2020\/03\/Axi-Eco-Protect-AC-EC-768x434.jpg 768w, https:\/\/ebmpapst-7237.kxcdn.com\/de\/files\/2020\/03\/Axi-Eco-Protect-AC-EC-450x254.jpg 450w, https:\/\/ebmpapst-7237.kxcdn.com\/de\/files\/2020\/03\/Axi-Eco-Protect-AC-EC-300x169.jpg 300w\" sizes=\"auto, (max-width: 1024px) 100vw, 1024px\"><div class=\"wp-caption-border\"><p class=\"wp-caption-text\">Bild 1: Der neue AxiEco Protect in EC-Tech\u00adno\u00adlogie (links) und AC-Tech\u00adno\u00adlogie (rechts). (Foto | ebm-papst)<\/p><\/div><\/div>\n<h2>Neues str\u00f6\u00admungs\u00adtech\u00adni\u00adsches Konzept<\/h2>\n<p>Den Schl\u00fcssel zur Effi\u00adzi\u00adenz\u00adstei\u00adge\u00adrung der AxiEco Protect Venti\u00adla\u00adtoren und deren h\u00f6herem Druck\u00adaufbau liefern str\u00f6\u00admungs\u00adtech\u00adni\u00adsche Opti\u00admie\u00adrungen: So bilden Laufrad, Schleu\u00adder\u00adring und Nabe eine kompakte Einheit und die Schau\u00adfel\u00adspitzen gehen direkt in den Schleu\u00adder\u00adring \u00fcber. Dadurch gibt es keinen Kopf\u00adspalt zwischen D\u00fcse und Laufrad und folg\u00adlich keine \u00dcber\u00adstr\u00f6\u00admung der Schau\u00adfel\u00adspitzen wie bei herk\u00f6mm\u00adli\u00adchen Axial\u00adven\u00adti\u00adla\u00adtoren.<\/p>\n<p>Das stei\u00adgert die Effi\u00adzienz und redu\u00adziert gleich\u00adzeitig die Ger\u00e4usch\u00adent\u00adwick\u00adlung. Zus\u00e4tz\u00adlich \u00fcber\u00adnimmt der Schleu\u00adder\u00adring die Funk\u00adtion eines Diffu\u00adsors, welcher somit direkt im Laufrad inte\u00adgriert ist. Durch seine druck\u00adstei\u00adgernde Wirkung verrin\u00adgert er die Austritts\u00adver\u00adluste und tr\u00e4gt so eben\u00adfalls zur Ger\u00e4usch\u00admin\u00adde\u00adrung bei. Dank der ins Laufrad eintau\u00adchenden Einstr\u00f6m\u00add\u00fcse und der gr\u00f6\u00dferen Austritts\u00ad\u00f6ff\u00adnung wird der Venti\u00adlator optimal durch\u00adstr\u00f6mt (Bild 3).<\/p>\n<div id=\"attachment_22068\" class=\"wp-caption aligncenter\" style=\"width: 660px\"><img loading=\"lazy\" decoding=\"async\" class=\"wp-image-22068 size-medium\" src=\"https:\/\/ebmpapst-7237.kxcdn.com\/de\/files\/2020\/03\/kennlinie-AxiEco-Protect-hyblade-660x451.jpg\" alt width=\"660\" height=\"451\" srcset=\"https:\/\/ebmpapst-7237.kxcdn.com\/de\/files\/2020\/03\/kennlinie-AxiEco-Protect-hyblade-660x451.jpg 660w, https:\/\/ebmpapst-7237.kxcdn.com\/de\/files\/2020\/03\/kennlinie-AxiEco-Protect-hyblade-960x656.jpg 960w, https:\/\/ebmpapst-7237.kxcdn.com\/de\/files\/2020\/03\/kennlinie-AxiEco-Protect-hyblade-260x178.jpg 260w, https:\/\/ebmpapst-7237.kxcdn.com\/de\/files\/2020\/03\/kennlinie-AxiEco-Protect-hyblade-768x525.jpg 768w, https:\/\/ebmpapst-7237.kxcdn.com\/de\/files\/2020\/03\/kennlinie-AxiEco-Protect-hyblade-450x308.jpg 450w, https:\/\/ebmpapst-7237.kxcdn.com\/de\/files\/2020\/03\/kennlinie-AxiEco-Protect-hyblade-300x205.jpg 300w, https:\/\/ebmpapst-7237.kxcdn.com\/de\/files\/2020\/03\/kennlinie-AxiEco-Protect-hyblade.jpg 1024w\" sizes=\"auto, (max-width: 660px) 100vw, 660px\"><div class=\"wp-caption-border\"><p class=\"wp-caption-text\">Bild 2: Die Luft\u00adleis\u00adtungs\u00adkenn\u00adlinie des AxiEco Protect verl\u00e4uft deut\u00adlich steiler als beim HyBlade und das bei hohem Wirkungs\u00adgrad. (Grafik | ebm-papst)<\/p><\/div><\/div>\n<h2>Perfekt abge\u00adstimmt auf unter\u00adschied\u00adliche Einsatz\u00adbe\u00adreiche<\/h2>\n<p>Dank vieler praxis\u00adge\u00adrechter Konstruk\u00adti\u00adons\u00adde\u00adtails ist der neue AxiEco Protect ideal an seine Einsatz\u00adbe\u00adreiche in der Luft-, K\u00e4lte- und Klima\u00adtechnik ange\u00adpasst. Beim Einsatz in Verdamp\u00adfern oder W\u00e4rme\u00adpumpen verein\u00adfa\u00adchen sich beispiels\u00adweise Service\u00adar\u00adbeiten bzw. die Einhal\u00adtung von Hygiene-Vorschriften. Verei\u00adsungen an W\u00e4rme\u00adtau\u00adscher und Venti\u00adlator werden sich leider nie ganz vermeiden lassen. Jedoch ist es m\u00f6glich, sie zu mini\u00admieren und dadurch die Stand\u00adzeiten zu verl\u00e4n\u00adgern.<\/p>\n<p>Diesen Wunsch vieler Anwender haben die Entwickler bei der neuen Baureihe gleich durch mehrere Ma\u00dfnahmen umge\u00adsetzt. Das neue Str\u00f6\u00admungs\u00adprofil des AxiEco Protect f\u00fchrt dazu, dass das Schutz\u00adgitter nicht so schnell vereist. Zus\u00e4tz\u00adlich wurde das Laufrad mit dem Schleu\u00adder\u00adring aus wider\u00adstands\u00adf\u00e4\u00adhigem Kunst\u00adstoff gefer\u00adtigt, einem Mate\u00adrial, an dem von vorn\u00adherein wenig Eisan\u00adsatz entsteht. Das Schutz\u00adgitter der Venti\u00adla\u00adtoren dagegen besteht aus Metall und ist sehr robust. Der Grund daf\u00fcr ist, dass Eisan\u00adsatz am Gitter in der Praxis meist mit mecha\u00adni\u00adschen Hilfs\u00admit\u00adteln entfernt wird.<\/p>\n<div id=\"attachment_22066\" class=\"wp-caption xxtra alignleft\"><img loading=\"lazy\" decoding=\"async\" class=\"xxtra wp-image-22066 size-full\" src=\"https:\/\/ebmpapst-7237.kxcdn.com\/de\/files\/2020\/03\/AxiEco-Protect-Luftfluss.jpg\" alt width=\"1024\" height=\"300\" srcset=\"https:\/\/ebmpapst-7237.kxcdn.com\/de\/files\/2020\/03\/AxiEco-Protect-Luftfluss.jpg 1024w, https:\/\/ebmpapst-7237.kxcdn.com\/de\/files\/2020\/03\/AxiEco-Protect-Luftfluss-660x193.jpg 660w, https:\/\/ebmpapst-7237.kxcdn.com\/de\/files\/2020\/03\/AxiEco-Protect-Luftfluss-960x281.jpg 960w, https:\/\/ebmpapst-7237.kxcdn.com\/de\/files\/2020\/03\/AxiEco-Protect-Luftfluss-260x76.jpg 260w, https:\/\/ebmpapst-7237.kxcdn.com\/de\/files\/2020\/03\/AxiEco-Protect-Luftfluss-768x225.jpg 768w, https:\/\/ebmpapst-7237.kxcdn.com\/de\/files\/2020\/03\/AxiEco-Protect-Luftfluss-450x132.jpg 450w, https:\/\/ebmpapst-7237.kxcdn.com\/de\/files\/2020\/03\/AxiEco-Protect-Luftfluss-300x88.jpg 300w\" sizes=\"auto, (max-width: 1024px) 100vw, 1024px\"><div class=\"wp-caption-border\"><p class=\"wp-caption-text\">Bild 3: Dank der ins Laufrad eintau\u00adchenden Einstr\u00f6m\u00add\u00fcse und der gr\u00f6\u00dferen Austritts\u00ad\u00f6ffnung wird der Venti\u00adlator AxiEco Protect optimal durch\u00adstr\u00f6mt. (Grafik| ebm-papst)<\/p><\/div><\/div>\n<p>Rillen auf den Venti\u00adla\u00adtor\u00adfl\u00fc\u00adgeln sorgen daf\u00fcr, dass Tauwasser nach dem turnus\u00adm\u00e4\u00ad\u00dfigen Enteisen problemlos in Rich\u00adtung der am Verdampfer vorhan\u00addenen Tropf\u00adwanne ablaufen kann. Dadurch l\u00e4sst sich ein \u201eFest\u00adfrieren\u201c der Venti\u00adla\u00adtor\u00adschau\u00adfeln verhin\u00addern. Gleich\u00adzeitig ist die Gefahr gebannt, dass beim Wieder\u00adan\u00adlauf des Venti\u00adla\u00adtors Wasser abspritzt. Je h\u00f6her die Hygie\u00adne\u00adan\u00adfor\u00adde\u00adrungen sind, desto mehr gewinnt dieses Feature an Bedeu\u00adtung. Bei offen gela\u00adgerten Lebens\u00admit\u00adteln beispiels\u00adweise gilt es, eine Konta\u00admi\u00adna\u00adtion mit Spritz\u00adwasser m\u00f6glichst zu vermeiden.<\/p>\n<p>Die Venti\u00adla\u00adtoren gibt es in den Baugr\u00f6\u00dfen 300, 350, 400, 450 und 500 sowohl in EC- als auch in AC-Ausf\u00fch\u00adrung (Bild 4). Mit Volu\u00admen\u00adstr\u00f6men bis zu 12.000 m\u00b3\/h und Dr\u00fccken bis zu 450 Pa eignen sie sich f\u00fcr eine Viel\u00adzahl typi\u00adscher Anwen\u00addungen in der K\u00e4lte-, Klima- und Luft\u00adtechnik und k\u00f6nnen entweder dr\u00fcckend oder saugend einge\u00adsetzt werden. Als kompakte Plug &amp; Play L\u00f6sung lassen sie sich gut in die Anwen\u00addung inte\u00adgrieren, im einfachsten Fall werden sie direkt auf die vorhan\u00addene Kurz\u00add\u00fcse gesetzt.<\/p>\n<div id=\"attachment_22067\" class=\"wp-caption aligncenter\" style=\"width: 660px\"><img loading=\"lazy\" decoding=\"async\" class=\"wp-image-22067 size-medium\" src=\"https:\/\/ebmpapst-7237.kxcdn.com\/de\/files\/2020\/03\/kennlinie-AxiEco-Protect-660x342.jpg\" alt width=\"660\" height=\"342\" srcset=\"https:\/\/ebmpapst-7237.kxcdn.com\/de\/files\/2020\/03\/kennlinie-AxiEco-Protect-660x342.jpg 660w, https:\/\/ebmpapst-7237.kxcdn.com\/de\/files\/2020\/03\/kennlinie-AxiEco-Protect-960x497.jpg 960w, https:\/\/ebmpapst-7237.kxcdn.com\/de\/files\/2020\/03\/kennlinie-AxiEco-Protect-260x135.jpg 260w, https:\/\/ebmpapst-7237.kxcdn.com\/de\/files\/2020\/03\/kennlinie-AxiEco-Protect-768x398.jpg 768w, https:\/\/ebmpapst-7237.kxcdn.com\/de\/files\/2020\/03\/kennlinie-AxiEco-Protect-450x233.jpg 450w, https:\/\/ebmpapst-7237.kxcdn.com\/de\/files\/2020\/03\/kennlinie-AxiEco-Protect-300x155.jpg 300w, https:\/\/ebmpapst-7237.kxcdn.com\/de\/files\/2020\/03\/kennlinie-AxiEco-Protect.jpg 1024w\" sizes=\"auto, (max-width: 660px) 100vw, 660px\"><div class=\"wp-caption-border\"><p class=\"wp-caption-text\">Bild 4: Luftleistungs\u00adkennlinien der neuen AxiEco Protect Axial\u00adven\u00adti\u00adla\u00adtoren in EC-Tech\u00adno\u00adlogie. (Grafik | ebm-papst)<\/p><\/div><\/div>\n<p>Die neuen AxiEco Protect Venti\u00adla\u00adtoren erf\u00fcllen unab\u00adh\u00e4ngig von der einge\u00adsetzten Moto\u00adren\u00adtech\u00adno\u00adlogie die Anfor\u00adde\u00adrungen der n\u00e4chsten ErP-Stufe, aller\u00addings bieten die Venti\u00adla\u00adtoren mit EC-Motoren noch viele weitere Vorteile.&nbsp; Im Vergleich zu AC-Motoren arbeiten EC-Motoren mit deut\u00adlich besseren Wirkungs\u00adgraden. Es entsteht weniger Abw\u00e4rme, ein wich\u00adtiger Vorteil bei K\u00fchl\u00adan\u00adwen\u00addungen. Eine bedarfs\u00adge\u00adrechte Steue\u00adrung und \u00dcber\u00adwa\u00adchung der Venti\u00adla\u00adtoren \u00fcber ein 0-10 V-Signal oder MODBUS sind ebenso m\u00f6glich. Dadurch arbeiten die EC-Venti\u00adla\u00adtoren gerade im Teil\u00adlast\u00adbe\u00adreich sehr effi\u00adzient und der Ener\u00adgie\u00adver\u00adbrauch wird deut\u00adlich redu\u00adziert.<\/p>\n<p>Indi\u00advi\u00addu\u00adelle Anpas\u00adsungen bei beson\u00adderen K\u00fchl\u00adan\u00adfor\u00adde\u00adrungen werden dadurch erleich\u00adtert. Typi\u00adsche Beispiele hierf\u00fcr sind Reife\u00adpro\u00adzesse bei der Lage\u00adrung von K\u00e4se, empfind\u00adli\u00adchem Obst oder Gem\u00fcse, oder abwei\u00adchender Tag- und Nacht\u00adbe\u00adtrieb. Selbst in der L\u00fcftungs\u00adtechnik lassen sich hier\u00addurch bedarfs\u00adab\u00adh\u00e4n\u00adgige Volu\u00admen\u00adstr\u00f6me einfach einstellen. Ab Herbst 2020 wird es zudem eine Weiter\u00adent\u00adwick\u00adlung geben, was den robusten Venti\u00adla\u00adtoren weitere Anwen\u00addungs\u00adbe\u00adreiche in K\u00e4lte-, Luft- und Klima\u00adtechnik sowie dem Maschi\u00adnenbau erschlie\u00dfen wird.<\/p>\n","protected":false},"excerpt":{"rendered":"<p>Damit Venti\u00adla\u00adtoren effi\u00adzient arbeiten, muss ihr opti\u00admaler Betriebs\u00adbe\u00adreich auf die Erfor\u00adder\u00adnisse der Anwen\u00addung abge\u00adstimmt sein. Venti\u00adla\u00adtoren in Verdamp\u00adfern m\u00fcssen einen hohen Gegen\u00addruck \u00fcber\u00adwinden k\u00f6nnen, da sich am W\u00e4rme\u00adtau\u00adscher h\u00e4ufig Eis bildet, was die Luft\u00adwege verengt. Hier hat der Motoren- und Venti\u00adla\u00adto\u00adren\u00adspe\u00adzia\u00adlist ebm-papst ange\u00adsetzt und mit AxiEco Protect (Bild 1) eine neue Axial\u00adven\u00adti\u00adla\u00adto\u00adren\u00adbau\u00adreihe in EC- und [\u2026]<\/p>\n","protected":false},"author":12,"featured_media":0,"comment_status":"open","ping_status":"closed","sticky":false,"template":"","format":"standard","meta":{"_acf_changed":false,"wp_typography_post_enhancements_disabled":false,"footnotes":""},"categories":[8,15],"tags":[],"class_list":["post-22058","post","type-post","status-publish","format-standard","hentry","category-kaelte-klima","category-ventilatoren"],"acf":[],"_links":{"self":[{"href":"https:\/\/mag.ebmpapst.com\/de\/wp-json\/wp\/v2\/posts\/22058","targetHints":{"allow":["GET"]}}],"collection":[{"href":"https:\/\/mag.ebmpapst.com\/de\/wp-json\/wp\/v2\/posts"}],"about":[{"href":"https:\/\/mag.ebmpapst.com\/de\/wp-json\/wp\/v2\/types\/post"}],"author":[{"embeddable":true,"href":"https:\/\/mag.ebmpapst.com\/de\/wp-json\/wp\/v2\/users\/12"}],"replies":[{"embeddable":true,"href":"https:\/\/mag.ebmpapst.com\/de\/wp-json\/wp\/v2\/comments?post=22058"}],"version-history":[{"count":18,"href":"https:\/\/mag.ebmpapst.com\/de\/wp-json\/wp\/v2\/posts\/22058\/revisions"}],"predecessor-version":[{"id":22187,"href":"https:\/\/mag.ebmpapst.com\/de\/wp-json\/wp\/v2\/posts\/22058\/revisions\/22187"}],"wp:attachment":[{"href":"https:\/\/mag.ebmpapst.com\/de\/wp-json\/wp\/v2\/media?parent=22058"}],"wp:term":[{"taxonomy":"category","embeddable":true,"href":"https:\/\/mag.ebmpapst.com\/de\/wp-json\/wp\/v2\/categories?post=22058"},{"taxonomy":"post_tag","embeddable":true,"href":"https:\/\/mag.ebmpapst.com\/de\/wp-json\/wp\/v2\/tags?post=22058"}],"curies":[{"name":"wp","href":"https:\/\/api.w.org\/{rel}","templated":true}]}}