{"id":20053,"date":"2025-07-23T12:53:09","date_gmt":"2025-07-23T10:53:09","guid":{"rendered":"https:\/\/mag.ebmpapst.com\/de\/?p=20053"},"modified":"2025-08-19T14:22:28","modified_gmt":"2025-08-19T12:22:28","slug":"aktive-gleichrichtung-minimiert-netzrueckwirkungen","status":"publish","type":"post","link":"https:\/\/mag.ebmpapst.com\/de\/branchen\/aktive-gleichrichtung-minimiert-netzrueckwirkungen_20053\/","title":{"rendered":"Aktive Gleich\u00adrich\u00adtung mini\u00admiert Netz\u00adr\u00fcck\u00adwir\u00adkungen"},"content":{"rendered":"\n<p>Die Welt braucht ener\u00adgie\u00adspa\u00adrende L\u00f6sungen, ange\u00adfangen bei Leucht\u00admit\u00adteln bis hin zu elek\u00adtri\u00adschen Antrieben. Bereits die Anpas\u00adsung der Dreh\u00adzahl von Antriebs\u00adsys\u00adtemen auf die tats\u00e4ch\u00adliche Dreh\u00admo\u00adment-Leis\u00adtungs\u00adan\u00adfor\u00adde\u00adrung spart unn\u00f6\u00adtigen Ener\u00adgie\u00adein\u00adsatz. Durch den Einsatz von effi\u00adzi\u00adenten EC-Motoren erschlie\u00dfen sich zudem weitere Einspar\u00adpo\u00adten\u00adtiale, was der Umwelt und dem Geld\u00adbeutel des Betrei\u00adbers glei\u00adcher\u00adma\u00dfen zugu\u00adte\u00adkommt. Diese an sich sehr begr\u00fc\u00ad\u00dfens\u00adwerte Entwick\u00adlung hat jedoch einen Haken: Die in aller Regel nicht sinus\u00adf\u00f6r\u00admigen sondern puls\u00adf\u00f6r\u00admigen und phasen\u00adver\u00adscho\u00adbenen Aufnah\u00adme\u00adstr\u00f6me der neuen Ener\u00adgie\u00adspar\u00adge\u00adr\u00e4te erzeugen zus\u00e4tz\u00adliche Verluste in den Gene\u00adra\u00adtoren, Leitungen und Trans\u00adfor\u00adma\u00adtoren der Ener\u00adgie\u00adver\u00adsor\u00adgung. Die durch Phasen\u00adver\u00adschie\u00adbung und Ober\u00adschwin\u00adgungs\u00adstr\u00f6me verur\u00adsachte Blind\u00adleis\u00adtung muss bereit\u00adge\u00adstellt werden. Vor allem bei soge\u00adnannten Insel\u00adnetzen, z. B. in einem Rechen\u00adzen\u00adtrum, wird das zum uner\u00adw\u00fcnschten Kosten\u00adfaktor. Hier gilt es Abhilfe zu schaffen.<\/p>\n\n\n\n<figure class=\"wp-block-image size-full xxtrabig wp-image-20075 size-large\"><img loading=\"lazy\" decoding=\"async\" width=\"1117\" height=\"472\" src=\"https:\/\/ebmpapst-7237.kxcdn.com\/de\/files\/2019\/03\/einspeisung-transformator-netzr\u00fcckwirkungen-gleichrichter-ebm-papst-stromversorgung-datacenter-1.jpg\" alt class=\"wp-image-20075\" srcset=\"https:\/\/ebmpapst-7237.kxcdn.com\/de\/files\/2019\/03\/einspeisung-transformator-netzr\u00fcckwirkungen-gleichrichter-ebm-papst-stromversorgung-datacenter-1.jpg 1117w, https:\/\/ebmpapst-7237.kxcdn.com\/de\/files\/2019\/03\/einspeisung-transformator-netzr\u00fcckwirkungen-gleichrichter-ebm-papst-stromversorgung-datacenter-1-260x110.jpg 260w, https:\/\/ebmpapst-7237.kxcdn.com\/de\/files\/2019\/03\/einspeisung-transformator-netzr\u00fcckwirkungen-gleichrichter-ebm-papst-stromversorgung-datacenter-1-660x279.jpg 660w, https:\/\/ebmpapst-7237.kxcdn.com\/de\/files\/2019\/03\/einspeisung-transformator-netzr\u00fcckwirkungen-gleichrichter-ebm-papst-stromversorgung-datacenter-1-768x325.jpg 768w, https:\/\/ebmpapst-7237.kxcdn.com\/de\/files\/2019\/03\/einspeisung-transformator-netzr\u00fcckwirkungen-gleichrichter-ebm-papst-stromversorgung-datacenter-1-960x406.jpg 960w, https:\/\/ebmpapst-7237.kxcdn.com\/de\/files\/2019\/03\/einspeisung-transformator-netzr\u00fcckwirkungen-gleichrichter-ebm-papst-stromversorgung-datacenter-1-450x190.jpg 450w, https:\/\/ebmpapst-7237.kxcdn.com\/de\/files\/2019\/03\/einspeisung-transformator-netzr\u00fcckwirkungen-gleichrichter-ebm-papst-stromversorgung-datacenter-1-300x127.jpg 300w\" sizes=\"auto, (max-width: 1117px) 100vw, 1117px\"><figcaption class=\"wp-element-caption\">Bild 1: Beispiel f\u00fcr ein Strom\u00adver\u00adsor\u00adgungs\u00adsystem in einem Rechen\u00adzentrum. (Grafik | ebm-papst)<\/figcaption><\/figure>\n\n\n\n<h2 class=\"wp-block-heading\">Netz\u00adr\u00fcck\u00adwir\u00adkungen durch Strom\u00adober\u00adschwin\u00adgungen<\/h2>\n\n\n\n<p>Die Strom\u00adver\u00adsor\u00adgung eines Rechen\u00adzen\u00adtrums besteht im Wesent\u00adli\u00adchen aus den Kompo\u00adnenten Netz-Einspei\u00adse\u00adtrafo,&nbsp; USV-Anlage und Notstrom\u00adge\u00adne\u00adrator (Bild 1). Diese Kompo\u00adnenten m\u00fcssen eine zuver\u00adl\u00e4s\u00adsige Ener\u00adgie\u00adver\u00adsor\u00adgung (durch Redun\u00addanz) gew\u00e4hr\u00adleisten. Die Bereit\u00adstel\u00adlung von zus\u00e4tz\u00adli\u00adcher Blind\u00adleis\u00adtung bedingt jedoch eine leis\u00adtungs\u00adseitig gr\u00f6\u00dfere Ausle\u00adgung aller an der Strom\u00adver\u00adsor\u00adgung betei\u00adligten Kompo\u00adnenten. Eine solche unn\u00f6\u00adtige \u00dcber\u00addi\u00admen\u00adsio\u00adnie\u00adrung ist aus Kosten\u00adgr\u00fcnden uner\u00adw\u00fcnscht. <\/p>\n\n\n\n<div class=\"wp-block-group alignfull mgznkr-cta-retrofit-banner\"><div class=\"wp-block-group__inner-container is-layout-constrained wp-block-group-is-layout-constrained\">\n<style>\n.mgznkr-cta-retrofit-banner .alignwide.banner-width {\n  max-width: 100%;\n  width: 1240px;\n  margin: 0 auto;\n--mark-bgcolor: #00a633;\n--mark-color: white;\n}\n@media (max-width: 781px) {\n.mgznkr-cta-retrofit-banner .wp-block-cover .wp-block-cover__image-background {\nobject-position: 17% 50%!important;\n}\n\n.mgznkr-column-spacer p {display: none; }\n}\n@media (min-width: 782px) {\n.mgznkr-column-spacer p a {\n  min-height: 290px;\n  min-width: 100%;\n  display: block;\n  border-radius: 50px;\nfont-size: 0;\n}\n}\n\n.mgznkr-cta-retrofit-banner .wp-block-columns .wp-block-column:first-of-type{\n    position:relative;\n}\n.mgznkr-cta-retrofit-banner .wp-block-columns .wp-block-column:first-of-type::before {\n    content: \"\";\n    position: absolute;\n    width: 170%;\n    height: 100%;\n    background: #a2b91e;\n    z-index: 0;\n    top: 0;\n    left: 0;\n}\n.mgznkr-cta-retrofit-banner .wp-block-column{\n    z-index: 10;\n    &:first-of-type{\n        padding-left: 4rem;\n    }\n}\n.mgznkr-cta-retrofit-banner .wp-block-column *{\nposition: relative;\nz-index: 10;\n}\n.mgznkr-cta-retrofit-banner .wp-block-column figure.wp-block-image{\n    margin-bottom: 0;\n}\n@media (width < 782px){\n.mgznkr-cta-retrofit-banner .mgznkr-mobile-hidden{\ndisplay: none;\n}\n.mgznkr-cta-retrofit-banner .wp-block-columns .wp-block-column:first-of-type{\n  padding-right: 4rem;\n}\n.mgznkr-cta-retrofit-banner .wp-block-columns .wp-block-column:first-of-type::before {\n  width: 100%;\n}\n}\n\n<\/style>\n\n\n\n<div style=\"height:32px\" aria-hidden=\"true\" class=\"wp-block-spacer\"><\/div>\n\n\n\n<div class=\"wp-block-cover\" style=\"min-height:350px;aspect-ratio:unset;\"><img loading=\"lazy\" decoding=\"async\" width=\"960\" height=\"400\" class=\"wp-block-cover__image-background wp-image-38370 size-large\" alt src=\"https:\/\/ebmpapst-7237.kxcdn.com\/de\/files\/2025\/08\/L2A-Awareness-Campaign-960x400.webp\" data-object-fit=\"cover\" srcset=\"https:\/\/ebmpapst-7237.kxcdn.com\/de\/files\/2025\/08\/L2A-Awareness-Campaign-960x400.webp 960w, https:\/\/ebmpapst-7237.kxcdn.com\/de\/files\/2025\/08\/L2A-Awareness-Campaign-660x275.webp 660w, https:\/\/ebmpapst-7237.kxcdn.com\/de\/files\/2025\/08\/L2A-Awareness-Campaign-260x108.webp 260w, https:\/\/ebmpapst-7237.kxcdn.com\/de\/files\/2025\/08\/L2A-Awareness-Campaign-768x320.webp 768w, https:\/\/ebmpapst-7237.kxcdn.com\/de\/files\/2025\/08\/L2A-Awareness-Campaign-1536x640.webp 1536w, https:\/\/ebmpapst-7237.kxcdn.com\/de\/files\/2025\/08\/L2A-Awareness-Campaign-450x188.webp 450w, https:\/\/ebmpapst-7237.kxcdn.com\/de\/files\/2025\/08\/L2A-Awareness-Campaign-300x125.webp 300w, https:\/\/ebmpapst-7237.kxcdn.com\/de\/files\/2025\/08\/L2A-Awareness-Campaign.webp 1920w\" sizes=\"auto, (max-width: 960px) 100vw, 960px\"><span aria-hidden=\"true\" class=\"wp-block-cover__background has-background-dim-0 has-background-dim\" style=\"background-color:#e0e6e6\"><\/span><div class=\"wp-block-cover__inner-container is-layout-constrained wp-block-cover-is-layout-constrained\">\n<div class=\"wp-block-columns alignwide banner-width is-layout-flex wp-container-core-columns-is-layout-9d6595d7 wp-block-columns-is-layout-flex\">\n<div class=\"wp-block-column is-vertically-aligned-center is-layout-flow wp-block-column-is-layout-flow\" style=\"flex-basis:50%\">\n<h2 class=\"wp-block-heading mgznkr-click has-white-color has-text-color has-link-color wp-elements-362af95064a04990656ab0ffee238911\" id=\"retrofit-banner-head\" style=\"font-size:1.6em;text-transform:uppercase\"><a href=\"https:\/\/www.ebmpapst.com\/de\/de\/campaigns\/industry-campaigns\/data-center.html#cooling-solutions\" target=\"_blank\" rel=\"noreferrer noopener\">High Perfor\u00admance, Low Carbon:<\/a><\/h2>\n\n\n\n<div style=\"height:10px\" aria-hidden=\"true\" class=\"wp-block-spacer\"><\/div>\n\n\n\n<p>ebm-papst inter\u00adpre\u00adtiert die K\u00fchlung von Rechen-zentren neu. Unsere effi\u00adzi\u00adenten K\u00fchl\u00adl\u00f6\u00adsungen verbinden Ener\u00adgie\u00adef\u00adfi\u00adzienz mit hoher Leis\u00adtungs\u00addichte.<\/p>\n\n\n\n<div class=\"wp-block-buttons is-layout-flex wp-block-buttons-is-layout-flex\">\n<div class=\"wp-block-button is-style-fill mgznkr-click\" id=\"retrofit-banner-button\"><a class=\"wp-block-button__link has-background has-custom-font-size wp-element-button\" href=\"https:\/\/www.ebmpapst.com\/de\/de\/campaigns\/industry-campaigns\/data-center.html#cooling-solutions\" style=\"background-color:#0072bb;font-size:18px\" target=\"_blank\" rel=\"noreferrer noopener\">Jetzt zuver\u00adl\u00e4s\u00adsige K\u00fchlung sicher\u00adstellen <i class=\"mgznkr-icon fa fa-chevron-right fas\"><\/i><\/a><\/div>\n<\/div>\n<\/div>\n\n\n\n<div class=\"wp-block-column is-vertically-aligned-bottom mgznkr-column-spacer mgznkr-mobile-hidden is-layout-flow wp-block-column-is-layout-flow\" style=\"flex-basis:50%\">\n<figure class=\"wp-block-image size-full\"><img loading=\"lazy\" decoding=\"async\" width=\"2560\" height=\"1727\" src=\"https:\/\/ebmpapst-7237.kxcdn.com\/de\/files\/2025\/08\/L2A-Awareness-Campaign-00-scaled.webp\" alt class=\"wp-image-38386\" style=\"object-fit:cover\" srcset=\"https:\/\/ebmpapst-7237.kxcdn.com\/de\/files\/2025\/08\/L2A-Awareness-Campaign-00-scaled.webp 2560w, https:\/\/ebmpapst-7237.kxcdn.com\/de\/files\/2025\/08\/L2A-Awareness-Campaign-00-660x445.webp 660w, https:\/\/ebmpapst-7237.kxcdn.com\/de\/files\/2025\/08\/L2A-Awareness-Campaign-00-960x647.webp 960w, https:\/\/ebmpapst-7237.kxcdn.com\/de\/files\/2025\/08\/L2A-Awareness-Campaign-00-260x175.webp 260w, https:\/\/ebmpapst-7237.kxcdn.com\/de\/files\/2025\/08\/L2A-Awareness-Campaign-00-768x518.webp 768w, https:\/\/ebmpapst-7237.kxcdn.com\/de\/files\/2025\/08\/L2A-Awareness-Campaign-00-1536x1036.webp 1536w, https:\/\/ebmpapst-7237.kxcdn.com\/de\/files\/2025\/08\/L2A-Awareness-Campaign-00-2048x1381.webp 2048w, https:\/\/ebmpapst-7237.kxcdn.com\/de\/files\/2025\/08\/L2A-Awareness-Campaign-00-450x303.webp 450w, https:\/\/ebmpapst-7237.kxcdn.com\/de\/files\/2025\/08\/L2A-Awareness-Campaign-00-300x202.webp 300w\" sizes=\"auto, (max-width: 2560px) 100vw, 2560px\"><\/figure>\n<\/div>\n<\/div>\n<\/div><\/div>\n\n\n\n<div style=\"height:36px\" aria-hidden=\"true\" class=\"wp-block-spacer\"><\/div>\n<\/div><\/div>\n\n\n\n<p>Ener\u00adgie\u00adver\u00adbrauchs\u00adop\u00adti\u00admierte EC-Venti\u00adla\u00adtoren haben nun aber \u2013 genauso wie frequenz\u00adum\u00adrich\u00adter\u00adge\u00adre\u00adgelte Asyn\u00adchron\u00admo\u00adtoren \u2013 aufgrund ihrer Schal\u00adtungs\u00adtechnik ohne Zusatz\u00adma\u00df\u00adnahmen keine sinus\u00adf\u00f6r\u00admige, sondern eine puls\u00adf\u00f6r\u00admige Strom\u00adauf\u00adnahme. Jede Abwei\u00adchung von einer sinus\u00adf\u00f6r\u00admigen Strom\u00adauf\u00adnahme bedingt Strom\u00adober\u00adschwin\u00adgungen welche in Summe zu einer sog. Verzer\u00adrungs\u00adblind\u00adleis\u00adtung f\u00fchren. Diese belastet das Versor\u00adgungs\u00adnetz zus\u00e4tz\u00adlich und f\u00fchrt zu erh\u00f6hten Verlusten in allen an der Strom\u00adver\u00adsor\u00adgung betei\u00adligten Kompo\u00adnenten.<\/p>\n\n\n<div class=\"wp-block-image wp-image-20188 size-medium\">\n<figure class=\"aligncenter size-full\"><img loading=\"lazy\" decoding=\"async\" width=\"994\" height=\"441\" src=\"https:\/\/ebmpapst-7237.kxcdn.com\/de\/files\/2019\/03\/Netzrueckwirkung-oberschwingung-ebm-papst-2.jpg\" alt class=\"wp-image-20188\" srcset=\"https:\/\/ebmpapst-7237.kxcdn.com\/de\/files\/2019\/03\/Netzrueckwirkung-oberschwingung-ebm-papst-2.jpg 994w, https:\/\/ebmpapst-7237.kxcdn.com\/de\/files\/2019\/03\/Netzrueckwirkung-oberschwingung-ebm-papst-2-260x115.jpg 260w, https:\/\/ebmpapst-7237.kxcdn.com\/de\/files\/2019\/03\/Netzrueckwirkung-oberschwingung-ebm-papst-2-660x293.jpg 660w, https:\/\/ebmpapst-7237.kxcdn.com\/de\/files\/2019\/03\/Netzrueckwirkung-oberschwingung-ebm-papst-2-768x341.jpg 768w, https:\/\/ebmpapst-7237.kxcdn.com\/de\/files\/2019\/03\/Netzrueckwirkung-oberschwingung-ebm-papst-2-960x426.jpg 960w, https:\/\/ebmpapst-7237.kxcdn.com\/de\/files\/2019\/03\/Netzrueckwirkung-oberschwingung-ebm-papst-2-450x200.jpg 450w, https:\/\/ebmpapst-7237.kxcdn.com\/de\/files\/2019\/03\/Netzrueckwirkung-oberschwingung-ebm-papst-2-300x133.jpg 300w\" sizes=\"auto, (max-width: 994px) 100vw, 994px\"><figcaption class=\"wp-element-caption\">BILD 2: Netz\u00adr\u00fcck\u00adwir\u00adkungen durch Ober\u00adschwin\u00adgungen bei zwei Venti\u00adla\u00adtoren mit 3 kW Leis\u00adtung. (Grafik | ebm-papst)<\/figcaption><\/figure>\n<\/div>\n\n\n<p>Bild 2 zeigt als Beispiel den Aufnah\u00adme\u00adstrom einer Server\u00adk\u00fch\u00adlung mit zwei parallel geschal\u00adteten Venti\u00adla\u00adtoren mit jeweils ca. 3 kW Aufnah\u00adme\u00adleis\u00adtung. Die Blind\u00adleis\u00adtung liegt mit 6,69 kVA hier \u00fcber der Wirk\u00adleis\u00adtung mit 5,74 kW, der Leis\u00adtungs\u00adfaktor, also der Quotient Wirk- zu Schein\u00adleis\u00adtung, liegt bei schlechten 0,64 und die gesamt\u00adhar\u00admo\u00adni\u00adsche Verzer\u00adrung des Stroms (THD(I)) bei knapp 120 %. Das bedeutet, dass die geome\u00adtri\u00adsche Summe aller Ober\u00adschwin\u00adgungs\u00adstr\u00f6me gr\u00f6\u00dfer ist als die Grund\u00adschwin\u00adgung selbst. Dass solche Str\u00f6me alle in der Strom\u00adver\u00adsor\u00adgungs\u00adkette notwen\u00addigen Kompo\u00adnenten \u2013 also Trans\u00adfor\u00adma\u00adtoren, USV-Anlage, Gene\u00adra\u00adtoren und auch die Leitungen \u2013 stark belasten, kann man sich leicht vorstellen. Die Verzer\u00adrungs\u00adblind\u00adleis\u00adtung muss am Einspei\u00adse\u00adpunkt vorge\u00adhalten werden. Im Inter\u00adesse einer opti\u00admalen Ausle\u00adgung der Strom\u00adver\u00adsor\u00adgung und des Backup-Systems soll die Strom\u00adver\u00adzer\u00adrung m\u00f6glichst gering sein, also der Leis\u00adtungs\u00adfaktor nahe 1 liegen.<\/p>\n\n\n\n<div class=\"wp-block-group\"><div class=\"wp-block-group__inner-container is-layout-constrained wp-block-group-is-layout-constrained\">\n<div class=\"wp-block-group illu\"><div class=\"wp-block-group__inner-container is-layout-constrained wp-block-group-is-layout-constrained\">\n<div class=\"video-container\"><iframe loading=\"lazy\" class=\"vimeo-iframe\" src=\"https:\/\/player.vimeo.com\/video\/1102116543?dnt=1\" width=\"960\" height=\"540\" frameborder=\"0\" allowfullscreen=\"allowfullscreen\"><\/iframe><\/div>\n\n<\/div><\/div>\n\n\n\n<p class=\"has-text-align-right like-figcaption\">(Video | ebm-papst)<\/p>\n<\/div><\/div>\n\n\n\n<h2 class=\"wp-block-heading\">Normen und Grenz\u00adwerte f\u00fcr Ober\u00adschwin\u00adgungen bei drei\u00adpha\u00adsigen Ger\u00e4ten<\/h2>\n\n\n\n<p>Daf\u00fcr reichen die von der in \u00fcbli\u00adchen Indus\u00adtrie\u00adan\u00adlagen geltenden Norm EN 61000-3-2 gefor\u00adderten Werte nicht aus. Sie klas\u00adsi\u00adfi\u00adziert Ger\u00e4te bis zu einem Phasen\u00adstrom von 16 A und defi\u00adniert f\u00fcr diese Klassen Grenz\u00adwerte f\u00fcr die Ober\u00adschwin\u00adgungs\u00adstr\u00f6me. Venti\u00adla\u00adtoren fallen unter die Ger\u00e4\u00adte\u00adgruppe A, zu der neben symme\u00adtri\u00adschen drei\u00adpha\u00adsigen Ger\u00e4ten z. B. auch Haus\u00adhalts\u00adge\u00adr\u00e4te geh\u00f6ren.<\/p>\n\n\n<div class=\"wp-block-image wp-image-20083 size-full\">\n<figure class=\"aligncenter\"><img loading=\"lazy\" decoding=\"async\" width=\"651\" height=\"643\" src=\"https:\/\/ebmpapst-7237.kxcdn.com\/de\/files\/2019\/03\/gleichrichter-ebm-papst-netzr\u00fcckwirkungen-netzdrossel-1.jpg\" alt class=\"wp-image-20083\" srcset=\"https:\/\/ebmpapst-7237.kxcdn.com\/de\/files\/2019\/03\/gleichrichter-ebm-papst-netzr\u00fcckwirkungen-netzdrossel-1.jpg 651w, https:\/\/ebmpapst-7237.kxcdn.com\/de\/files\/2019\/03\/gleichrichter-ebm-papst-netzr\u00fcckwirkungen-netzdrossel-1-260x257.jpg 260w, https:\/\/ebmpapst-7237.kxcdn.com\/de\/files\/2019\/03\/gleichrichter-ebm-papst-netzr\u00fcckwirkungen-netzdrossel-1-450x444.jpg 450w, https:\/\/ebmpapst-7237.kxcdn.com\/de\/files\/2019\/03\/gleichrichter-ebm-papst-netzr\u00fcckwirkungen-netzdrossel-1-300x296.jpg 300w\" sizes=\"auto, (max-width: 651px) 100vw, 651px\"><figcaption class=\"wp-element-caption\">Bild 3: Verrin\u00adge\u00adrung von Netz\u00adr\u00fcck\u00adwir\u00adkungen durch Vorschalten einer Netz\u00addrossel. (Grafik | ebm-papst)<\/figcaption><\/figure>\n<\/div>\n\n\n<div class=\"wp-block-group article-sidebox\"><div class=\"wp-block-group__inner-container is-layout-flow wp-block-group-is-layout-flow\">\n<div style=\"height:9px\" aria-hidden=\"true\" class=\"wp-block-spacer\"><\/div>\n\n\n<div class=\"wp-block-image\">\n<figure class=\"aligncenter size-full is-resized\"><a href=\"https:\/\/www.ebmpapst.com\/de\/de\/support\/downloads\/software\/active-pfc-whitepaper.html\" target=\"_blank\" rel=\" noreferrer noopener\"><img loading=\"lazy\" decoding=\"async\" width=\"1258\" height=\"1258\" src=\"https:\/\/ebmpapst-7237.kxcdn.com\/de\/files\/2019\/04\/activepfc-whitepaper-de.jpg\" alt class=\"wp-image-38047\" style=\"aspect-ratio:4\/3;object-fit:cover;width:200px\" srcset=\"https:\/\/ebmpapst-7237.kxcdn.com\/de\/files\/2019\/04\/activepfc-whitepaper-de.jpg 1258w, https:\/\/ebmpapst-7237.kxcdn.com\/de\/files\/2019\/04\/activepfc-whitepaper-de-660x660.jpg 660w, https:\/\/ebmpapst-7237.kxcdn.com\/de\/files\/2019\/04\/activepfc-whitepaper-de-960x960.jpg 960w, https:\/\/ebmpapst-7237.kxcdn.com\/de\/files\/2019\/04\/activepfc-whitepaper-de-260x260.jpg 260w, https:\/\/ebmpapst-7237.kxcdn.com\/de\/files\/2019\/04\/activepfc-whitepaper-de-768x768.jpg 768w, https:\/\/ebmpapst-7237.kxcdn.com\/de\/files\/2019\/04\/activepfc-whitepaper-de-300x300.jpg 300w, https:\/\/ebmpapst-7237.kxcdn.com\/de\/files\/2019\/04\/activepfc-whitepaper-de-450x450.jpg 450w\" sizes=\"auto, (max-width: 1258px) 100vw, 1258px\"><\/a><\/figure>\n<\/div>\n\n\n<h3 class=\"wp-block-heading\">Netz\u00adqua\u00adlit\u00e4t im Griff \u2013 ganz ohne Zusatz\u00adauf\u00adwand!<\/h3>\n\n\n\n<p>Erfahren Sie im White\u00adpaper, wie inte\u00adgrierte aktive Gleich\u00adrich\u00adtung EC-Venti\u00adla\u00adtoren fit f\u00fcr h\u00f6chste Anfor\u00adde\u00adrungen macht.<\/p>\n\n\n\n<div class=\"wp-block-buttons is-layout-flex wp-block-buttons-is-layout-flex\">\n<div class=\"wp-block-button is-style-fill\"><a class=\"wp-block-button__link has-custom-font-size wp-element-button\" href=\"https:\/\/www.ebmpapst.com\/de\/de\/support\/downloads\/software\/active-pfc-whitepaper.html\" style=\"font-size:18px\" target=\"_blank\" rel=\"noreferrer noopener\">Jetzt White\u00adpaper lesen <i class=\"mgznkr-icon fa fa-chevron-right fas\"><\/i><\/a><\/div>\n<\/div>\n<\/div><\/div>\n\n\n\n<p>Je h\u00f6her die Aufnah\u00adme\u00adstr\u00f6me werden, umso schwie\u00adriger wird es, die Grenz\u00adwerte der Klasse A einzu\u00adhalten, da es sich um abso\u00adlute Grenz\u00adwerte handelt (also nicht relativ zur Leis\u00adtung), welche f\u00fcr die einzelnen Ordnungen des Strom\u00adober\u00adschwin\u00adgungs\u00adspek\u00adtrums defi\u00adniert sind. Ab einem bestimmten Aufnah\u00adme\u00adstrom helfen dann nur noch aktive Filter\u00adl\u00f6\u00adsungen. Bei drei\u00adpha\u00adsigen Ger\u00e4ten sind diese jedoch recht aufwendig und f\u00fcr \u201enormale\u201c Indus\u00adtrie\u00adan\u00adwen\u00addungen wirt\u00adschaft\u00adlich nicht attraktiv. Vermut\u00adlich deshalb sind drei\u00adpha\u00adsige Ger\u00e4te mit Leis\u00adtungen \u00fcber 1 kW in der Norm nicht ber\u00fcck\u00adsich\u00adtigt. Das f\u00fchrt dazu, dass es f\u00fcr drei\u00adpha\u00adsige Ger\u00e4te mit Leis\u00adtungen von 1 bis ca. 10 kW schlicht keine Grenz\u00adwerte gibt. Werden aller\u00addings mehrere Ger\u00e4te, f\u00fcr die als Einzel\u00adge\u00adr\u00e4te keine Grenz\u00adwerte gelten, zusam\u00admen\u00adge\u00adschaltet und der Phasen\u00adstrom liegt im Bereich zwischen 16 A und 75 A, gilt dann eine weitere Norm: Die EN 61000-3-12 defi\u00adniert die Grenz\u00adwerte f\u00fcr einzelne Ordnungen des Strom\u00adober\u00adschwin\u00adgungs\u00adspek\u00adtrums und die gesamt\u00adhar\u00admo\u00adni\u00adsche Verzer\u00adrung des Stroms. Inter\u00ades\u00adsant dabei ist, dass die zul\u00e4s\u00adsigen Werte von der Netz\u00adqua\u00adlit\u00e4t abh\u00e4ngen. Je \u201eweicher\u201c die Netze sind \u2013 je h\u00f6her also der komplexe Innen\u00adwi\u00adder\u00adstand des Netzes ist \u2013 umso nied\u00adriger liegen die Grenz\u00adwerte f\u00fcr den Ober\u00adschwin\u00adgungs\u00adge\u00adhalt des Stromes. Das ist auch verst\u00e4nd\u00adlich, denn ein nicht\u00adli\u00adnearer Strom verzerrt die Span\u00adnungs\u00adform umso st\u00e4rker, je h\u00f6her der Innen\u00adwi\u00adder\u00adstand des Netzes ist. Um dann die Forde\u00adrungen zu erf\u00fcllen, sind auch f\u00fcr klas\u00adsi\u00adsche drei\u00adphasig versorgte Frequenz\u00adum\u00adrichter Ma\u00dfnahmen notwendig. Da man in Indus\u00adtrie\u00adnetzen in den meisten F\u00e4llen von einem nied\u00adrigen Innen\u00adwi\u00adder\u00adstand ausgehen kann, gilt nach EN 61000-3-12 f\u00fcr den Ober\u00adschwin\u00adgungs\u00adge\u00adhalt des Aufnah\u00adme\u00adstroms ein Grenz\u00adwert von 48 %.<\/p>\n\n\n\n<h2 class=\"wp-block-heading\">Netz- und Zwischen\u00adkreis\u00addrossel helfen nur bedingt<\/h2>\n\n\n\n<p>Dieser Wert, der aller\u00addings den Bed\u00fcrf\u00adnissen heutiger Rechen\u00adzen\u00adtren keines\u00adwegs gen\u00fcgt, l\u00e4sst sich relativ einfach errei\u00adchen, z. B. durch Vorschalten einer Netz\u00addrossel (Bild 3). Die Drossel braucht aller\u00addings Platz und es ist eine zus\u00e4tz\u00adliche Verka\u00adbe\u00adlung notwendig. F\u00fcr das oben genannte Beispiel mit 2 Venti\u00adla\u00adtoren mit je ca. 3 kW lassen sich mit einer 2 %-igen Netz\u00addrossel f\u00fcr den Leis\u00adtungs\u00adfaktor ca. 0,9 und die gesamt\u00adhar\u00admo\u00adni\u00adsche Verzer\u00adrung des Aufnah\u00adme\u00adstroms THD(I)-Werte von ca. 45 % errei\u00adchen.<\/p>\n\n\n<div class=\"wp-block-image wp-image-20191 size-medium\">\n<figure class=\"aligncenter size-full\"><img loading=\"lazy\" decoding=\"async\" width=\"682\" height=\"682\" src=\"https:\/\/ebmpapst-7237.kxcdn.com\/de\/files\/2019\/03\/zwischenkreisdrossel-ebm-papst-1.jpg\" alt class=\"wp-image-20191\" srcset=\"https:\/\/ebmpapst-7237.kxcdn.com\/de\/files\/2019\/03\/zwischenkreisdrossel-ebm-papst-1.jpg 682w, https:\/\/ebmpapst-7237.kxcdn.com\/de\/files\/2019\/03\/zwischenkreisdrossel-ebm-papst-1-260x260.jpg 260w, https:\/\/ebmpapst-7237.kxcdn.com\/de\/files\/2019\/03\/zwischenkreisdrossel-ebm-papst-1-660x660.jpg 660w, https:\/\/ebmpapst-7237.kxcdn.com\/de\/files\/2019\/03\/zwischenkreisdrossel-ebm-papst-1-300x300.jpg 300w, https:\/\/ebmpapst-7237.kxcdn.com\/de\/files\/2019\/03\/zwischenkreisdrossel-ebm-papst-1-450x450.jpg 450w\" sizes=\"auto, (max-width: 682px) 100vw, 682px\"><figcaption class=\"wp-element-caption\">Bild 4: Verrin\u00adge\u00adrung von Netz\u00adr\u00fcck\u00adwir\u00adkungen durch Inte\u00adgra\u00adtion einer Zwischen\u00adkreis\u00addrossel. (Grafik | ebm-papst)<\/figcaption><\/figure>\n<\/div>\n\n\n<p>Inte\u00adgriert man eine Zwischen\u00adkreis\u00addrossel (Bild\u20084) in der Leis\u00adtungs\u00adelek\u00adtronik (dies ist bei ebm-papst f\u00fcr drei\u00adphasig versorgte EC-Venti\u00adla\u00adtoren mit hoch\u00adka\u00adpa\u00adzi\u00adtivem Zwischen\u00adkreis der Stan\u00addard), lassen sich sogar etwas bessere Werte errei\u00adchen: Mit einem Leis\u00adtungs\u00adfaktor von ca. 0,94 und einem THD(I)-Wert von 34 % sind die Forde\u00adrungen der Norm EN61000-3-12 einge\u00adhalten, zumin\u00addest die Grenz\u00adwerte f\u00fcr \u201eharte\u201c, also nieder\u00adim\u00adpe\u00addante Indus\u00adtrienetze. Wenn aller\u00addings geringste Netz\u00adspan\u00adnungs\u00adver\u00adzer\u00adrungen proble\u00adma\u00adtisch sind und\/oder die Netz\u00adim\u00adpe\u00addanzen hoch sind, m\u00fcssen die Ober\u00adschwin\u00adgungs\u00adan\u00adteile im Strom auf ein Minimum redu\u00adziert werden. Und so ist heute in vielen Data\u00adcenter-Anwen\u00addungen oft die Rede von Ziel\u00adwerten f\u00fcr den Leis\u00adtungs\u00adfaktor von \u00fcber 0,95 bei einem THD(I)-Wert von unter&nbsp;5 %.<\/p>\n\n\n\n<h2 class=\"wp-block-heading\">Der Ziel\u00adwert f\u00fcr den THD(I) liegt unter 5 %<\/h2>\n\n\n\n<p>Eine prin\u00adzi\u00adpi\u00adelle M\u00f6glich\u00adkeit, sich diesen Werten anzu\u00adn\u00e4hern, sind Vorschalt\u00adl\u00f6\u00adsungen in Form von Ober\u00adschwin\u00adgungs\u00adfil\u00adtern, die oft auch als Harmo\u00adnics-Filter bezeichnet werden (Bild 5). Diese Filter sind je nach Eigen\u00adschaft und G\u00fcte bez\u00fcg\u00adlich des notwen\u00addigen Mate\u00adri\u00adal\u00adein\u00adsatzes recht impo\u00adsant, was sich nicht zuletzt im Preis nieder\u00adschl\u00e4gt. Die erreich\u00adbaren Werte sind jedoch schon sehr nah am Ziel\u00adwert: Hier im Beispiel werden 0,98 im Leis\u00adtungs\u00adfaktor und 7,5 % Ober\u00adschwin\u00adgungs\u00adge\u00adhalt des Phasen\u00adstroms erreicht; die Strom\u00adform sieht dabei n\u00e4he\u00adrungs\u00adweise sinus\u00adf\u00f6rmig aus.<\/p>\n\n\n<div class=\"wp-block-image wp-image-20087 size-full\">\n<figure class=\"aligncenter\"><img loading=\"lazy\" decoding=\"async\" width=\"656\" height=\"661\" src=\"https:\/\/ebmpapst-7237.kxcdn.com\/de\/files\/2019\/03\/oberschwingungsfilter-ebm-papst.jpg\" alt class=\"wp-image-20087\" srcset=\"https:\/\/ebmpapst-7237.kxcdn.com\/de\/files\/2019\/03\/oberschwingungsfilter-ebm-papst.jpg 656w, https:\/\/ebmpapst-7237.kxcdn.com\/de\/files\/2019\/03\/oberschwingungsfilter-ebm-papst-260x262.jpg 260w, https:\/\/ebmpapst-7237.kxcdn.com\/de\/files\/2019\/03\/oberschwingungsfilter-ebm-papst-450x453.jpg 450w, https:\/\/ebmpapst-7237.kxcdn.com\/de\/files\/2019\/03\/oberschwingungsfilter-ebm-papst-300x302.jpg 300w\" sizes=\"auto, (max-width: 656px) 100vw, 656px\"><figcaption class=\"wp-element-caption\">Bild 5: Verrin\u00adge\u00adrung von Netz\u00adr\u00fcck\u00adwir\u00adkungen durch Vorschalten eines teuren Ober\u00adschwin\u00adgungs\u00adfil\u00adters. (Grafik | ebm-papst)<\/figcaption><\/figure>\n<\/div>\n\n\n<p>Aller\u00addings haben solche Filter den Nach\u00adteil, dass sie nur auf einen einzigen Betriebs\u00adpunkt optimal ausge\u00adlegt sind, in aller Regel auf die Nenn\u00adleis\u00adtung. Im Teil\u00adlast\u00adbe\u00adreich liegen die THD(I)-Werte oftmals fast doppelt so hoch. Auch der Leis\u00adtungs\u00adfaktor wird bei kleinen Leis\u00adtungen schlechter. Im Teil\u00adlast\u00adbe\u00adreich werden dadurch die Blind\u00adstr\u00f6me sehr hoch. Au\u00dferdem gibt es einen deut\u00adli\u00adchen Span\u00adnungs\u00adab\u00adfall \u00fcber den Filter; die Nenn\u00addreh\u00adzahlen und Leis\u00adtungs\u00adwerte der Venti\u00adla\u00adtoren werden dadurch unter Umst\u00e4nden nicht erreicht.<\/p>\n\n\n\n<p>Die Nach\u00adteile der passiven Filter lassen sich durch eine aktive Filter\u00adl\u00f6\u00adsung weit\u00adge\u00adhend vermeiden. Hierf\u00fcr gibt es Vorschalt\u00adge\u00adr\u00e4te, die aller\u00addings noch\u00admals teurer sind und zus\u00e4tz\u00adli\u00adchen Platz und Verdrah\u00adtungs\u00adauf\u00adwand bedeuten.<\/p>\n\n\n\n<div class=\"wp-block-group mgznkr-elements mgznkr-box\"><div class=\"wp-block-group__inner-container is-layout-flow wp-block-group-is-layout-flow\">\n<h2 class=\"wp-block-heading\">Durch Ober\u00adschwin\u00adgungs\u00adstr\u00f6me verur\u00adsachte Probleme<\/h2>\n\n\n\n<ul class=\"wp-block-list\">\n<li>\u00dcber\u00adlas\u00adtung von Neut\u00adral\u00adlei\u00adtern&nbsp;<\/li>\n\n\n\n<li>\u00dcber\u00adhit\u00adzung von Trans\u00adfor\u00adma\u00adtoren&nbsp;<\/li>\n\n\n\n<li>Fehl\u00adaus\u00adl\u00f6\u00adsung von Leitungsschutzschaltern\/ Leis\u00adtungs\u00adschal\u00adtern&nbsp;<\/li>\n\n\n\n<li>Harmo\u00adni\u00adsche Reso\u00adnanz&nbsp;<\/li>\n\n\n\n<li>Skin\u00adef\u00adfekte&nbsp;<\/li>\n\n\n\n<li>Signal\u00adst\u00f6\u00adrungen<\/li>\n<\/ul>\n<\/div><\/div>\n\n\n\n<h2 class=\"wp-block-heading\">Aktive Gleich\u00adrich\u00adtung im Venti\u00adlator als Plug &amp; Play-L\u00f6sung<\/h2>\n\n\n\n<p>Die Motoren- und Venti\u00adla\u00adto\u00adren\u00adspe\u00adzia\u00adlisten von ebm-papst haben deshalb als erster Venti\u00adla\u00adto\u00adren\u00adher\u00adsteller eine drei\u00adpha\u00adsige Aktiv-PFC-Stufe in Form eines aktiven Gleich\u00adrich\u00adters in ihren EC-Venti\u00adla\u00adtoren inte\u00adgriert, um dem Anwender zus\u00e4tz\u00adli\u00adchen Aufwand zu ersparen (Bild 6). Begonnen wurde mit der Motor\u00adbau\u00adgr\u00f6\u00dfe 150 (3 kW), die in den neuen RadiPac Venti\u00adla\u00adtoren der Baugr\u00f6\u00dfen 450, 500, 560 und in den RadiCal Venti\u00adla\u00adtoren der Baugr\u00f6\u00dfen 500, 560 und 630 einge\u00adsetzt sind.<\/p>\n\n\n\n<p>Die Werte, die sich errei\u00adchen lassen, \u00fcber\u00aderf\u00fcllen sogar die Anfor\u00adde\u00adrung: Der Leis\u00adtungs\u00adfaktor liegt bei Nenn\u00adlast bei \u00fcber 0,99, der THD(I)-Wert bei typisch ca. 2 %. Dieser bleibt sogar bis herab zu 10 % der Nenn\u00adleis\u00adtung bei unter 5 %.<\/p>\n\n\n<div class=\"wp-block-image wp-image-20194 size-full\">\n<figure class=\"aligncenter\"><img loading=\"lazy\" decoding=\"async\" width=\"649\" height=\"663\" src=\"https:\/\/ebmpapst-7237.kxcdn.com\/de\/files\/2019\/03\/Netzr\u00fcckwirkungen-durch-Oberschwingungen-bei-zwei-Ventilatoren-mit-3-kW-Leistung-1.jpg\" alt class=\"wp-image-20194\" srcset=\"https:\/\/ebmpapst-7237.kxcdn.com\/de\/files\/2019\/03\/Netzr\u00fcckwirkungen-durch-Oberschwingungen-bei-zwei-Ventilatoren-mit-3-kW-Leistung-1.jpg 649w, https:\/\/ebmpapst-7237.kxcdn.com\/de\/files\/2019\/03\/Netzr\u00fcckwirkungen-durch-Oberschwingungen-bei-zwei-Ventilatoren-mit-3-kW-Leistung-1-260x266.jpg 260w, https:\/\/ebmpapst-7237.kxcdn.com\/de\/files\/2019\/03\/Netzr\u00fcckwirkungen-durch-Oberschwingungen-bei-zwei-Ventilatoren-mit-3-kW-Leistung-1-450x460.jpg 450w, https:\/\/ebmpapst-7237.kxcdn.com\/de\/files\/2019\/03\/Netzr\u00fcckwirkungen-durch-Oberschwingungen-bei-zwei-Ventilatoren-mit-3-kW-Leistung-1-300x306.jpg 300w\" sizes=\"auto, (max-width: 649px) 100vw, 649px\"><figcaption class=\"wp-element-caption\">Bild 6: Verrin\u00adge\u00adrung von Netz\u00adr\u00fcck\u00adwir\u00adkungen durch aktive Gleich\u00adrich\u00adtung. Ein drei\u00adpha\u00adsiges Aktiv PFC ist in der Elek\u00adtronik des EC-Motors inte\u00adgriert. (Grafik | ebm-papst)<\/figcaption><\/figure>\n<\/div>\n\n\n<p>Die Motoren sind in Achs-Rich\u00adtung durch die Inte\u00adgra\u00adtion der drei\u00adpha\u00adsigen Aktiv-PFC-Gleich\u00adrich\u00adtung nur unwe\u00adsent\u00adlich l\u00e4nger und der Wirkungs\u00adgrad\u00adver\u00adlust ist bei Nenn\u00adleis\u00adtung mit gut 2\u2008% nur gering. Dabei hat der Anwender jedoch den Nutzen, dass der bei herk\u00f6mm\u00adli\u00adchen L\u00f6sungen puls\u00adf\u00f6r\u00admige Aufnah\u00adme\u00adstrom der EC-Motoren in einen sinus\u00adf\u00f6r\u00admigen Aufnah\u00adme\u00adstrom umge\u00adwan\u00addelt wird, ohne zus\u00e4tz\u00adliche Kompo\u00adnenten zu verdrahten und ohne dass Filter- und Motoren aufein\u00adander abge\u00adstimmt werden m\u00fcssen. Die Plug\u2008&amp;\u2008Play-f\u00e4higen, hoch\u00adef\u00adfi\u00adzi\u00adenten EC-Venti\u00adla\u00adtoren senken den Ener\u00adgie\u00adver\u00adbrauch in Rechen\u00adzen\u00adtren und erf\u00fcllen zudem den Wunsch, die Strom\u00adver\u00adsor\u00adgung der Anlagen ledig\u00adlich auf die Nenn-Wirk\u00adleis\u00adtung der Venti\u00adla\u00adtoren auszu\u00adlegen.<\/p>\n\n\n\n<div class=\"wp-block-group mgznkr-elements mgznkr-box\"><div class=\"wp-block-group__inner-container is-layout-flow wp-block-group-is-layout-flow\">\n<h2 class=\"wp-block-heading\">Durch Ober\u00adschwin\u00adgungs\u00adspan\u00adnungen verur\u00adsachte Probleme<\/h2>\n\n\n\n<ul class=\"wp-block-list\">\n<li>Span\u00adnungs\u00adver\u00adzer\u00adrungen \/ Span\u00adnungs\u00ad\u00fcber\u00adh\u00f6\u00adhungen&nbsp;<\/li>\n\n\n\n<li>\u00dcber\u00adhit\u00adzung und Hoch\u00adlauf\u00adschwie\u00adrig\u00adkeiten von Dreh\u00adfeld\u00admo\u00adtoren&nbsp;<\/li>\n\n\n\n<li>Null\u00addurch\u00adgangs\u00adst\u00f6\u00adrungen<\/li>\n<\/ul>\n<\/div><\/div>\n\n\n\n<h2 class=\"wp-block-heading\">RadiPac mit aktiver Leis\u00adtungs\u00adfak\u00adtor\u00adkor\u00adrektur: Effi\u00adzienz auf neuem Niveau<\/h2>\n\n\n<div class=\"wp-block-image\">\n<figure class=\"alignright size-full is-resized\"><img loading=\"lazy\" decoding=\"async\" width=\"842\" height=\"842\" src=\"https:\/\/ebmpapst-7237.kxcdn.com\/de\/files\/2019\/04\/ebmpapst_RadiPac_C_electronics.png\" alt class=\"wp-image-38039\" style=\"width:300px\" srcset=\"https:\/\/ebmpapst-7237.kxcdn.com\/de\/files\/2019\/04\/ebmpapst_RadiPac_C_electronics.png 842w, https:\/\/ebmpapst-7237.kxcdn.com\/de\/files\/2019\/04\/ebmpapst_RadiPac_C_electronics-660x660.png 660w, https:\/\/ebmpapst-7237.kxcdn.com\/de\/files\/2019\/04\/ebmpapst_RadiPac_C_electronics-260x260.png 260w, https:\/\/ebmpapst-7237.kxcdn.com\/de\/files\/2019\/04\/ebmpapst_RadiPac_C_electronics-768x768.png 768w, https:\/\/ebmpapst-7237.kxcdn.com\/de\/files\/2019\/04\/ebmpapst_RadiPac_C_electronics-300x300.png 300w, https:\/\/ebmpapst-7237.kxcdn.com\/de\/files\/2019\/04\/ebmpapst_RadiPac_C_electronics-450x450.png 450w\" sizes=\"auto, (max-width: 842px) 100vw, 842px\"><figcaption class=\"wp-element-caption\">RadiPac 3 C (Bild | ebm-papst)<\/figcaption><\/figure>\n<\/div>\n\n\n<p>Die Radi\u00adal\u00adven\u00adti\u00adla\u00adtoren der neuesten RadiPac-Gene\u00adra\u00adtion sind seri\u00aden\u00adm\u00e4\u00dfig mit EC-Motoren ausge\u00adstattet, die \u00fcber eine inte\u00adgrierte Elek\u00adtronik mit aktiver PFC verf\u00fcgen. Diese sorgt daf\u00fcr, dass der Strom\u00adver\u00adbrauch beson\u00adders gleich\u00adm\u00e4\u00dfig und netz\u00adscho\u00adnend erfolgt \u2013 ein entschei\u00addender Vorteil in sensi\u00adblen Umge\u00adbungen mit hohen Anfor\u00adde\u00adrungen an die Netz\u00adqua\u00adlit\u00e4t. Dank dieser Tech\u00adno\u00adlogie wird der Leis\u00adtungs\u00adfaktor deut\u00adlich verbes\u00adsert, Netz\u00adr\u00fcck\u00adwir\u00adkungen werden mini\u00admiert und die Einhal\u00adtung inter\u00adna\u00adtio\u00adnaler Normen wie EN 61000-3-2 sicher\u00adge\u00adstellt. In Kombi\u00adna\u00adtion mit den str\u00f6\u00admungs\u00adtech\u00adnisch opti\u00admierten Lauf\u00adr\u00e4\u00addern, der kompakten Bauweise und der hohen Leis\u00adtungs\u00addichte bietet der RadiPac damit eine rundum effi\u00adzi\u00adente L\u00f6sung f\u00fcr anspruchs\u00advolle Rechen\u00adzen\u00adtrums\u00adan\u00adwen\u00addungen.<\/p>\n","protected":false},"excerpt":{"rendered":"<p>Die Welt braucht ener\u00adgie\u00adspa\u00adrende L\u00f6sungen, ange\u00adfangen bei Leucht\u00admit\u00adteln bis hin zu elek\u00adtri\u00adschen Antrieben. Bereits die Anpas\u00adsung der Dreh\u00adzahl von Antriebs\u00adsys\u00adtemen auf die tats\u00e4ch\u00adliche Dreh\u00ad\u00admo\u00ad\u00adment-Leis\u00ad\u00adtungs\u00ad\u00adan\u00ad\u00adfor\u00ad\u00adde\u00adrung spart unn\u00f6\u00adtigen Ener\u00adgie\u00adein\u00adsatz. Durch den Einsatz von effi\u00adzi\u00adenten EC-Motoren erschlie\u00dfen sich zudem weitere Einspar\u00adpo\u00adten\u00adtiale, was der Umwelt und dem Geld\u00adbeutel des Betrei\u00adbers glei\u00adcher\u00adma\u00dfen zugu\u00adte\u00adkommt. Diese an sich sehr begr\u00fc\u00ad\u00dfens\u00adwerte Entwick\u00adlung hat [\u2026]<\/p>\n","protected":false},"author":25,"featured_media":0,"comment_status":"open","ping_status":"closed","sticky":false,"template":"","format":"standard","meta":{"_acf_changed":false,"wp_typography_post_enhancements_disabled":false,"footnotes":""},"categories":[3,5,14,15],"tags":[121,127,125],"class_list":["post-20053","post","type-post","status-publish","format-standard","hentry","category-branchen","category-elektronik","category-telekommunikation","category-ventilatoren","tag-antrieb","tag-energieeffizienz","tag-motor"],"acf":[],"_links":{"self":[{"href":"https:\/\/mag.ebmpapst.com\/de\/wp-json\/wp\/v2\/posts\/20053","targetHints":{"allow":["GET"]}}],"collection":[{"href":"https:\/\/mag.ebmpapst.com\/de\/wp-json\/wp\/v2\/posts"}],"about":[{"href":"https:\/\/mag.ebmpapst.com\/de\/wp-json\/wp\/v2\/types\/post"}],"author":[{"embeddable":true,"href":"https:\/\/mag.ebmpapst.com\/de\/wp-json\/wp\/v2\/users\/25"}],"replies":[{"embeddable":true,"href":"https:\/\/mag.ebmpapst.com\/de\/wp-json\/wp\/v2\/comments?post=20053"}],"version-history":[{"count":38,"href":"https:\/\/mag.ebmpapst.com\/de\/wp-json\/wp\/v2\/posts\/20053\/revisions"}],"predecessor-version":[{"id":38425,"href":"https:\/\/mag.ebmpapst.com\/de\/wp-json\/wp\/v2\/posts\/20053\/revisions\/38425"}],"wp:attachment":[{"href":"https:\/\/mag.ebmpapst.com\/de\/wp-json\/wp\/v2\/media?parent=20053"}],"wp:term":[{"taxonomy":"category","embeddable":true,"href":"https:\/\/mag.ebmpapst.com\/de\/wp-json\/wp\/v2\/categories?post=20053"},{"taxonomy":"post_tag","embeddable":true,"href":"https:\/\/mag.ebmpapst.com\/de\/wp-json\/wp\/v2\/tags?post=20053"}],"curies":[{"name":"wp","href":"https:\/\/api.w.org\/{rel}","templated":true}]}}