{"id":16442,"date":"2017-03-01T07:30:45","date_gmt":"2017-03-01T06:30:45","guid":{"rendered":"https:\/\/mag.ebmpapst.com\/de\/?p=16442"},"modified":"2025-11-13T09:32:18","modified_gmt":"2025-11-13T08:32:18","slug":"die-wirbelstaerke-ist-entscheidend-fuer-die-akustik-von-axialventilatoren","status":"publish","type":"post","link":"https:\/\/mag.ebmpapst.com\/de\/produkte\/ventilatoren\/die-wirbelstaerke-ist-entscheidend-fuer-die-akustik-von-axialventilatoren_16442\/","title":{"rendered":"Die Formel f\u00fcr die Wirbel\u00adst\u00e4rke"},"content":{"rendered":"<div class=\"wp-block-image wp-image-16449\">\n<figure class=\"alignright size-full is-resized\"><img loading=\"lazy\" decoding=\"async\" width=\"300\" height=\"800\" src=\"https:\/\/ebmpapst-7237.kxcdn.com\/de\/files\/2017\/02\/Oliver-Haaf-ueber-die-Akustik-eines-Axialventilator.jpg\" alt class=\"wp-image-16449\" style=\"width:250px\" srcset=\"https:\/\/ebmpapst-7237.kxcdn.com\/de\/files\/2017\/02\/Oliver-Haaf-ueber-die-Akustik-eines-Axialventilator.jpg 300w, https:\/\/ebmpapst-7237.kxcdn.com\/de\/files\/2017\/02\/Oliver-Haaf-ueber-die-Akustik-eines-Axialventilator-260x693.jpg 260w\" sizes=\"auto, (max-width: 300px) 100vw, 300px\"><figcaption class=\"wp-element-caption\">Oliver Haaf, Grup\u00adpen\u00adleiter Vor- und Funk\u00adti\u00adons\u00adent\u00adwick\u00adlung Str\u00f6\u00admungs\u00adtechnik bei ebm-papst in Mulfingen<\/figcaption><\/figure>\n<\/div>\n\n\n<p>Die Rota\u00adtion des Geschwin\u00addig\u00adkeits\u00adfeldes ergibt sich als Kreuz\u00adpro\u00addukt des Vektors der Rich\u00adtungs\u00adab\u00adlei\u00adtungen (<span class=\"arr-top\"><small>\u2207<\/small><\/span>) und des Geschwin\u00addig\u00adkeits\u00advek\u00adtors (<span class=\"arr-top\">v<\/span>). Sie gibt an, wie schnell oder stark ein Wirbel im Str\u00f6\u00admungs\u00adfeld um sein Zentrum rotiert. Durch \u00c4nde\u00adrungen der Geome\u00adtrie des Fl\u00fcgels im Spalt\u00adbe\u00adreich l\u00e4sst sich die Wirbel\u00adst\u00e4rke beein\u00adflussen. Dabei steigt das Ger\u00e4usch mit zuneh\u00admender Wirbel\u00adst\u00e4rke.<\/p>\n\n\n\n<p>Bei Axial\u00adven\u00adti\u00adla\u00adtoren kommt es durch den Druck\u00adun\u00adter\u00adschied zwischen Druck- und Saug\u00adseite zur \u00dcber\u00adstr\u00f6\u00admung der Venti\u00adla\u00adtor\u00adschau\u00adfeln im Spalt\u00adbe\u00adreich der Geh\u00e4u\u00adse\u00adwand. Die Str\u00f6\u00admung inter\u00adagiert dort mit den Kanten, der Schau\u00adfel\u00adober\u00adfl\u00e4che und mit der umge\u00adbenden Geh\u00e4u\u00adse\u00adwand. Es bilden sich Wirbel, die den Schall\u00adpegel um bis zu 10 dB erh\u00f6hen k\u00f6nnen.<\/p>\n\n\n\n<p>Der Spalt\u00adab\u00adstand zwischen Schau\u00adfel\u00adspitze und Wand\u00adring hat einen gro\u00dfen Einfluss auf das Ger\u00e4usch\u00adver\u00adhalten, wobei das Ger\u00e4usch bei kleiner werdendem Spalt abnimmt.<\/p>\n\n\n\n<p>Hier helfen Wing\u00adlets weiter. Mit diesen defi\u00adnierten geome\u00adtri\u00adschen Ausfor\u00admungen an der Schau\u00adfel\u00adspitze k\u00f6nnen die Kopf\u00adspalt\u00adstr\u00f6\u00admung und die sich dadurch bildenden Wirbel so beein\u00adflusst werden, dass sich bei gege\u00adbenem Spalt eine deut\u00adliche Ger\u00e4usch\u00adre\u00adduk\u00adtion ergibt. Wing\u00adlets k\u00f6nnen mit unter\u00adschied\u00adli\u00adchen Geome\u00adtrien den Wirbel beein\u00adflussen. Eine M\u00f6glich\u00adkeit ist, den trei\u00adbenden Geschwin\u00addig\u00adkeits\u00advektor <span class=\"arr-top\">v<\/span> der Wirbel zu verrin\u00adgern. Soge\u00adnannte T-Wing\u00adlets erh\u00f6hen den Str\u00f6\u00admungs\u00adwi\u00adder\u00adstand im Spalt\u00adbe\u00adreich und verrin\u00adgern so die Wirbel\u00adst\u00e4rke (<span class=\"arr-top\">\u03c9<\/span> = <span class=\"arr-top\"><small>\u2207<\/small><\/span> \u00d7 <span class=\"arr-top\">v<\/span>) und dadurch die Ger\u00e4usch\u00adent\u00adste\u00adhung beim Auftreffen der Wirbel auf feste Ober\u00adfl\u00e4\u00adchen.<\/p>\n\n\n\n<div style=\"height:40px\" aria-hidden=\"true\" class=\"wp-block-spacer\"><\/div>\n\n\n\n<div class=\"wp-block-group mgznkr-color-box has-background\" style=\"background-color:#00a633\"><div class=\"wp-block-group__inner-container is-layout-flow wp-block-group-is-layout-flow\">\n<h3 class=\"wp-block-heading has-white-color has-text-color has-link-color wp-elements-31a79a7508fc9ebf50b00d9b66f7457b\">Sound\u00adcheck f\u00fcr W\u00e4rme\u00adpumpen: Psycho\u00adakustik f\u00fcr mini\u00admale Ger\u00e4usch\u00adent\u00adwick\u00adlung<\/h3>\n\n\n<div class=\"wp-block-image\">\n<figure class=\"aligncenter size-full is-resized\"><img loading=\"lazy\" decoding=\"async\" width=\"1920\" height=\"1080\" src=\"https:\/\/ebmpapst-7237.kxcdn.com\/de\/files\/2023\/03\/psychoakustik_waermepumpe_ebm-papst-header.jpg\" alt class=\"wp-image-27750\" style=\"width:400px\" srcset=\"https:\/\/ebmpapst-7237.kxcdn.com\/de\/files\/2023\/03\/psychoakustik_waermepumpe_ebm-papst-header.jpg 1920w, https:\/\/ebmpapst-7237.kxcdn.com\/de\/files\/2023\/03\/psychoakustik_waermepumpe_ebm-papst-header-660x371.jpg 660w, https:\/\/ebmpapst-7237.kxcdn.com\/de\/files\/2023\/03\/psychoakustik_waermepumpe_ebm-papst-header-960x540.jpg 960w, https:\/\/ebmpapst-7237.kxcdn.com\/de\/files\/2023\/03\/psychoakustik_waermepumpe_ebm-papst-header-260x146.jpg 260w, https:\/\/ebmpapst-7237.kxcdn.com\/de\/files\/2023\/03\/psychoakustik_waermepumpe_ebm-papst-header-768x432.jpg 768w, https:\/\/ebmpapst-7237.kxcdn.com\/de\/files\/2023\/03\/psychoakustik_waermepumpe_ebm-papst-header-1536x864.jpg 1536w, https:\/\/ebmpapst-7237.kxcdn.com\/de\/files\/2023\/03\/psychoakustik_waermepumpe_ebm-papst-header-450x253.jpg 450w, https:\/\/ebmpapst-7237.kxcdn.com\/de\/files\/2023\/03\/psychoakustik_waermepumpe_ebm-papst-header-300x169.jpg 300w\" sizes=\"auto, (max-width: 1920px) 100vw, 1920px\"><\/figure>\n<\/div>\n\n\n<p class=\"has-white-color has-text-color has-link-color wp-elements-7571ce7768004b1873fdc0f26b00ddee\"><strong>Luft-Wasser-W\u00e4rme\u00adpumpen<\/strong>&nbsp;mit Heiz\u00adleis\u00adtungen von etwa 3 bis 30 kW sind f\u00fcr viele Ein- und Mehr\u00adfa\u00admi\u00adli\u00aden\u00adh\u00e4user eine sinn\u00advolle L\u00f6sung. Sie arbeiten jedoch nicht v\u00f6llig ger\u00e4uschlos. Dabei ist keines\u00adwegs nur der mess\u00adbare Schall\u00addruck\u00adpegel ausschlag\u00adge\u00adbend, sondern das&nbsp;<strong>mensch\u00adliche Ger\u00e4usch\u00ademp\u00adfinden<\/strong>&nbsp;und hier kommt die Psycho\u00adakustik mit ihren Unter\u00adsu\u00adchungs\u00adme\u00adthoden ins Spiel.<\/p>\n\n\n\n<div class=\"wp-block-buttons is-layout-flex wp-block-buttons-is-layout-flex\">\n<div class=\"wp-block-button\"><a class=\"wp-block-button__link has-white-color has-text-color has-background has-link-color has-custom-font-size wp-element-button\" href=\"https:\/\/mag.ebmpapst.com\/de\/branchen\/heizung\/soundcheck-fuer-waermepumpen-psychoakustik-fuer-minimale-geraeuschentwicklung_27676\/\" style=\"background-color:#0072bb;font-size:16px\">Zum Artikel <i class=\"mgznkr-icon fa fa-chevron-right fas\"><\/i><\/a><\/div>\n<\/div>\n<\/div><\/div>\n\n\n\n<div style=\"height:60px\" aria-hidden=\"true\" class=\"wp-block-spacer\"><\/div>\n\n\n\n<p>Die andere M\u00f6glich\u00adkeit besteht darin, die Wirbel\u00adst\u00e4rke <span class=\"arr-top\">\u03c9<\/span> \u00fcber die Kontur der Schau\u00adfeln zu verrin\u00adgern. Hierzu wird im Spalt\u00adbe\u00adreich die Schaufel abge\u00adrundet und die vom Spalt\u00adstrom \u00fcber\u00adstr\u00f6mten Kanten werden entfernt \u2013 \u00e4hnlich den Wing\u00adlets an Flug\u00adzeug\u00adfl\u00fc\u00adgeln. Diese Schau\u00adfeln weisen nur auf der Austritts\u00adseite der Spalt\u00adstr\u00f6\u00admung eine Kante auf, deshalb f\u00e4llt die Wirbel\u00adbil\u00addung deut\u00adlich geringer aus man beein\u00adflusst den Gradi\u00aden\u00adten\u00advektor (Nabla-Operator <span class=\"arr-top\"><small>\u2207<\/small><\/span> = \u2202\/\u2202x, \u2202\/\u2202y, \u2202\/\u2202z) = Vektor der Rich\u00adtungs\u00adab\u00adlei\u00adtungen).<\/p>\n\n\n<div class=\"wp-block-image xxtra wp-image-16546 size-large\">\n<figure class=\"aligncenter size-full is-resized\"><img loading=\"lazy\" decoding=\"async\" width=\"1024\" height=\"397\" src=\"https:\/\/ebmpapst-7237.kxcdn.com\/de\/files\/2017\/02\/Akustik-Axialventilator-1.jpg\" alt class=\"wp-image-16546\" style=\"width:650px\" srcset=\"https:\/\/ebmpapst-7237.kxcdn.com\/de\/files\/2017\/02\/Akustik-Axialventilator-1.jpg 1024w, https:\/\/ebmpapst-7237.kxcdn.com\/de\/files\/2017\/02\/Akustik-Axialventilator-1-260x101.jpg 260w, https:\/\/ebmpapst-7237.kxcdn.com\/de\/files\/2017\/02\/Akustik-Axialventilator-1-660x256.jpg 660w, https:\/\/ebmpapst-7237.kxcdn.com\/de\/files\/2017\/02\/Akustik-Axialventilator-1-768x298.jpg 768w, https:\/\/ebmpapst-7237.kxcdn.com\/de\/files\/2017\/02\/Akustik-Axialventilator-1-960x372.jpg 960w, https:\/\/ebmpapst-7237.kxcdn.com\/de\/files\/2017\/02\/Akustik-Axialventilator-1-450x174.jpg 450w, https:\/\/ebmpapst-7237.kxcdn.com\/de\/files\/2017\/02\/Akustik-Axialventilator-1-300x116.jpg 300w\" sizes=\"auto, (max-width: 1024px) 100vw, 1024px\"><figcaption class=\"wp-element-caption\">Im Bereich des Kopf\u00adspalts inter\u00adagiert die Str\u00f6\u00admung mit den vorhan\u00addenen Kanten, der Schau\u00adfel\u00adober\u00adfl\u00e4che und der umge\u00adbenden Geh\u00e4u\u00adse\u00adwand. Es bildet sich in Abh\u00e4n\u00adgig\u00adkeit von der Gestal\u00adtung ein unter\u00adschied\u00adlich starker Kopf\u00adspalt\u00adwirbel aus.<\/figcaption><\/figure>\n<\/div>\n\n\n<p>Welche Wing\u00adlet\u00adgeo\u00adme\u00adtrie f\u00fcr welchen Axial\u00adven\u00adti\u00adlator am besten geeignet ist, wird von dem ben\u00f6\u00adtigten Abstand zwischen rotie\u00adrendem (Schaufel) und stehendem Bauteil (Wand\u00adring) bestimmt. Das Zusam\u00admen\u00adspiel der beiden Kompo\u00adnenten ist entschei\u00addend und die Geome\u00adtrien m\u00fcssen aufein\u00adander abge\u00adstimmt sein, um opti\u00admale Ergeb\u00adnisse erzielen zu k\u00f6nnen. Ein gutes Beispiel hierf\u00fcr liefern die AxiBlade-Axial\u00adven\u00adti\u00adla\u00adtoren aus einem glas\u00adfa\u00adser\u00adver\u00adst\u00e4rkten Kunst\u00adstoff. Er bietet die M\u00f6glich\u00adkeit, die Wing\u00adlet\u00adform auf das Zusam\u00admen\u00adspiel mit der neu entwi\u00adckelten Wandring\u00adgeo\u00adme\u00adtrie abzu\u00adstimmen, wodurch die Ger\u00e4u\u00adschen\u00adste\u00adhung im Spalt redu\u00adziert wird.<\/p>\n","protected":false},"excerpt":{"rendered":"<p>Die Rota\u00adtion des Geschwin\u00addig\u00adkeits\u00adfeldes ergibt sich als Kreuz\u00adpro\u00addukt des Vektors der Rich\u00adtungs\u00adab\u00adlei\u00adtungen (\u2207) und des Geschwin\u00addig\u00adkeits\u00advek\u00adtors (v). Sie gibt an, wie schnell oder stark ein Wirbel im Str\u00f6\u00admungs\u00adfeld um sein Zentrum rotiert. Durch \u00c4nde\u00adrungen der Geome\u00adtrie des Fl\u00fcgels im Spalt\u00adbe\u00adreich l\u00e4sst sich die Wirbel\u00adst\u00e4rke beein\u00adflussen. Dabei steigt das Ger\u00e4usch mit zuneh\u00admender Wirbel\u00adst\u00e4rke. Bei Axial\u00adven\u00adti\u00adla\u00adtoren kommt [\u2026]<\/p>\n","protected":false},"author":17,"featured_media":0,"comment_status":"open","ping_status":"closed","sticky":false,"template":"","format":"standard","meta":{"_acf_changed":false,"wp_typography_post_enhancements_disabled":false,"footnotes":""},"categories":[15],"tags":[113],"class_list":["post-16442","post","type-post","status-publish","format-standard","hentry","category-ventilatoren","tag-akustik"],"acf":[],"_links":{"self":[{"href":"https:\/\/mag.ebmpapst.com\/de\/wp-json\/wp\/v2\/posts\/16442","targetHints":{"allow":["GET"]}}],"collection":[{"href":"https:\/\/mag.ebmpapst.com\/de\/wp-json\/wp\/v2\/posts"}],"about":[{"href":"https:\/\/mag.ebmpapst.com\/de\/wp-json\/wp\/v2\/types\/post"}],"author":[{"embeddable":true,"href":"https:\/\/mag.ebmpapst.com\/de\/wp-json\/wp\/v2\/users\/17"}],"replies":[{"embeddable":true,"href":"https:\/\/mag.ebmpapst.com\/de\/wp-json\/wp\/v2\/comments?post=16442"}],"version-history":[{"count":33,"href":"https:\/\/mag.ebmpapst.com\/de\/wp-json\/wp\/v2\/posts\/16442\/revisions"}],"predecessor-version":[{"id":39787,"href":"https:\/\/mag.ebmpapst.com\/de\/wp-json\/wp\/v2\/posts\/16442\/revisions\/39787"}],"wp:attachment":[{"href":"https:\/\/mag.ebmpapst.com\/de\/wp-json\/wp\/v2\/media?parent=16442"}],"wp:term":[{"taxonomy":"category","embeddable":true,"href":"https:\/\/mag.ebmpapst.com\/de\/wp-json\/wp\/v2\/categories?post=16442"},{"taxonomy":"post_tag","embeddable":true,"href":"https:\/\/mag.ebmpapst.com\/de\/wp-json\/wp\/v2\/tags?post=16442"}],"curies":[{"name":"wp","href":"https:\/\/api.w.org\/{rel}","templated":true}]}}