{"id":10053,"date":"2014-03-05T10:35:35","date_gmt":"2014-03-05T09:35:35","guid":{"rendered":"https:\/\/mag.ebmpapst.com\/de\/?p=10053"},"modified":"2024-02-21T11:00:07","modified_gmt":"2024-02-21T10:00:07","slug":"erp-2015-kunden-ventilatoren","status":"publish","type":"post","link":"https:\/\/mag.ebmpapst.com\/de\/einblicke\/erp-2015-kunden-ventilatoren_10053\/","title":{"rendered":"Stren\u00adgere Vorgaben, starke Auswir\u00adkungen"},"content":{"rendered":"<p>In diesem Artikel m\u00f6chte ich die ErP-Richt\u00adlinie einmal aus der Sicht unserer Kunden betrachten, die sich bem\u00fchen, die Vorgaben zu erf\u00fcllen. Die Richt\u00adlinie betrifft durch die Bank alle Bran\u00adchen, in denen Venti\u00adla\u00adtoren als zentrale Kompo\u00adnente einge\u00adsetzt werden. Die Direk\u00adtive 2009\/125\/CE und ihre Verord\u00adnung 327\/2011 werden das Design vieler Ger\u00e4te unserer Kunden drama\u00adtisch ver\u00e4n\u00addern.<\/p>\n<p>Bislang entwi\u00adckelten die Hersteller L\u00f6sungen, die auf der einen Seite die gefor\u00adderte Leis\u00adtung erbrachten, und auf der anderen Seite am kosten\u00adef\u00adfi\u00adzi\u00aden\u00adtesten war. So forderten Kunden beispiels\u00adweise, den spezi\u00adellen Grund\u00adriss einer Maschine durch die Konstruk\u00adtion eines Wand\u00adrings zu errei\u00adchen, der mit seinem Radius auf der saugenden Seite vom Stan\u00addard abweicht, aufgrund von marken\u00adspe\u00adzi\u00adfi\u00adschen Vorgaben \u00fcber eine gro\u00dfe Band\u00adbreite unter\u00adschied\u00adli\u00adcher Produkte dieselbe Form beh\u00e4lt oder nur eine beschr\u00e4nkte H\u00f6he erlaubt, um die Maschine besser in einem Container trans\u00adpor\u00adtieren zu k\u00f6nnen. Als Ergebnis wurden Axial\u00adven\u00adti\u00adla\u00adtoren mit einge\u00adbauten D\u00fcsen f\u00fcr flache Maschinen oder \u00c4hnli\u00adches kombi\u00adniert.<\/p>\n<div id=\"attachment_10077\" class=\"wp-caption alignright\" style=\"width: 275px\"><a title=\"Mit dem AxiCool locker die ErP 2015-H\u00fcrde nehmen\" href=\"https:\/\/ebmpapst-7237.kxcdn.com\/de\/files\/2014\/03\/AxiCool.jpg\"><img loading=\"lazy\" decoding=\"async\" class=\"size-medium wp-image-10077 \" title=\"Foto | ebm-papst\" alt=\"AxiCool\" src=\"https:\/\/ebmpapst-7237.kxcdn.com\/de\/files\/2014\/03\/AxiCool-275x210.jpg\" width=\"275\" height=\"210\" srcset=\"https:\/\/ebmpapst-7237.kxcdn.com\/de\/files\/2014\/03\/AxiCool-275x210.jpg 275w, https:\/\/ebmpapst-7237.kxcdn.com\/de\/files\/2014\/03\/AxiCool.jpg 578w\" sizes=\"auto, (max-width: 275px) 100vw, 275px\"><\/a><div class=\"wp-caption-border\"><p class=\"wp-caption-text\">Mit dem AxiCool locker die ErP 2015-H\u00fcrde nehmen<\/p><\/div><\/div>\n<p>Mit dem Eintreten der ersten Stufe von Effi\u00adzi\u00adenz\u00adzielen im Januar 2013 waren Ger\u00e4\u00adte\u00adher\u00adsteller und ihre Venti\u00adla\u00adto\u00adren\u00adlie\u00adfe\u00adranten gezwungen, ihr Produkt\u00adport\u00adfolio detail\u00adliert zu unter\u00adsu\u00adchen, um zu erkennen, wo eine Neukon\u00adzep\u00adtion ganzer Einheiten notwendig wird. Grund daf\u00fcr ist, dass die Verord\u00adnung den Venti\u00adlator als System aus L\u00fcfterrad, Geh\u00e4use und Zubeh\u00f6r wie beispiels\u00adweise einem Wand\u00adring betrachtet, das ben\u00f6\u00adtigt wird, um ein gewisses Ma\u00df an Effi\u00adzienz zu sichern. Folg\u00adlich bindet das den Venti\u00adlator strikt an die Bedin\u00adgungen, die seinen Effi\u00adzi\u00adenz\u00adgrad bestimmen.<\/p>\n<p>Die Konse\u00adquenz daraus ist, dass wir als Liefe\u00adranten \u00fcber\u00adpr\u00fcfen m\u00fcssen, ob unsere Kompo\u00adnenten noch den Richt\u00adli\u00adnien entspre\u00adchen, die Kunden aber f\u00fcr die Zerti\u00adfi\u00adzie\u00adrung des Venti\u00adla\u00adtors verant\u00adwort\u00adlich werden, wenn sie beispiels\u00adweise den Wand\u00adring selbst produ\u00adzieren. Denn laut Direk\u00adtive werden sie dadurch auch zu Venti\u00adla\u00adto\u00adren\u00adher\u00adstel\u00adlern.<\/p>\n<p>Die bis Ende 2014 g\u00fcltigen Vorgaben waren dabei noch nicht so schwer einzu\u00adhalten. Das wird sich ab Januar 2015 voll\u00adst\u00e4ndig \u00e4ndern, wenn die zweite Stufe der Richt\u00adlinie in Kraft tritt und neue, strenge Vorgaben starke Auswir\u00adkungen zeitigen werden. Wenige Prozent\u00adpunkte an h\u00f6herer Effi\u00adzienz werden daf\u00fcr sorgen, dass viele der eingangs genannten Designs vom Markt verschwinden werden. Letzt\u00adlich wird das zu einer Verein\u00adheit\u00adli\u00adchung der ange\u00adbo\u00adtenen L\u00f6sungen f\u00fchren.<\/p>\n<div style=\"background: #dfe3e7; width: 480px; margin: 4px 0 20px 20px; padding: 20px 20px 12px 20px;\">\n<h4>Wie geht ebm-papst damit um?<\/h4>\n<p>Unter\u00adst\u00fct\u00adzung von der Analyse bis zum Design, um die best\u00adm\u00f6g\u00adliche L\u00f6sung zu finden. Wo sich das nicht rechnet, bieten sich diverse Stan\u00addard\u00adpro\u00addukte an, die beim Errei\u00adchen der Effi\u00adzi\u00adenz\u00advor\u00adgaben helfen:<\/p>\n<p>Mit dem AxiCool lassen sich ohne Entwick\u00adlungs\u00adauf\u00adwand und neue Werk\u00adzeuge Ener\u00adgie\u00adfresser auf das Niveau von ErP 2015 heben. Ein Beispiel: Ziel f\u00fcr A4E350AP0601 ist ein \u03b7&nbsp;im besten Effi\u00adzi\u00adenz\u00adpunkt von 28,6 Prozent \u2013 weit entfernt von den 25,9 Prozent, die die aktu\u00adelle Ausf\u00fch\u00adrung erreicht. Das \u0394 2,7 wird durch W4E350JN0230 \u00fcber\u00adwunden.<\/p>\n<p>Die Umstel\u00adlung von AC- auf EC-Tech\u00adno\u00adlogie garan\u00adtiert das Errei\u00adchen der ErP-2015-Vorgaben, und rechnet sich durch den nied\u00adri\u00adgeren Ener\u00adgie\u00adver\u00adbrauch sehr schnell.<\/p>\n<\/div>\n<p><!-- tfixxx --><\/p>\n<p><a href=\"http:\/\/www.ebmpapst.com\/de\/products\/erpdata\/erp.php\" target=\"_blank\" rel=\"noopener noreferrer\">Erfahren Sie mehr zu ErP<\/a><\/p>\n","protected":false},"excerpt":{"rendered":"<p>In diesem Artikel m\u00f6chte ich die ErP-Rich\u00adt\u00ad\u00adlinie einmal aus der Sicht unserer Kunden betrachten, die sich bem\u00fchen, die Vorgaben zu erf\u00fcllen. Die Richt\u00adlinie betrifft durch die Bank alle Bran\u00adchen, in denen Venti\u00adla\u00adtoren als zentrale Kompo\u00adnente einge\u00adsetzt werden. Die Direk\u00adtive 2009\/125\/CE und ihre Verord\u00adnung 327\/2011 werden das Design vieler Ger\u00e4te unserer Kunden drama\u00adtisch ver\u00e4n\u00addern. Bislang entwi\u00adckelten [\u2026]<\/p>\n","protected":false},"author":12,"featured_media":0,"comment_status":"open","ping_status":"open","sticky":false,"template":"","format":"standard","meta":{"_acf_changed":false,"wp_typography_post_enhancements_disabled":false,"footnotes":""},"categories":[4,8,15],"tags":[],"class_list":["post-10053","post","type-post","status-publish","format-standard","hentry","category-einblicke","category-kaelte-klima","category-ventilatoren"],"acf":[],"_links":{"self":[{"href":"https:\/\/mag.ebmpapst.com\/de\/wp-json\/wp\/v2\/posts\/10053","targetHints":{"allow":["GET"]}}],"collection":[{"href":"https:\/\/mag.ebmpapst.com\/de\/wp-json\/wp\/v2\/posts"}],"about":[{"href":"https:\/\/mag.ebmpapst.com\/de\/wp-json\/wp\/v2\/types\/post"}],"author":[{"embeddable":true,"href":"https:\/\/mag.ebmpapst.com\/de\/wp-json\/wp\/v2\/users\/12"}],"replies":[{"embeddable":true,"href":"https:\/\/mag.ebmpapst.com\/de\/wp-json\/wp\/v2\/comments?post=10053"}],"version-history":[{"count":1,"href":"https:\/\/mag.ebmpapst.com\/de\/wp-json\/wp\/v2\/posts\/10053\/revisions"}],"predecessor-version":[{"id":31592,"href":"https:\/\/mag.ebmpapst.com\/de\/wp-json\/wp\/v2\/posts\/10053\/revisions\/31592"}],"wp:attachment":[{"href":"https:\/\/mag.ebmpapst.com\/de\/wp-json\/wp\/v2\/media?parent=10053"}],"wp:term":[{"taxonomy":"category","embeddable":true,"href":"https:\/\/mag.ebmpapst.com\/de\/wp-json\/wp\/v2\/categories?post=10053"},{"taxonomy":"post_tag","embeddable":true,"href":"https:\/\/mag.ebmpapst.com\/de\/wp-json\/wp\/v2\/tags?post=10053"}],"curies":[{"name":"wp","href":"https:\/\/api.w.org\/{rel}","templated":true}]}}